{"id":15630,"date":"2026-04-24T12:16:38","date_gmt":"2026-04-24T12:16:38","guid":{"rendered":"https:\/\/caritasrwanda.org\/fr\/?p=15630"},"modified":"2026-04-24T12:16:38","modified_gmt":"2026-04-24T12:16:38","slug":"caritas-rwanda-a-fait-une-seance-de-sensibilisation-au-grand-seminaire-saint-joseph-de-rutongo","status":"publish","type":"post","link":"https:\/\/caritasrwanda.org\/fr\/caritas-rwanda-a-fait-une-seance-de-sensibilisation-au-grand-seminaire-saint-joseph-de-rutongo\/","title":{"rendered":"Caritas Rwanda a fait une s\u00e9ance de sensibilisation au Grand S\u00e9minaire Saint Joseph de Rutongo"},"content":{"rendered":"<p>Dans le cadre de promouvoir l\u2019Esprit Caritas, au 22 avril, Caritas Rwanda a anim\u00e9 une s\u00e9ance de sensibilisation aux \u0153uvres de la charit\u00e9 au Grand S\u00e9minaire Saint Joseph de Rutongo.<\/p>\n<p>Dans son intervention, S\u0153ur Gaudiose Nyiraneza, charg\u00e9e d\u2019Animation et de Formation au sein du D\u00e9partement des Oeuvres Socio-Caritatives de Caritas Rwanda, a pr\u00e9sent\u00e9 l\u2019historique de Caritas tant au niveau mondial que national. Elle a \u00e9galement livr\u00e9 un message invitant chacun \u00e0 adopter un esprit de d\u00e9vouement envers les plus vuln\u00e9rable, qui constitue l\u2019essence m\u00eame de Caritas. Comme elle l\u2019a expliqu\u00e9, Caritas signifie l\u2019amour du prochain.<\/p>\n<p>S\u0153ur Gaudiose a \u00e9galement expliqu\u00e9 le concept du Mois de la Charit\u00e9 et de la Mis\u00e9ricorde (ao\u00fbt), institu\u00e9 par les Ev\u00eaques Catholiques du Rwanda en 1997. Durant le mois d\u2019ao\u00fbt, les chr\u00e9tiens ainsi que toute personne de bonne volont\u00e9 apportent leur contribution \u00e0 travers les Caritas de communaut\u00e9s \u00e9ccl\u00e9siales de base et autres structures de Caritas. Cette initiative vise \u00e0 mobiliser des ressources pour venir en aide aux victimes de catastrophes, au Rwanda comme \u00e0 l\u2019\u00e9tranger (Caritas Nyarwanda).<\/p>\n<figure id=\"attachment_15632\" aria-describedby=\"caption-attachment-15632\" style=\"width: 2560px\" class=\"wp-caption alignnone\"><img loading=\"lazy\" decoding=\"async\" class=\"size-full wp-image-15632\" src=\"https:\/\/caritasrwanda.org\/fr\/wp-content\/uploads\/2026\/04\/162A9298-scaled.jpg\" alt=\"\" width=\"2560\" height=\"1707\" \/><figcaption id=\"caption-attachment-15632\" class=\"wp-caption-text\">Soeur Gaudiose, charg\u00e9 d&#8217;Animation et de Formation au sein du D\u00e9partement Des Oeuvres Socio-Caritative de Caritas Rwanda, en train de faire la pr\u00e9sentation.<\/figcaption><\/figure>\n<p>A l\u2019issue de cette pr\u00e9sentation, les s\u00e9minaristes ont pos\u00e9 plusieurs questions pour mieux comprendre la mission de Caritas. Certaines portaient notamment sur les autres sources de financement de Caritas Rwanda, en dehors des contributions des chr\u00e9tiens et autres personnes de bonne volont\u00e9. Elle leur a \u00e9t\u00e9 r\u00e9pondu que ces derniers constituent les partenaires principaux de Caritas, mais que Caritas Rwanda dispose \u00e9galement d\u2019activit\u00e9s g\u00e9n\u00e9ratrices de revenus pouvant servir en cas de besoin.<\/p>\n<p>Les s\u00e9minaristes ont aussi pos\u00e9 la question des crit\u00e8res de s\u00e9l\u00e9ction pour pour obtenir l\u2019aire scolaire au sein de Caritas des enfants issus de familles vuln\u00e9rables, certains n\u2019ayant pas la possibilit\u00e9 de poursuivre leurs \u00e9tudes. S\u0153ur Gaudiose a expliqu\u00e9 que cela n\u00e9cessite un travail de plaidoyer \u00e0 partir des Caritas de communaut\u00e9s \u00e9ccl\u00e9siales de base, avec une analyse des cas, suivie d\u2019une remont\u00e9e au niveau des Caritas paroissiales et dioc\u00e9saines, afin que ces enfants n\u00e9cessitant une aide puissent en b\u00e9n\u00e9ficier.<\/p>\n<p>Abb\u00e9 Marc Nizeyimana, Recteur du Grand S\u00e9minaire Saint Joseph de Rutongo, a remerci\u00e9 Caritas pour ces connaissances partag\u00e9es avec les s\u00e9minaristes. Il a soulign\u00e9 l\u2019importance de la doctrine sociale de l\u2019Eglise, qu\u2019ils continueront \u00e0 approfondir dans leurs \u00e9tudes, notamment en lien avec la dimension caritative, que le Pape Fran\u00e7ois a d\u00e9crite comme \u00e9tant le c\u0153ur de l\u2019Eglise.<\/p>\n<figure id=\"attachment_15633\" aria-describedby=\"caption-attachment-15633\" style=\"width: 2560px\" class=\"wp-caption alignnone\"><img loading=\"lazy\" decoding=\"async\" class=\"size-full wp-image-15633\" src=\"https:\/\/caritasrwanda.org\/fr\/wp-content\/uploads\/2026\/04\/162A9356-scaled.jpg\" alt=\"\" width=\"2560\" height=\"1707\" \/><figcaption id=\"caption-attachment-15633\" class=\"wp-caption-text\">Abb\u00e9 Marc Nizeyimana, Recteur du Grand S\u00e9minaire Saint Joseph de Rutongo.<\/figcaption><\/figure>\n<p>Les s\u00e9minaristes ont \u00e9galement partag\u00e9 avec Caritas Rwanda qu\u2019ils m\u00e8nent d\u00e9j\u00e0 des oeuvres de charit\u00e9 entre eux, ce qui constitue une \u00e9tape importante dans la promotion d\u2019une culture de solidarit\u00e9 et d\u2019amour du prochain.<\/p>\n<p>Caritas Rwanda organise ce type de sensibilisation dans les Grands S\u00e9minaires et les universit\u00e9s, conform\u00e9ment aux recommandations des Ev\u00eaques Catholiques du Rwanda. Quant aux Caritas dioc\u00e9saines, elles m\u00e8nent ces activit\u00e9s dans les \u00e9coles secondaires et primaires.<\/p>\n","protected":false},"excerpt":{"rendered":"<p>On the 3rd of June, the steering committee meeting of the Slovenia Government and Karitas Slovenija-funded Tube Aheza, Amazi Hafi Project was held at Home Saint-Jean. The meeting was graced by the Karongi district Vice Mayor in charge of Finance and Economic Development Mr NIRAGIRE Th\u00e9ophile, Mr NIYONSABA Cyriack, the Executive Secretary of the Rugabano sector and priests from the Gisovu, Nyange and Mukungu parishes located in the sectors<\/p>\n","protected":false},"author":1,"featured_media":15631,"comment_status":"open","ping_status":"open","sticky":false,"template":"","format":"standard","meta":{"footnotes":""},"categories":[30],"tags":[7,10],"class_list":["post-15630","post","type-post","status-publish","format-standard","has-post-thumbnail","hentry","category-news","tag-business","tag-travel"],"_links":{"self":[{"href":"https:\/\/caritasrwanda.org\/fr\/wp-json\/wp\/v2\/posts\/15630","targetHints":{"allow":["GET"]}}],"collection":[{"href":"https:\/\/caritasrwanda.org\/fr\/wp-json\/wp\/v2\/posts"}],"about":[{"href":"https:\/\/caritasrwanda.org\/fr\/wp-json\/wp\/v2\/types\/post"}],"author":[{"embeddable":true,"href":"https:\/\/caritasrwanda.org\/fr\/wp-json\/wp\/v2\/users\/1"}],"replies":[{"embeddable":true,"href":"https:\/\/caritasrwanda.org\/fr\/wp-json\/wp\/v2\/comments?post=15630"}],"version-history":[{"count":1,"href":"https:\/\/caritasrwanda.org\/fr\/wp-json\/wp\/v2\/posts\/15630\/revisions"}],"predecessor-version":[{"id":15634,"href":"https:\/\/caritasrwanda.org\/fr\/wp-json\/wp\/v2\/posts\/15630\/revisions\/15634"}],"wp:featuredmedia":[{"embeddable":true,"href":"https:\/\/caritasrwanda.org\/fr\/wp-json\/wp\/v2\/media\/15631"}],"wp:attachment":[{"href":"https:\/\/caritasrwanda.org\/fr\/wp-json\/wp\/v2\/media?parent=15630"}],"wp:term":[{"taxonomy":"category","embeddable":true,"href":"https:\/\/caritasrwanda.org\/fr\/wp-json\/wp\/v2\/categories?post=15630"},{"taxonomy":"post_tag","embeddable":true,"href":"https:\/\/caritasrwanda.org\/fr\/wp-json\/wp\/v2\/tags?post=15630"}],"curies":[{"name":"wp","href":"https:\/\/api.w.org\/{rel}","templated":true}]}}