{"id":15593,"date":"2026-02-17T11:53:16","date_gmt":"2026-02-17T11:53:16","guid":{"rendered":"https:\/\/caritasrwanda.org\/fr\/?p=15593"},"modified":"2026-02-18T09:09:52","modified_gmt":"2026-02-18T09:09:52","slug":"le-projet-tunga-officiellement-lance-dans-le-district-de-kirehe","status":"publish","type":"post","link":"https:\/\/caritasrwanda.org\/fr\/le-projet-tunga-officiellement-lance-dans-le-district-de-kirehe\/","title":{"rendered":"Le projet Tunga officiellement lanc\u00e9 dans le District de Kirehe"},"content":{"rendered":"<p>En partenariat avec le district de Kirehe, Caritas Rwanda et Caritas Kibungo ont officiellement lanc\u00e9 le Projet <em>Tunga<\/em>, un programme de trois ans financ\u00e9 par le Minist\u00e8re Slov\u00e8ne des Affaires Etrang\u00e8res et Europ\u00e9ennes et Caritas Slov\u00e9nie. Ce projet vise \u00e0 am\u00e9liorer les conditions de vie de 3.500 m\u00e9nages vuln\u00e9rables. La c\u00e9r\u00e9monie officielle de lancement s\u2019est tenue le 13 f\u00e9vrier 2026 dans la salle de r\u00e9union du district de Kirehe.<\/p>\n<p>Le projet Tunga vise \u00e0 renforcer l\u2019autonomisation des femmes et \u00e0 am\u00e9liorer la sant\u00e9 et la qualit\u00e9 de vie des membres de m\u00e9nages vuln\u00e9rables dans les secteurs de Mahama, Mushikiri et Kigarama du district de Kirehe en am\u00e9liorant la s\u00e9curit\u00e9 alimentaire, la r\u00e9silience climatique, les opportunit\u00e9s \u00e9conomiques, l\u2019acc\u00e8s \u00e0 l\u2019eau potable et \u00e0 l\u2019hygi\u00e8ne, et en pr\u00e9venant la violence bas\u00e9e sur le genre.<\/p>\n<p>Ce projet a d\u00e9but\u00e9 en janvier 2026 et prendra fin en septembre 2028. Il b\u00e9n\u00e9ficiera \u00e0 3.500 m\u00e9nages vuln\u00e9rables, dont 500 du Camp de r\u00e9fugi\u00e9s de Mahama et 3.000 issus des secteurs de Mahama, Kigarama et Mushikiri dans le district de Kirehe.<\/p>\n<p>Selon le coordinateur du projet, Emmanuel Uwiragiye, les principales activit\u00e9s pr\u00e9vues comprennent des formations en agriculture moderne et intelligente face au climat \u00e0 travers des champs \u00e9coles paysans, la distribution de b\u00e9tail et de semences am\u00e9lior\u00e9es, la mise en place de groupes d\u2019\u00e9pargne et de cr\u00e9dit, la fourniture de fonds de d\u00e9marrage pour cr\u00e9er des activit\u00e9s g\u00e9n\u00e9ratrices de revenus, ainsi que la provision de l\u2019eau potable aux communaut\u00e9s.<\/p>\n<p>En ce qui concerne cette agriculture moderne, le projet Tunga utilisera des drones pour r\u00e9aliser des cartographies qui permettront aux agriculteurs d&#8217;acc\u00e9der \u00e0 des informations en temps voulu, facilitant ainsi l&#8217;adaptation de leurs m\u00e9thodes agricoles aux conditions m\u00e9t\u00e9orologiques.<\/p>\n<figure id=\"attachment_15595\" aria-describedby=\"caption-attachment-15595\" style=\"width: 2560px\" class=\"wp-caption alignnone\"><img loading=\"lazy\" decoding=\"async\" class=\"size-full wp-image-15595\" src=\"https:\/\/caritasrwanda.org\/fr\/wp-content\/uploads\/2026\/02\/162A7585-scaled.jpg\" alt=\"\" width=\"2560\" height=\"1707\" \/><figcaption id=\"caption-attachment-15595\" class=\"wp-caption-text\">Pr\u00e9sentation des activit\u00e9s du projet par Emmanuel Uwiragiye, le coordinateur du projet.<\/figcaption><\/figure>\n<p><strong>C&#8217;\u00e9tait une c\u00e9r\u00e9monie dynamique<\/strong><\/p>\n<p>Apr\u00e8s la pr\u00e9sentation des activit\u00e9s pr\u00e9vues, les participants ont pos\u00e9 plusieurs questions, notamment sur les crit\u00e8res de s\u00e9lection des participants, la collaboration avec la soci\u00e9t\u00e9 nationale de distribution d\u2019eau potable WASAC, et la prise en compte de la superficie des terres agricoles lors de la s\u00e9l\u00e9ction de participants.<\/p>\n<p>En r\u00e9ponse, l\u2019\u00e9quipe du projet Tunga et celle de Caritas Rwanda ont pr\u00e9cis\u00e9 que la s\u00e9lection des paricipants sera fait en \u00e9troite collaboration avec les autorit\u00e9s locales, en donnant la priorit\u00e9 aux m\u00e9nages les plus vuln\u00e9rables. Ils ont confirm\u00e9 que le projet collaborera avec WASAC pour am\u00e9liorer l\u2019acc\u00e8s \u00e0 l\u2019eau potable et que les discussions sont d\u00e9j\u00e0 en cours. Concernant l\u2019\u00e9tendue des terres, ils ont indiqu\u00e9 que la possession de grandes superficies n\u2019est pas un crit\u00e8re, les participants \u00e9tant majoritairement des m\u00e9nages vuln\u00e9rables disposant des champs de petites \u00e9tendues.<\/p>\n<figure id=\"attachment_15597\" aria-describedby=\"caption-attachment-15597\" style=\"width: 2560px\" class=\"wp-caption alignnone\"><img loading=\"lazy\" decoding=\"async\" class=\"size-full wp-image-15597\" src=\"https:\/\/caritasrwanda.org\/fr\/wp-content\/uploads\/2026\/02\/162A7611-scaled.jpg\" alt=\"\" width=\"2560\" height=\"1707\" \/><figcaption id=\"caption-attachment-15597\" class=\"wp-caption-text\">Les participants ont manifest\u00e9 leur int\u00e9r\u00eat pour le projet Tunga en posant des questions.<\/figcaption><\/figure>\n<p>Les participants ont \u00e9galement soulev\u00e9 la question relative \u00e0 savoir comment seule les m\u00e9nages vuln\u00e9rables vont b\u00e9n\u00e9ficier des infrastructures d\u2019eau. L\u2019\u00e9quipe du projet a expliqu\u00e9 que, bien que les m\u00e9nages vuln\u00e9rables soient la cible principale, certaines r\u00e9alisations profiteront \u00e9galement aux autres habitants.<\/p>\n<p>S\u2019agissant des r\u00e9fugi\u00e9s ne disposant pas de terres agricoles, il a \u00e9t\u00e9 pr\u00e9cis\u00e9 que des champs de d\u00e9monstration seront mis en place afin de permettre aux participants d\u2019apprendre et de mettre en pratique les techniques agricoles am\u00e9lior\u00e9es dans leurs petits champs. Les r\u00e9fugi\u00e9s pourront \u00e9galement louer des terres en dehors du camp pour appliquer les connaissances acquises.<\/p>\n<p><strong>Le partenariat, cl\u00e9 de la r\u00e9ussite du projet<\/strong><\/p>\n<p>Dans son intervention, Prosper Sebagenzi, charg\u00e9 de programme \u00e0 la Caritas Rwanda, a salu\u00e9 la bonne collaboration existante entre Caritas Rwanda, le district de Kirehe et les autorit\u00e9s locales, soulignant que ce partenariat est essentiel pour la mise en \u0153uvre efficace du projet Tunga. Il a exprim\u00e9 sa confiance quant \u00e0 l\u2019impact positif et durable du projet.<\/p>\n<figure id=\"attachment_15596\" aria-describedby=\"caption-attachment-15596\" style=\"width: 2560px\" class=\"wp-caption alignnone\"><img loading=\"lazy\" decoding=\"async\" class=\"size-full wp-image-15596\" src=\"https:\/\/caritasrwanda.org\/fr\/wp-content\/uploads\/2026\/02\/162A7605-scaled.jpg\" alt=\"\" width=\"2560\" height=\"1707\" \/><figcaption id=\"caption-attachment-15596\" class=\"wp-caption-text\">Prosper Sebagenzi, Directeur des programmes \/ Caritas Rwanda.<\/figcaption><\/figure>\n<p>Il a \u00e9galement fait r\u00e9f\u00e9rence \u00e0 l\u2019encyclique du Pape Fran\u00e7ois <em>Laudato Si\u2019<\/em>, qui appelle \u00e0 la protection de l\u2019environnement et \u00e0 la responsabilit\u00e9 envers les g\u00e9n\u00e9rations futures. Le projet Tunga s\u2019inscrit ainsi dans une approche de d\u00e9veloppement durable et respectueuse de l\u2019environnement.<\/p>\n<p>Le Secr\u00e9taire Ex\u00e9cutif int\u00e9rimaire du district de Kirehe, Monsieur Joel Ndayambaje, a d\u00e9clar\u00e9 que les projets mis en \u0153uvre par l\u2019Eglise Catholique b\u00e9n\u00e9ficient d\u2019un haut niveau de confiance, estim\u00e9 \u00e0 \u201c90 %\u201d, ce qui t\u00e9moigne de l\u2019assurance quant aux r\u00e9sultats attendus du projet Tunga. Il a r\u00e9affirm\u00e9 l\u2019engagement des autorit\u00e9s locales et des organes de s\u00e9curit\u00e9 \u00e0 accompagner le projet, affirmant: <em>\u00ab En tant qu\u2019autorit\u00e9s locales, nous vous assurons de notre pleine collaboration. Partagez-nous les activit\u00e9s pr\u00e9vues afin que nous puissions en assurer le suivi conjointement. \u00bb<\/em><\/p>\n<figure id=\"attachment_15598\" aria-describedby=\"caption-attachment-15598\" style=\"width: 2560px\" class=\"wp-caption alignnone\"><img loading=\"lazy\" decoding=\"async\" class=\"size-full wp-image-15598\" src=\"https:\/\/caritasrwanda.org\/fr\/wp-content\/uploads\/2026\/02\/162A7625-scaled.jpg\" alt=\"\" width=\"2560\" height=\"1707\" \/><figcaption id=\"caption-attachment-15598\" class=\"wp-caption-text\">Monsieur Joel Ndayambaje, Secr\u00e9taire Ex\u00e9cutif int\u00e9rimaire du district de Kirehe.<\/figcaption><\/figure>\n<p>Il a enfin soulign\u00e9 que, si les r\u00e9sultats escompt\u00e9s sont atteints, le projet Tunga contribuera de mani\u00e8re significative \u00e0 la r\u00e9alisation des objectifs du district de Kirehe dans le cadre de la deuxi\u00e8me Strat\u00e9gie Nationale de Transformation (NST2, 2024\u20132029).<\/p>\n","protected":false},"excerpt":{"rendered":"<p>On the 3rd of June, the steering committee meeting of the Slovenia Government and Karitas Slovenija-funded Tube Aheza, Amazi Hafi Project was held at Home Saint-Jean. The meeting was graced by the Karongi district Vice Mayor in charge of Finance and Economic Development Mr NIRAGIRE Th\u00e9ophile, Mr NIYONSABA Cyriack, the Executive Secretary of the Rugabano sector and priests from the Gisovu, Nyange and Mukungu parishes located in the sectors<\/p>\n","protected":false},"author":1,"featured_media":15594,"comment_status":"open","ping_status":"open","sticky":false,"template":"","format":"standard","meta":{"footnotes":""},"categories":[30],"tags":[7,10],"class_list":["post-15593","post","type-post","status-publish","format-standard","has-post-thumbnail","hentry","category-news","tag-business","tag-travel"],"_links":{"self":[{"href":"https:\/\/caritasrwanda.org\/fr\/wp-json\/wp\/v2\/posts\/15593","targetHints":{"allow":["GET"]}}],"collection":[{"href":"https:\/\/caritasrwanda.org\/fr\/wp-json\/wp\/v2\/posts"}],"about":[{"href":"https:\/\/caritasrwanda.org\/fr\/wp-json\/wp\/v2\/types\/post"}],"author":[{"embeddable":true,"href":"https:\/\/caritasrwanda.org\/fr\/wp-json\/wp\/v2\/users\/1"}],"replies":[{"embeddable":true,"href":"https:\/\/caritasrwanda.org\/fr\/wp-json\/wp\/v2\/comments?post=15593"}],"version-history":[{"count":4,"href":"https:\/\/caritasrwanda.org\/fr\/wp-json\/wp\/v2\/posts\/15593\/revisions"}],"predecessor-version":[{"id":15602,"href":"https:\/\/caritasrwanda.org\/fr\/wp-json\/wp\/v2\/posts\/15593\/revisions\/15602"}],"wp:featuredmedia":[{"embeddable":true,"href":"https:\/\/caritasrwanda.org\/fr\/wp-json\/wp\/v2\/media\/15594"}],"wp:attachment":[{"href":"https:\/\/caritasrwanda.org\/fr\/wp-json\/wp\/v2\/media?parent=15593"}],"wp:term":[{"taxonomy":"category","embeddable":true,"href":"https:\/\/caritasrwanda.org\/fr\/wp-json\/wp\/v2\/categories?post=15593"},{"taxonomy":"post_tag","embeddable":true,"href":"https:\/\/caritasrwanda.org\/fr\/wp-json\/wp\/v2\/tags?post=15593"}],"curies":[{"name":"wp","href":"https:\/\/api.w.org\/{rel}","templated":true}]}}