{"id":15586,"date":"2026-02-03T14:34:14","date_gmt":"2026-02-03T14:34:14","guid":{"rendered":"https:\/\/caritasrwanda.org\/fr\/?p=15586"},"modified":"2026-02-03T14:34:14","modified_gmt":"2026-02-03T14:34:14","slug":"atelier-de-rapportage-sur-les-realisations-de-2025-et-de-planification-pour-les-activites-de-2026","status":"publish","type":"post","link":"https:\/\/caritasrwanda.org\/fr\/atelier-de-rapportage-sur-les-realisations-de-2025-et-de-planification-pour-les-activites-de-2026\/","title":{"rendered":"Atelier de rapportage sur les r\u00e9alisations de 2025 et de planification pour les activit\u00e9s de 2026"},"content":{"rendered":"<p>Dans le cadre de la pr\u00e9paration du rapport d&#8217;activit\u00e9s 2025 et de la planification des activit\u00e9s de 2026, Caritas Rwanda et les 10 Caritas Dioc\u00e9saines se sont r\u00e9unies en dates du 29 et 30 janvier 2026 au Centre d&#8217;Accueil Bonne Esp\u00e9rance de Kicukiro. Cette r\u00e9union visait \u00e9galement \u00e0 renforcer la coordination et la synergie au sein de la famille Caritas.<\/p>\n<p>Cet atelier a rassembl\u00e9 les responsables et le personnel des quatre principaux d\u00e9partements de Caritas Rwanda et de Caritas Dioc\u00e9saine\u00a0\u00e0 savoir: (i) Administration et Finances, (ii) Oeuvres Socio-Caritatives, (iii) Sant\u00e9 et (iv) D\u00e9veloppement.<\/p>\n<p>Lors de l&#8217;ouverture officielle de la r\u00e9union, Abb\u00e9 Emmanuel Bamporineza, Secr\u00e9taire G\u00e9n\u00e9ral Adjoint de Caritas Rwanda, qui repr\u00e9sentait le Secr\u00e9taire G\u00e9n\u00e9ral de Caritas Rwanda, a soulign\u00e9 l&#8217;importance de l&#8217;unit\u00e9 au sein de la famille Caritas, rappelant que toutes les Caritas partagent la m\u00eame mission et la m\u00eame vision. <em>\u201cCet exercice est essentiel pour nous permettre de nous compl\u00e9ter mutuellement et d&#8217;atteindre les objectifs que nous nous sommes fix\u00e9s ou ceux qui nous sont confi\u00e9s par les Ev\u00eaques. Il nous aidera \u00e9galement \u00e0 pr\u00e9parer l&#8217;Assembl\u00e9e G\u00e9n\u00e9rale de Caritas Rwanda pr\u00e9vue en mars prochain\u201d<\/em>, a d\u00e9clar\u00e9 Abb\u00e9 Emmanuel.<\/p>\n<figure id=\"attachment_15588\" aria-describedby=\"caption-attachment-15588\" style=\"width: 2560px\" class=\"wp-caption alignnone\"><img loading=\"lazy\" decoding=\"async\" class=\"size-full wp-image-15588\" src=\"https:\/\/caritasrwanda.org\/fr\/wp-content\/uploads\/2026\/02\/162A7400-scaled.jpg\" alt=\"\" width=\"2560\" height=\"1707\" \/><figcaption id=\"caption-attachment-15588\" class=\"wp-caption-text\">Le P\u00e8re Emmanuel Bamporineza, Secr\u00e9taire G\u00e9n\u00e9ral Adjoint de Caritas Rwanda, pronon\u00e7ant son discours.<\/figcaption><\/figure>\n<p>Abb\u00e9 Emmanuel a conclu son intervention en souhaitant la bienvenue \u00e0 tous les participants et en les encourageant \u00e0 contribuer activement par leurs id\u00e9es, leur \u00e9nergie et leur temps pour assurer le succ\u00e8s de la r\u00e9union.<\/p>\n<p>Pour l&#8217;\u00e9laboration du rapport d&#8217;activit\u00e9 2025 et la planification de l&#8217;ann\u00e9e 2026, les participants ont travaill\u00e9 en groupes, selon les quatre d\u00e9partements de Caritas, afin d&#8217;examiner les progr\u00e8s accomplis dans la r\u00e9alisation des sept objectifs strat\u00e9giques d\u00e9finis dans le Plan strat\u00e9gique 2025-2030 de Caritas Rwanda<a href=\"#_ftn1\" name=\"_ftnref1\">[1]<\/a>.<\/p>\n<p>D\u2019apr\u00e8s les pr\u00e9sentations issues des travaux de groupe, la plupart des activit\u00e9s pr\u00e9vues pour 2025 ont \u00e9t\u00e9 men\u00e9es \u00e0 bien. Cependant, certains projets n\u2019ont pu \u00eatre men\u00e9s \u00e0 terme en raison de la suspension des financements externes intervenue au cours de l\u2019ann\u00e9e 2025.<\/p>\n<figure id=\"attachment_15589\" aria-describedby=\"caption-attachment-15589\" style=\"width: 2560px\" class=\"wp-caption alignnone\"><img loading=\"lazy\" decoding=\"async\" class=\"size-full wp-image-15589\" src=\"https:\/\/caritasrwanda.org\/fr\/wp-content\/uploads\/2026\/02\/162A7464-scaled.jpg\" alt=\"\" width=\"2560\" height=\"1707\" \/><figcaption id=\"caption-attachment-15589\" class=\"wp-caption-text\">Les participants ont travaill\u00e9 en groupes par d\u00e9partement. Ce groupe est celui du D\u00e9partement de la Sant\u00e9.<\/figcaption><\/figure>\n<p>Il a \u00e9galement \u00e9t\u00e9 rappel\u00e9 aux participants l\u2019existence de la base de donn\u00e9es de Caritas, con\u00e7ue pour centraliser l\u2019information. Toutes les Caritas dioc\u00e9saines et Caritas Rwanda sont tenues d\u2019y saisir r\u00e9guli\u00e8rement des donn\u00e9es par l\u2019interm\u00e9diaire de leurs quatre services respectifs.<\/p>\n<p>A l\u2019issue de ces deux jours de r\u00e9union, Abb\u00e9 Oscar Kagimbura, Secr\u00e9taire G\u00e9n\u00e9ral de Caritas Rwanda, a rappel\u00e9 aux participants que Caritas Internationalis est une conf\u00e9d\u00e9ration mondiale de l\u2019Eglise Catholique, regroupant 162 organisations nationales Caritas \u00e0 travers le monde. En tant qu\u2019organe de coordination des structures des Caritas dioc\u00e9saines, de centrales et de communaut\u00e9s \u00e9ccl\u00e9siales de base, Caritas Rwanda contribue financi\u00e8rement et participe activement aux activit\u00e9s de Caritas Internationalis. Cet engagement fait de Caritas Rwanda une r\u00e9f\u00e9rence, tant pour le respect de ses obligations d\u2019adh\u00e9sion que pour sa contribution aux comit\u00e9s et groupes de travail internationaux.<\/p>\n<figure id=\"attachment_15590\" aria-describedby=\"caption-attachment-15590\" style=\"width: 2560px\" class=\"wp-caption alignnone\"><img loading=\"lazy\" decoding=\"async\" class=\"size-full wp-image-15590\" src=\"https:\/\/caritasrwanda.org\/fr\/wp-content\/uploads\/2026\/02\/162A7520-scaled.jpg\" alt=\"\" width=\"2560\" height=\"1707\" \/><figcaption id=\"caption-attachment-15590\" class=\"wp-caption-text\">Abb\u00e9 Oscar Kagimbura, Secr\u00e9taire G\u00e9n\u00e9ral de Caritas Rwanda, lors de la cl\u00f4ture l&#8217;atelier.<\/figcaption><\/figure>\n<p><em>\u201cLors des diff\u00e9rentes r\u00e9unions auxquelles participe Caritas Rwanda, nous sommes souvent invit\u00e9s \u00e0 partager nos exp\u00e9riences afin que d\u2019autres puissent en tirer des l\u00e9\u00e7ons. Ces \u00e9changes nous renforcent, valorisent notre image et nous permettent de collaborer plus efficacement avec nos diff\u00e9rents partenaires.\u201d<\/em>, a soulign\u00e9 Abb\u00e9 Oscar.<\/p>\n<p>Les participants se sont engag\u00e9s \u00e0 finaliser et \u00e0 am\u00e9liorer leurs rapports d\u2019activit\u00e9, la date limite \u00e9tant fix\u00e9e au 16\u00a0mars\u00a02026.<\/p>\n<p><a href=\"#_ftnref1\" name=\"_ftn1\">[1]<\/a> <a href=\"https:\/\/caritasrwanda.org\/wp-content\/uploads\/2025\/03\/SPlan-Caritas-Rwanda-FNL-2530-20032025-Final-compressed.pdf\">https:\/\/caritasrwanda.org\/wp-content\/uploads\/2025\/03\/SPlan-Caritas-Rwanda-FNL-2530-20032025-Final-compressed.pdf<\/a> page 11.<\/p>\n","protected":false},"excerpt":{"rendered":"<p>On the 3rd of June, the steering committee meeting of the Slovenia Government and Karitas Slovenija-funded Tube Aheza, Amazi Hafi Project was held at Home Saint-Jean. The meeting was graced by the Karongi district Vice Mayor in charge of Finance and Economic Development Mr NIRAGIRE Th\u00e9ophile, Mr NIYONSABA Cyriack, the Executive Secretary of the Rugabano sector and priests from the Gisovu, Nyange and Mukungu parishes located in the sectors<\/p>\n","protected":false},"author":1,"featured_media":15587,"comment_status":"open","ping_status":"open","sticky":false,"template":"","format":"standard","meta":{"footnotes":""},"categories":[30],"tags":[7,10],"class_list":["post-15586","post","type-post","status-publish","format-standard","has-post-thumbnail","hentry","category-news","tag-business","tag-travel"],"_links":{"self":[{"href":"https:\/\/caritasrwanda.org\/fr\/wp-json\/wp\/v2\/posts\/15586","targetHints":{"allow":["GET"]}}],"collection":[{"href":"https:\/\/caritasrwanda.org\/fr\/wp-json\/wp\/v2\/posts"}],"about":[{"href":"https:\/\/caritasrwanda.org\/fr\/wp-json\/wp\/v2\/types\/post"}],"author":[{"embeddable":true,"href":"https:\/\/caritasrwanda.org\/fr\/wp-json\/wp\/v2\/users\/1"}],"replies":[{"embeddable":true,"href":"https:\/\/caritasrwanda.org\/fr\/wp-json\/wp\/v2\/comments?post=15586"}],"version-history":[{"count":1,"href":"https:\/\/caritasrwanda.org\/fr\/wp-json\/wp\/v2\/posts\/15586\/revisions"}],"predecessor-version":[{"id":15591,"href":"https:\/\/caritasrwanda.org\/fr\/wp-json\/wp\/v2\/posts\/15586\/revisions\/15591"}],"wp:featuredmedia":[{"embeddable":true,"href":"https:\/\/caritasrwanda.org\/fr\/wp-json\/wp\/v2\/media\/15587"}],"wp:attachment":[{"href":"https:\/\/caritasrwanda.org\/fr\/wp-json\/wp\/v2\/media?parent=15586"}],"wp:term":[{"taxonomy":"category","embeddable":true,"href":"https:\/\/caritasrwanda.org\/fr\/wp-json\/wp\/v2\/categories?post=15586"},{"taxonomy":"post_tag","embeddable":true,"href":"https:\/\/caritasrwanda.org\/fr\/wp-json\/wp\/v2\/tags?post=15586"}],"curies":[{"name":"wp","href":"https:\/\/api.w.org\/{rel}","templated":true}]}}