{"id":15576,"date":"2025-12-29T09:55:51","date_gmt":"2025-12-29T09:55:51","guid":{"rendered":"https:\/\/caritasrwanda.org\/fr\/?p=15576"},"modified":"2026-01-21T10:25:13","modified_gmt":"2026-01-21T10:25:13","slug":"les-employes-de-caritas-rwanda-ont-cloture-lannee-2025-par-une-retraite-spirituelle","status":"publish","type":"post","link":"https:\/\/caritasrwanda.org\/fr\/les-employes-de-caritas-rwanda-ont-cloture-lannee-2025-par-une-retraite-spirituelle\/","title":{"rendered":"Les employ\u00e9s de Caritas Rwanda ont cl\u00f4tur\u00e9 l\u2019ann\u00e9e 2025 par une retraite spirituelle"},"content":{"rendered":"<p>Le 24 d\u00e9cembre 2025, les employ\u00e9s de Caritas Rwanda se sont r\u00e9unis au Centre Saint Vincent Pallotti-Gikondo pour une retraite spirituelle d\u2019une journ\u00e9e marquant la fin de l\u2019ann\u00e9e 2025. Cette rencontre a \u00e9t\u00e9 un temps de ressourcement spirituel, au cours duquel les participants ont partag\u00e9 la Parole de Dieu et c\u00e9l\u00e9br\u00e9 ensemble l\u2019Eucharistie.<\/p>\n<p>Dans son hom\u00e9lie intitul\u00e9e <em>\u201cAvec la Vierge Marie et Joseph devant la cr\u00e8che, contemplons le Sauveur\u201d<\/em>, Abb\u00e9 Emmanuel Mugiraneza a soulign\u00e9 que, bien que de nombreuses personnes c\u00e9l\u00e8brent No\u00ebl \u00e0 travers des f\u00eates et des r\u00e9jouissances, elles ne prennent pas toujours le temps de r\u00e9fl\u00e9chir \u00e0 la v\u00e9ritable signification de la naissance de J\u00e9sus et \u00e0 son impact dans leur vie. Il a rappel\u00e9 qu\u2019\u00e0 travers l\u2019Incarnation de Dieu, chaque \u00eatre humain a re\u00e7u une dignit\u00e9.<\/p>\n<p>S\u2019appuyant sur l\u2019Evangile selon Saint Luc (2, 1\u201317), Abb\u00e9 Emmanuel a expliqu\u00e9 que J\u00e9sus est n\u00e9 \u00e0 l\u2019\u00e9poque de l\u2019empereur Auguste, dont le nom en grec signifiait <em>\u201ccelui qui m\u00e9rite d\u2019\u00eatre ador\u00e9\u201d<\/em>, et qui avait ordonn\u00e9 un recensement dans tout l\u2019empire. La naissance de J\u00e9sus \u00e0 cette \u00e9poque montre qu\u2019il existe un autre Roi qui m\u00e9rite la v\u00e9ritable louange et l\u2019adoration.<\/p>\n<p>Lorsque Marie et Joseph arriv\u00e8rent \u00e0 Bethl\u00e9em, ils ne trouv\u00e8rent aucun endroit o\u00f9 loger, alors m\u00eame que le moment de l\u2019accouchement \u00e9tait arriv\u00e9. J\u00e9sus naquit ainsi dans une \u00e9table, ce qui r\u00e9v\u00e8le une profonde humilit\u00e9. Cette humilit\u00e9 constitue le fondement m\u00eame de Caritas, car J\u00e9sus a choisi de s\u2019identifier aux plus pauvres, se faisant le dernier parmi eux.<\/p>\n<p>Bethl\u00e9em, qui signifie <em>\u201cmaison du pain\u201d<\/em>, symbolise J\u00e9sus comme le Pain de vie. Il s\u2019est fait pain afin d\u2019\u00eatre partag\u00e9, pour que les pauvres aient de quoi se nourrir. Il fut d\u00e9pos\u00e9 dans une mangeoire, l\u00e0 o\u00f9 se nourrissent les animaux, signe qu\u2019il est le pain destin\u00e9 \u00e0 \u00eatre consomm\u00e9 pour la vie du monde.<\/p>\n<p>Abb\u00e9 Emmanuel a soulign\u00e9 que dans cette sc\u00e8ne de No\u00ebl se r\u00e9v\u00e8le le v\u00e9ritable sens de Caritas: l\u2019amour de Dieu qui descend du ciel et se fait homme. Il a invit\u00e9 \u00e0 r\u00e9fl\u00e9chir au grand nombre de personnes aujourd\u2019hui sans abri, rappelant que No\u00ebl nous fait voir tous ceux qui sont vuln\u00e9rables et qui ont besoin d\u2019attention et de compassion.<\/p>\n<figure id=\"attachment_15578\" aria-describedby=\"caption-attachment-15578\" style=\"width: 2560px\" class=\"wp-caption alignnone\"><img loading=\"lazy\" decoding=\"async\" class=\"size-full wp-image-15578\" src=\"https:\/\/caritasrwanda.org\/fr\/wp-content\/uploads\/2026\/01\/162A7350-scaled.jpg\" alt=\"\" width=\"2560\" height=\"1707\" \/><figcaption id=\"caption-attachment-15578\" class=\"wp-caption-text\">Abb\u00e9 Emmanuel Mugiraneza, lors de son sermon.<\/figcaption><\/figure>\n<p>A travers l\u2019Incarnation c\u00e9l\u00e9br\u00e9e \u00e0 No\u00ebl, chaque personne humaine est reconnue comme pr\u00e9cieuse et digne de respect. Cela implique de ne jamais d\u00e9valoriser l\u2019\u00eatre humain, mais de lui rendre l\u2019honneur qui lui est d\u00fb. No\u00ebl porte un message fort: chaque personne a une valeur exceptionnelle.<\/p>\n<p>Abb\u00e9 Emmanuel a exhort\u00e9 les employ\u00e9s de Caritas \u00e0 s\u2019interroger sur la valeur qu\u2019ils accordent aux autres, que ce soit dans leur travail, dans leurs communaut\u00e9s ou au sein de leurs familles. Il a rappel\u00e9 que No\u00ebl doit redire \u00e0 chacun sa dignit\u00e9, m\u00eame lorsque certaines personnes adoptent des comportements inappropri\u00e9s. <em>\u201cM\u00eame alors<\/em>, a-t-il insist\u00e9, <em>n\u2019oubliez pas que vous avez de la valeur\u201d<\/em>.<\/p>\n<p>Il a conclu en rappelant que la v\u00e9ritable Caritas n\u2019est pas seulement un service, mais s\u2019occuper de la personne dont J\u00e9sus-Christ a rendu la dignit\u00e9. La mission de Caritas est de poursuivre la mission du Christ dans le monde. Caritas est la voix du Christ, appel\u00e9e \u00e0 rappeler au monde que chaque vie humaine a une valeur immense, et que parmi ceux qui vivent dans la pauvret\u00e9 et la souffrance se trouvent des personnes pour lesquelles le Christ a donn\u00e9 sa vie.<\/p>\n","protected":false},"excerpt":{"rendered":"<p>On the 3rd of June, the steering committee meeting of the Slovenia Government and Karitas Slovenija-funded Tube Aheza, Amazi Hafi Project was held at Home Saint-Jean. The meeting was graced by the Karongi district Vice Mayor in charge of Finance and Economic Development Mr NIRAGIRE Th\u00e9ophile, Mr NIYONSABA Cyriack, the Executive Secretary of the Rugabano sector and priests from the Gisovu, Nyange and Mukungu parishes located in the sectors<\/p>\n","protected":false},"author":1,"featured_media":15577,"comment_status":"open","ping_status":"open","sticky":false,"template":"","format":"standard","meta":{"footnotes":""},"categories":[30],"tags":[7,10],"class_list":["post-15576","post","type-post","status-publish","format-standard","has-post-thumbnail","hentry","category-news","tag-business","tag-travel"],"_links":{"self":[{"href":"https:\/\/caritasrwanda.org\/fr\/wp-json\/wp\/v2\/posts\/15576","targetHints":{"allow":["GET"]}}],"collection":[{"href":"https:\/\/caritasrwanda.org\/fr\/wp-json\/wp\/v2\/posts"}],"about":[{"href":"https:\/\/caritasrwanda.org\/fr\/wp-json\/wp\/v2\/types\/post"}],"author":[{"embeddable":true,"href":"https:\/\/caritasrwanda.org\/fr\/wp-json\/wp\/v2\/users\/1"}],"replies":[{"embeddable":true,"href":"https:\/\/caritasrwanda.org\/fr\/wp-json\/wp\/v2\/comments?post=15576"}],"version-history":[{"count":1,"href":"https:\/\/caritasrwanda.org\/fr\/wp-json\/wp\/v2\/posts\/15576\/revisions"}],"predecessor-version":[{"id":15579,"href":"https:\/\/caritasrwanda.org\/fr\/wp-json\/wp\/v2\/posts\/15576\/revisions\/15579"}],"wp:featuredmedia":[{"embeddable":true,"href":"https:\/\/caritasrwanda.org\/fr\/wp-json\/wp\/v2\/media\/15577"}],"wp:attachment":[{"href":"https:\/\/caritasrwanda.org\/fr\/wp-json\/wp\/v2\/media?parent=15576"}],"wp:term":[{"taxonomy":"category","embeddable":true,"href":"https:\/\/caritasrwanda.org\/fr\/wp-json\/wp\/v2\/categories?post=15576"},{"taxonomy":"post_tag","embeddable":true,"href":"https:\/\/caritasrwanda.org\/fr\/wp-json\/wp\/v2\/tags?post=15576"}],"curies":[{"name":"wp","href":"https:\/\/api.w.org\/{rel}","templated":true}]}}