{"id":15552,"date":"2025-11-26T17:36:39","date_gmt":"2025-11-26T17:36:39","guid":{"rendered":"https:\/\/caritasrwanda.org\/fr\/?p=15552"},"modified":"2025-12-06T18:41:19","modified_gmt":"2025-12-06T18:41:19","slug":"caritas-rwanda-bamporeze-et-imbaraga-unissent-leurs-forces-pour-une-campagne-de-sensibilisation-conjointe-axee-sur-les-enfants-et-les-familles","status":"publish","type":"post","link":"https:\/\/caritasrwanda.org\/fr\/caritas-rwanda-bamporeze-et-imbaraga-unissent-leurs-forces-pour-une-campagne-de-sensibilisation-conjointe-axee-sur-les-enfants-et-les-familles\/","title":{"rendered":"Caritas Rwanda, Bamporeze et Imbaraga unissent leurs forces pour une campagne de sensibilisation conjointe ax\u00e9e sur les enfants et les familles"},"content":{"rendered":"<p>Caritas Rwanda, Association Bamporeze et Imbaraga Farmers Organization, avec le soutien de Plan International Rwanda, ont men\u00e9 avec succ\u00e8s une campagne de sensibilisation communautaire conjointe de trois jours dans les districts de Nyaruguru (19\/11\/2025), Bugesera (20\/11\/2025) et Gatsibo (21\/11\/2025). Cette initiative a rassembl\u00e9 parents, aidants, enfants et autorit\u00e9s locales afin de promouvoir la protection des droits de l&#8217;enfant, le d\u00e9veloppement de la petite enfance et la r\u00e9silience des m\u00e9nages gr\u00e2ce \u00e0 une agriculture innovante.<\/p>\n<p>Guid\u00e9e par le th\u00e8me \u201c\u0152uvrons ensemble pour nourrir, prot\u00e9ger et promouvoir le bien-\u00eatre de l&#8217;enfant et de la famille\u201d, cette campagne s&#8217;est d\u00e9roul\u00e9e \u00e0 travers des matchs de football, des sayn\u00e8tes communautaires, des po\u00e8mes et des s\u00e9ances de questions-r\u00e9ponses. Les gagnants ont re\u00e7u des t-shirts en guise de prix.<\/p>\n<figure id=\"attachment_15555\" aria-describedby=\"caption-attachment-15555\" style=\"width: 2016px\" class=\"wp-caption alignnone\"><img loading=\"lazy\" decoding=\"async\" class=\"size-full wp-image-15555\" src=\"https:\/\/caritasrwanda.org\/fr\/wp-content\/uploads\/2025\/12\/162A6511-A.jpg\" alt=\"\" width=\"2016\" height=\"1123\" \/><figcaption id=\"caption-attachment-15555\" class=\"wp-caption-text\">L&#8217;\u00e9glise d&#8217;Urumuri, dans le district de Bugesera, a jou\u00e9 sa pi\u00e8ce : \u00ab Changeons l&#8217;attitude \u00bb.<\/figcaption><\/figure>\n<p>Le club de football de Mumporeze a remport\u00e9 la victoire 1-0 contre le club de football de Papa Rumuri dans le district de Nyaruguru, tandis que le club de football de Kamabuye s&#8217;est impos\u00e9 4-3 aux tirs au but face au Ngeruka FC apr\u00e8s une s\u00e9ance palpitante dans le district de Bugesera. Le club de football de Kiziguro a battu le club de football de Murambi (1-0) dans le district de Gatsibo.<\/p>\n<p>Les \u00e9quipes gagnantes ont re\u00e7u un troph\u00e9e et une somme d&#8217;argent (100\u00a0000 francs rwandais), tandis que les \u00e9quipes perdantes ont re\u00e7u uniquement une somme d&#8217;argent (50\u00a0000 francs rwandais).<\/p>\n<p><strong>Messages cl\u00e9s des trois organisations partenaires<\/strong><\/p>\n<p>Les repr\u00e9sentantes des trois organisations ont partag\u00e9 messages suivant les interventions que leurs projets font:<\/p>\n<ul>\n<li>Caritas Rwanda a soulign\u00e9 l&#8217;importance du d\u00e9veloppement holistique de l&#8217;enfant \u00e0 travers les six piliers du d\u00e9veloppement de la petite enfance et a encourag\u00e9 les parents \u00e0 s&#8217;impliquer activement dans l&#8217;apprentissage et la stimulation pr\u00e9coces.<\/li>\n<li>L&#8217;association Bamporeze a mis en lumi\u00e8re la n\u00e9cessit\u00e9 d&#8217;une parentalit\u00e9 positive, de la protection des droits de l&#8217;enfant et de la responsabilit\u00e9 collective dans la pr\u00e9vention des abus envers les enfants. L\u2019organisation des agriculteurs d\u2019Imbaraga a encourag\u00e9 les familles \u00e0 adopter des techniques agricoles modernes et adapt\u00e9es au climat afin d\u2019am\u00e9liorer la s\u00e9curit\u00e9 alimentaire, la nutrition et la r\u00e9silience des m\u00e9nages.\n<p><figure id=\"attachment_15554\" aria-describedby=\"caption-attachment-15554\" style=\"width: 2560px\" class=\"wp-caption alignnone\"><img loading=\"lazy\" decoding=\"async\" class=\"size-full wp-image-15554\" src=\"https:\/\/caritasrwanda.org\/fr\/wp-content\/uploads\/2025\/12\/162A6242-scaled.jpg\" alt=\"\" width=\"2560\" height=\"1707\" \/><figcaption id=\"caption-attachment-15554\" class=\"wp-caption-text\">Les coordinatrices des projets d&#8217;Imbaraga, Bamporeze et Caritas Rwanda, soutenus par Plan International Rwanda, qui avaient organis\u00e9 cette campagne de sensibilisation.<\/figcaption><\/figure><\/li>\n<\/ul>\n<p><strong>Messages des autorit\u00e9s locaux<\/strong><\/p>\n<p>Dans chaque district, l\u2019invit\u00e9 d\u2019honneur a f\u00e9licit\u00e9 les partenaires pour leur collaboration et a r\u00e9affirm\u00e9 leur engagement \u00e0 soutenir les initiatives communautaires de protection et de d\u00e9veloppement de l\u2019enfant.<\/p>\n<p>Janvier Gashema, Vice-maire du district de Nyaruguru charg\u00e9 du d\u00e9veloppement \u00e9conomique, a remerci\u00e9 les trois partenaires pour leur collaboration avec le district de Nyaruguru, non seulement pendant cette campagne, mais aussi dans le cadre d\u2019autres activit\u00e9s qui contribuent \u00e0 b\u00e2tir des familles autonomes, s\u00fbres et prosp\u00e8res.<\/p>\n<figure id=\"attachment_15556\" aria-describedby=\"caption-attachment-15556\" style=\"width: 2560px\" class=\"wp-caption alignnone\"><img loading=\"lazy\" decoding=\"async\" class=\"size-full wp-image-15556\" src=\"https:\/\/caritasrwanda.org\/fr\/wp-content\/uploads\/2025\/12\/VM-Nyaruguru-2.jpg\" alt=\"\" width=\"2560\" height=\"1440\" \/><figcaption id=\"caption-attachment-15556\" class=\"wp-caption-text\">M. Janvier Gashema, Vice-maire du district de Nyaruguru charg\u00e9 du D\u00e9veloppement Economique.<\/figcaption><\/figure>\n<p>Au nom du maire du district de Bugesera, Rurangirwa Fred, secr\u00e9taire ex\u00e9cutif du secteur de Kamabuye, a remerci\u00e9 les partenaires pour la mise en \u0153uvre de cette campagne qui apporte des solutions \u00e0 tous les probl\u00e8mes auxquels est confront\u00e9e la communaut\u00e9 rwandaise. \u00ab Si nous continuons \u00e0 unir nos forces, vous en tant que partenaires et nous en tant qu&#8217;autorit\u00e9s locales, je vous assure que nous accomplirons de grandes choses et b\u00e2tirons une communaut\u00e9 rwandaise prosp\u00e8re et s\u00fbre. Le plus important est qu&#8217;en prenant soin des enfants, des jeunes et des familles, nous construisons un Rwanda meilleur pour l&#8217;avenir \u00bb, a d\u00e9clar\u00e9 M. Rurangirwa.<\/p>\n<figure id=\"attachment_15558\" aria-describedby=\"caption-attachment-15558\" style=\"width: 2560px\" class=\"wp-caption alignnone\"><img loading=\"lazy\" decoding=\"async\" class=\"size-full wp-image-15558\" src=\"https:\/\/caritasrwanda.org\/fr\/wp-content\/uploads\/2025\/12\/1.-Ruragnirwa-Fred-ES-Kamabuye.jpg\" alt=\"\" width=\"2560\" height=\"1440\" \/><figcaption id=\"caption-attachment-15558\" class=\"wp-caption-text\">Rurangirwa Fred, secr\u00e9taire ex\u00e9cutif du secteur de Kamabuye.<\/figcaption><\/figure>\n<p>Madame Marcelline Mukamana, Vice-maire du district de Gatsibo en charge des affaires sociales, a d\u00e9clar\u00e9 que les responsables du district de Gatsibo appr\u00e9cient les interventions des partenaires impliqu\u00e9s dans cette campagne. Elle a soulign\u00e9 que \u00ab Umwana wanjye, Ishema ryanjye \u00bb (le slogan de la campagne qui signifie \u00ab Mon enfant est ma fiert\u00e9 \u00bb) n&#8217;est pas qu&#8217;un simple slogan. \u00ab Nous devons le mettre en pratique : placer les enfants dans des maisons de d\u00e9veloppement de la petite enfance, les prot\u00e9ger des abus et prendre soin d&#8217;eux, voil\u00e0 ce qui nous rend fiers \u00bb, a d\u00e9clar\u00e9 Mme Marcelline.<\/p>\n<figure id=\"attachment_15557\" aria-describedby=\"caption-attachment-15557\" style=\"width: 2560px\" class=\"wp-caption alignnone\"><img loading=\"lazy\" decoding=\"async\" class=\"size-full wp-image-15557\" src=\"https:\/\/caritasrwanda.org\/fr\/wp-content\/uploads\/2025\/12\/162A6969-scaled.jpg\" alt=\"\" width=\"2560\" height=\"1707\" \/><figcaption id=\"caption-attachment-15557\" class=\"wp-caption-text\">Madame Marcelline Mukamana, Vice-maire du District de Gatsibo en charge des affaires sociales en prononcant son discours.<\/figcaption><\/figure>\n<p>La campagne conjointe de sensibilisation communautaire a mis en lumi\u00e8re l&#8217;importance de la responsabilit\u00e9 collective pour garantir que les enfants grandissent au sein de familles s\u00fbres, bienveillantes et \u00e9conomiquement stables. En rassemblant les autorit\u00e9s locales et la communaut\u00e9 au sens large, la campagne a renforc\u00e9 les structures fondamentales pour la protection \u00e0 long terme, l&#8217;apprentissage pr\u00e9coce et la r\u00e9silience des m\u00e9nages.<\/p>\n","protected":false},"excerpt":{"rendered":"<p>On the 3rd of June, the steering committee meeting of the Slovenia Government and Karitas Slovenija-funded Tube Aheza, Amazi Hafi Project was held at Home Saint-Jean. The meeting was graced by the Karongi district Vice Mayor in charge of Finance and Economic Development Mr NIRAGIRE Th\u00e9ophile, Mr NIYONSABA Cyriack, the Executive Secretary of the Rugabano sector and priests from the Gisovu, Nyange and Mukungu parishes located in the sectors<\/p>\n","protected":false},"author":1,"featured_media":15553,"comment_status":"open","ping_status":"open","sticky":false,"template":"","format":"standard","meta":{"footnotes":""},"categories":[30],"tags":[7,10],"class_list":["post-15552","post","type-post","status-publish","format-standard","has-post-thumbnail","hentry","category-news","tag-business","tag-travel"],"_links":{"self":[{"href":"https:\/\/caritasrwanda.org\/fr\/wp-json\/wp\/v2\/posts\/15552","targetHints":{"allow":["GET"]}}],"collection":[{"href":"https:\/\/caritasrwanda.org\/fr\/wp-json\/wp\/v2\/posts"}],"about":[{"href":"https:\/\/caritasrwanda.org\/fr\/wp-json\/wp\/v2\/types\/post"}],"author":[{"embeddable":true,"href":"https:\/\/caritasrwanda.org\/fr\/wp-json\/wp\/v2\/users\/1"}],"replies":[{"embeddable":true,"href":"https:\/\/caritasrwanda.org\/fr\/wp-json\/wp\/v2\/comments?post=15552"}],"version-history":[{"count":1,"href":"https:\/\/caritasrwanda.org\/fr\/wp-json\/wp\/v2\/posts\/15552\/revisions"}],"predecessor-version":[{"id":15559,"href":"https:\/\/caritasrwanda.org\/fr\/wp-json\/wp\/v2\/posts\/15552\/revisions\/15559"}],"wp:featuredmedia":[{"embeddable":true,"href":"https:\/\/caritasrwanda.org\/fr\/wp-json\/wp\/v2\/media\/15553"}],"wp:attachment":[{"href":"https:\/\/caritasrwanda.org\/fr\/wp-json\/wp\/v2\/media?parent=15552"}],"wp:term":[{"taxonomy":"category","embeddable":true,"href":"https:\/\/caritasrwanda.org\/fr\/wp-json\/wp\/v2\/categories?post=15552"},{"taxonomy":"post_tag","embeddable":true,"href":"https:\/\/caritasrwanda.org\/fr\/wp-json\/wp\/v2\/tags?post=15552"}],"curies":[{"name":"wp","href":"https:\/\/api.w.org\/{rel}","templated":true}]}}