{"id":15544,"date":"2025-10-29T08:25:54","date_gmt":"2025-10-29T08:25:54","guid":{"rendered":"https:\/\/caritasrwanda.org\/fr\/?p=15544"},"modified":"2025-10-29T08:25:54","modified_gmt":"2025-10-29T08:25:54","slug":"caritas-rwanda-lance-le-projet-dukore-twigire-dans-karongi","status":"publish","type":"post","link":"https:\/\/caritasrwanda.org\/fr\/caritas-rwanda-lance-le-projet-dukore-twigire-dans-karongi\/","title":{"rendered":"Caritas Rwanda lance le projet Dukore Twigire dans Karongi"},"content":{"rendered":"<p>Avec le soutien financier de l&#8217;Union europ\u00e9enne par l&#8217;interm\u00e9diaire de World Vision Rwanda, Caritas Rwanda a officiellement lanc\u00e9 le projet Dukore Twigire dans le district de Karongi. Cet \u00e9v\u00e9nement a r\u00e9uni les autorit\u00e9s du district, plusieurs partenaires et d&#8217;autres acteurs cl\u00e9s pour la mise en oeuvre du projet au Centre d\u2019Accueil Sainte Marie Karongi le 15 octobre 2025, suivi d&#8217;un lancement communautaire au camp de r\u00e9fugi\u00e9s de Kiziba le 16 octobre 2025.<\/p>\n<p>Le projet Dukore Twigire (2025-2028) vise \u00e0 renforcer la r\u00e9silience et l&#8217;autonomie des populations d\u00e9plac\u00e9es et de leurs communaut\u00e9s d&#8217;accueil dans le district de Karongi. Le projet soutiendra directement 598 m\u00e9nages, dont 419 m\u00e9nages de r\u00e9fugi\u00e9s et 179 m\u00e9nages de membres des communaut\u00e9s d&#8217;accueil, en accordant une attention particuli\u00e8re aux femmes, aux jeunes et aux personnes handicap\u00e9es.<\/p>\n<p>La r\u00e9union des parties prenantes de Karongi qui s&#8217;est tenue le 15 octobre 2025, a permis aux autorit\u00e9s locales, aux partenaires et aux dirigeants communautaires de discuter des objectifs, des strat\u00e9gies, des cadres de collaboration et des impacts escompt\u00e9s du projet.<\/p>\n<figure id=\"attachment_15549\" aria-describedby=\"caption-attachment-15549\" style=\"width: 2560px\" class=\"wp-caption alignnone\"><img loading=\"lazy\" decoding=\"async\" class=\"size-full wp-image-15549\" src=\"https:\/\/caritasrwanda.org\/fr\/wp-content\/uploads\/2025\/10\/162A5382-scaled.jpg\" alt=\"\" width=\"2560\" height=\"1706\" \/><figcaption id=\"caption-attachment-15549\" class=\"wp-caption-text\">Certains des partenaires qui \u00e9taient pr\u00e9sents dans la c\u00e9r\u00e9monie de lancement du projet Dukore Twiyubake.<\/figcaption><\/figure>\n<p>Dans son discours d&#8217;ouverture, Abb\u00e9 Emmanuel Bamporineza, Secr\u00e9taire G\u00e9n\u00e9ral Adjoint de Caritas Rwanda, a d\u00e9clar\u00e9 que cette r\u00e9union \u00e9tait l&#8217;occasion d&#8217;\u00e9changer des id\u00e9es et de poursuivre la collaboration afin que le projet Dukore Twigire am\u00e9liore durablement la vie des personnes vuln\u00e9rables. <em>\u201cNous pensons qu&#8217;en collaborant, nous pouvons transformer la vie des familles, renforcer leur estime et les aider \u00e0 devenir autonomes\u201d<\/em>, a-t-il ajout\u00e9. <img loading=\"lazy\" decoding=\"async\" class=\"alignnone size-full wp-image-15546\" src=\"https:\/\/caritasrwanda.org\/fr\/wp-content\/uploads\/2025\/10\/SG-Deputy.jpg\" alt=\"\" width=\"2560\" height=\"1440\" \/><\/p>\n<p>Apr\u00e8s la pr\u00e9sentation des objectifs et des activit\u00e9s du projet Dukore Twigire par J\u00e9r\u00f4me Sebaganwa, coordinateur du projet, les participants ont pos\u00e9 de nombreuses questions. L&#8217;une d&#8217;elles voulait clarifier si la l\u2019aide mensuelle de consommation dont b\u00e9n\u00e9ficieraient les familles \u00e9ligibles serait incluse dans l\u2019aide financi\u00e8re de 1.000.000 frw. On leur a expliqu\u00e9 que la subvention en esp\u00e8ces ne comprenait pas l&#8217;aide \u00e0 la consommation, qui serait vers\u00e9e pendant six mois.<\/p>\n<figure id=\"attachment_15548\" aria-describedby=\"caption-attachment-15548\" style=\"width: 2560px\" class=\"wp-caption alignnone\"><img loading=\"lazy\" decoding=\"async\" class=\"size-full wp-image-15548\" src=\"https:\/\/caritasrwanda.org\/fr\/wp-content\/uploads\/2025\/10\/162A5372-scaled.jpg\" alt=\"\" width=\"2560\" height=\"1706\" \/><figcaption id=\"caption-attachment-15548\" class=\"wp-caption-text\">Jer\u00f4me Sebaganwa, coordinateur du projet Dukore Twigire.<\/figcaption><\/figure>\n<p>Les participants ont \u00e9galement demand\u00e9 si les b\u00e9n\u00e9ficiaires du projet choisiront eux-m\u00eame les domaines formation professionnelle et ont \u00e9t\u00e9 inform\u00e9s que oui. Les discussions ont \u00e9galement port\u00e9 sur formation Hinduka Wigire qui sensibilise sur valeurs positives (dont l\u2019integrit\u00e9 est incluse) au profit des b\u00e9n\u00e9ficiaires afin de transformer leur vie de mani\u00e8re globale.<\/p>\n<p>S&#8217;exprimant au nom du maire du district de Karongi, Innocent Bihira a exprim\u00e9 sa gratitude \u00e0 tous ceux qui ont particip\u00e9 \u00e0 l&#8217;\u00e9v\u00e9nement et a promis le soutien du district \u00e0 la mise en \u0153uvre du projet. Il a \u00e9galement \u00e9voqu\u00e9 l&#8217;impact attendu du projet Dukore Twigire en ces termes: <em>\u201cCes trois ann\u00e9es produiront de bons r\u00e9sultats qui aideront notre district \u00e0 passer de la liste des districts pauvres \u00e0 celle des districts d\u00e9velopp\u00e9s.\u201d<\/em><\/p>\n<figure id=\"attachment_15547\" aria-describedby=\"caption-attachment-15547\" style=\"width: 1245px\" class=\"wp-caption alignnone\"><img loading=\"lazy\" decoding=\"async\" class=\"size-full wp-image-15547\" src=\"https:\/\/caritasrwanda.org\/fr\/wp-content\/uploads\/2025\/10\/Screenshot_20251018_191323_YouTube.jpg\" alt=\"\" width=\"1245\" height=\"720\" \/><figcaption id=\"caption-attachment-15547\" class=\"wp-caption-text\">Innocent Bihira, a parl\u00e9 au nom du Maire du District de Karongi.<\/figcaption><\/figure>\n<p>Financ\u00e9 par l&#8217;Union europ\u00e9enne, ce projet est mis en \u0153uvre par le consortium de World Vision Rwanda et ex\u00e9cut\u00e9 par Caritas Rwanda dans le camp de r\u00e9fugi\u00e9s de Kiziba et sa communaut\u00e9s d&#8217;accueil. Il vise \u00e0 autonomiser les participants gr\u00e2ce \u00e0 trois objectifs cl\u00e9s\u00a0:<\/p>\n<ul>\n<li>Des moyens de subsistance am\u00e9lior\u00e9s, diversifi\u00e9s et durables, gr\u00e2ce \u00e0 la formation professionnelle, \u00e0 l&#8217;acc\u00e8s \u00e0 des moyens de production et \u00e0 un soutien pour la cr\u00e9ation ou le d\u00e9veloppement des activit\u00e9s g\u00e9n\u00e9ratrice de revenu.<\/li>\n<li>Une meilleure protection sociale, une meilleure coh\u00e9sion et un changement de comportement positif, en favorisant l&#8217;inclusion, la protection et la r\u00e9silience communautaire des r\u00e9fugi\u00e9s et des communaut\u00e9s d&#8217;accueil.<\/li>\n<li>Une meilleure inclusion financi\u00e8re, gr\u00e2ce \u00e0 la cr\u00e9ation de groupes d&#8217;\u00e9pargne et \u00e0 un meilleur acc\u00e8s aux services financiers et aux informations sur le march\u00e9.<\/li>\n<\/ul>\n<p>Le 16 octobre 2025, l\u2019\u00e9quipe de la Caritas Rwanda a \u00e9galement lanc\u00e9 le projet Dukore Twigire \u00e0 la communaut\u00e9 du camp de r\u00e9fugi\u00e9s de Kiziba, r\u00e9affirmant ainsi leur engagement commun en faveur d&#8217;un d\u00e9veloppement inclusif.<\/p>\n<div class=\"mceTemp\"><\/div>\n<p>&nbsp;<\/p>\n","protected":false},"excerpt":{"rendered":"<p>On the 3rd of June, the steering committee meeting of the Slovenia Government and Karitas Slovenija-funded Tube Aheza, Amazi Hafi Project was held at Home Saint-Jean. The meeting was graced by the Karongi district Vice Mayor in charge of Finance and Economic Development Mr NIRAGIRE Th\u00e9ophile, Mr NIYONSABA Cyriack, the Executive Secretary of the Rugabano sector and priests from the Gisovu, Nyange and Mukungu parishes located in the sectors<\/p>\n","protected":false},"author":1,"featured_media":15545,"comment_status":"open","ping_status":"open","sticky":false,"template":"","format":"standard","meta":{"footnotes":""},"categories":[30],"tags":[7,10],"class_list":["post-15544","post","type-post","status-publish","format-standard","has-post-thumbnail","hentry","category-news","tag-business","tag-travel"],"_links":{"self":[{"href":"https:\/\/caritasrwanda.org\/fr\/wp-json\/wp\/v2\/posts\/15544","targetHints":{"allow":["GET"]}}],"collection":[{"href":"https:\/\/caritasrwanda.org\/fr\/wp-json\/wp\/v2\/posts"}],"about":[{"href":"https:\/\/caritasrwanda.org\/fr\/wp-json\/wp\/v2\/types\/post"}],"author":[{"embeddable":true,"href":"https:\/\/caritasrwanda.org\/fr\/wp-json\/wp\/v2\/users\/1"}],"replies":[{"embeddable":true,"href":"https:\/\/caritasrwanda.org\/fr\/wp-json\/wp\/v2\/comments?post=15544"}],"version-history":[{"count":1,"href":"https:\/\/caritasrwanda.org\/fr\/wp-json\/wp\/v2\/posts\/15544\/revisions"}],"predecessor-version":[{"id":15550,"href":"https:\/\/caritasrwanda.org\/fr\/wp-json\/wp\/v2\/posts\/15544\/revisions\/15550"}],"wp:featuredmedia":[{"embeddable":true,"href":"https:\/\/caritasrwanda.org\/fr\/wp-json\/wp\/v2\/media\/15545"}],"wp:attachment":[{"href":"https:\/\/caritasrwanda.org\/fr\/wp-json\/wp\/v2\/media?parent=15544"}],"wp:term":[{"taxonomy":"category","embeddable":true,"href":"https:\/\/caritasrwanda.org\/fr\/wp-json\/wp\/v2\/categories?post=15544"},{"taxonomy":"post_tag","embeddable":true,"href":"https:\/\/caritasrwanda.org\/fr\/wp-json\/wp\/v2\/tags?post=15544"}],"curies":[{"name":"wp","href":"https:\/\/api.w.org\/{rel}","templated":true}]}}