{"id":15526,"date":"2025-09-16T11:35:52","date_gmt":"2025-09-16T11:35:52","guid":{"rendered":"https:\/\/caritasrwanda.org\/fr\/?p=15526"},"modified":"2025-09-16T11:35:52","modified_gmt":"2025-09-16T11:35:52","slug":"renforcer-la-collaboration-pour-un-impact-durable-dans-la-construction-de-caritas-nyarwanda","status":"publish","type":"post","link":"https:\/\/caritasrwanda.org\/fr\/renforcer-la-collaboration-pour-un-impact-durable-dans-la-construction-de-caritas-nyarwanda\/","title":{"rendered":"Renforcer la collaboration pour un impact durable dans la construction de Caritas Nyarwanda"},"content":{"rendered":"<p>Consciente de l\u2019importance de la synergie et de la collaboration dans la promotion d\u2019un impact durable, Caritas Rwanda a organis\u00e9 des r\u00e9unions avec les pr\u00eatres du Dioc\u00e8se de Nyundo, couvrant les zones de Caritas Nyundo\/Kibuye et de Caritas Nyundo\/Gisenyi, respectivement au 11 et 12 septembre 2025. Ces r\u00e9unions ont rassembl\u00e9 plus de 60 participants, dont des pr\u00eatres, les membres du personnel des Caritas dioc\u00e9saines et de Caritas Rwanda.<\/p>\n<p>Dans ses allocutions (11 et 12 septembre 2025), Monsieur l\u2019Abb\u00e9 Oscar Kagimbura, le Secr\u00e9taire G\u00e9n\u00e9ral de Caritas Rwanda est revenu sur un passage du <em>Cadre Strat\u00e9gique de la Conf\u00e9d\u00e9ration Caritas<a href=\"#_ftn1\" name=\"_ftnref1\"><strong>[1]<\/strong><\/a><\/em> suivant: \u201cInspir\u00e9 par l\u2019Evangile et les experiences v\u00e9cues par les personnes en situation de pauvr\u00e9t\u00e9, nous faisons partie de la mission universelle de l\u2019Eglise Catholique pour:<\/p>\n<ol>\n<li>Sauver des vies et r\u00e9duire les risques en construisant des communaut\u00e9s r\u00e9silientes, et en r\u00e9pondant rapidement et efficacement aux crises humanitaires (Assistance &#8211; OSC et Sant\u00e9);<\/li>\n<li>Transformer des vies et des communaut\u00e9s en promouvant le d\u00e9veloppement humain int\u00e9gral, le soin de la cr\u00e9ation, la restauration de la paix et de la justice sociale. (Developpement, paix et justice);<\/li>\n<li>Appeler \u00e0 un monde meilleur en amplifiant la voix de ceux que nous servons et en rassemblant les personnes pour qu\u2019elles defendent leur cause et agissent (plaidoyer).\u201d<\/li>\n<\/ol>\n<p>Abb\u00e9 Oscar Kagimbura a \u00e9galement rappel\u00e9 les deux piliers sur lesquels Caritas repose, \u00e0 savoir (i) la pr\u00e9paration professionnelle et (ii) la formation du c\u0153ur, comme mentionn\u00e9 dans l&#8217;encyclique du Pape Beno\u00eet XVI <em>Deus Caritas Est (Dieu est Amour)<a href=\"#_ftn2\" name=\"_ftnref2\"><strong>[2]<\/strong><\/a><\/em>, publi\u00e9e le 25 d\u00e9cembre 2005 (page 31). \u00c0 cet \u00e9gard, le Secr\u00e9taire G\u00e9n\u00e9ral de Caritas Rwanda a appel\u00e9 \u00e0 tous les membres du personnel de Caritas d&#8217;adopter l&#8217;Esprit Caritas, qui est un esprit de compassion envers les personnes qu&#8217;ils servent.<\/p>\n<figure id=\"attachment_15528\" aria-describedby=\"caption-attachment-15528\" style=\"width: 2560px\" class=\"wp-caption alignnone\"><img loading=\"lazy\" decoding=\"async\" class=\"size-full wp-image-15528\" src=\"https:\/\/caritasrwanda.org\/fr\/wp-content\/uploads\/2025\/09\/162A4898-scaled.jpg\" alt=\"\" width=\"2560\" height=\"1707\" \/><figcaption id=\"caption-attachment-15528\" class=\"wp-caption-text\">Abb\u00e9 Oscar Kagimbura, Secr\u00e9taire G\u00e9n\u00e9ral de Caritas Rwanda pronon\u00e7ant son discours (lors de la r\u00e9union Nyundo\/Gisenyi) et Abb\u00e9 Jean Paul Rutakisha, Directeur de Caritas Nyundo\/Gisenyi.<\/figcaption><\/figure>\n<p>Ces r\u00e9unions ont \u00e9galement \u00e9t\u00e9 l&#8217;occasion de donner des explications approfondies sur la Caritas Nyarwanda. En effet, les contributions de la Caritas Nyarwanda servent \u00e0 s\u00e9courir les populations vuln\u00e9rables qui ont besoin d&#8217;aide d&#8217;urgence lors de catastrophes, sans attendre l\u2019aide ext\u00e9rieure.<\/p>\n<p><strong>Auto-analyse en groupes<\/strong><\/p>\n<p>Les participants ont travaill\u00e9 en groupes pour r\u00e9aliser l\u2019auto-analyse des pratiques actuelles en suivant ce mod\u00e8le: forces, faiblesses, opportunit\u00e9s et menaces. Ainsi, ils ont propos\u00e9 des mauvais pratiques \u00e0 stoper, de bonnes \u00e0 am\u00e9liorer et de nouvelles id\u00e9es \u00e0 mettre en \u0153uvre en mati\u00e8re de communication, de plaidoyer, de syn\u00e9rgie et de collaboration.<\/p>\n<figure id=\"attachment_15529\" aria-describedby=\"caption-attachment-15529\" style=\"width: 2560px\" class=\"wp-caption alignnone\"><img loading=\"lazy\" decoding=\"async\" class=\"size-full wp-image-15529\" src=\"https:\/\/caritasrwanda.org\/fr\/wp-content\/uploads\/2025\/09\/162A4943-scaled.jpg\" alt=\"\" width=\"2560\" height=\"1707\" \/><figcaption id=\"caption-attachment-15529\" class=\"wp-caption-text\">Auto-analyse dans les groupes (Nyundo\/Gisenyi).<\/figcaption><\/figure>\n<p>Parmi les recommandations formul\u00e9es par les groupes figurent l\u2019\u00e9laboration de la liste des personnes qui ont \u00e9t\u00e9 assist\u00e9es par Caritas et la mise en \u0153uvre du programme Garukushime, la sensibilisation des participants \u00e0 l&#8217;Esprit Caritas, et la mise en place d&#8217;une campagne r\u00e9guli\u00e8re pour le Mois de la Charit\u00e9 et de la Mis\u00e9ricorde afin d\u2019atteindre les enfants avant qu\u2019ils n\u2019aillent pas en vacances et les agriculteurs pendant les saisons de r\u00e9coltes.<\/p>\n<p>Les recommandations incluent \u00e9galement celle d&#8217;intensifier les efforts de rapportage sur l&#8217;utilisation des contributions du Mois de la Charit\u00e9 et de la Mis\u00e9ricorde dans toutes les structures de Caritas, de renforcer la collaboration entre les structures de Caritas, remplir nos responsabilit\u00e9s en tant que faisant partie de Caritas au lieu de se conduire comme employ\u00e9s des projets, et de promouvoir la visibilit\u00e9 des activit\u00e9s de Caritas dans les secteurs du d\u00e9veloppement et de la sant\u00e9.<\/p>\n<figure id=\"attachment_15530\" aria-describedby=\"caption-attachment-15530\" style=\"width: 2560px\" class=\"wp-caption alignnone\"><img loading=\"lazy\" decoding=\"async\" class=\"size-full wp-image-15530\" src=\"https:\/\/caritasrwanda.org\/fr\/wp-content\/uploads\/2025\/09\/162A4828-scaled.jpg\" alt=\"\" width=\"2560\" height=\"1707\" \/><figcaption id=\"caption-attachment-15530\" class=\"wp-caption-text\">Auto-analyse dans les groupes (Nyundo\/Kibuye).<\/figcaption><\/figure>\n<p>En plus, les participants ont demand\u00e9 que le personnel dans les projets de Caritas refl\u00e8te mieux sa v\u00e9ritable identit\u00e9 et collabore avec les structures de Caritas \u00e0 tous les niveaux dans la mise en \u0153uvre de ces projets, et que soient renforc\u00e9es les capacit\u00e9s des mobilisateurs du d\u00e9veloppement et de la sant\u00e9 tout au long de la mise en \u0153uvre des projets, afin qu&#8217;ils puissent faire le suivi avec les participants \u00a0durant et m\u00eame apr\u00e8s leur mise en \u0153uvre.<\/p>\n<p><a href=\"#_ftnref1\" name=\"_ftn1\">[1]<\/a> <a href=\"https:\/\/www.caritas.org\/wordpress\/wp-content\/uploads\/2023\/06\/FR22GA_04-CADRE-STRATEGIQUE.pdf\">https:\/\/www.caritas.org\/wordpress\/wp-content\/uploads\/2023\/06\/FR22GA_04-CADRE-STRATEGIQUE.pdf<\/a> \u00a0page 5<\/p>\n<p><a href=\"#_ftnref2\" name=\"_ftn2\">[2]<\/a> <a href=\"https:\/\/www.vatican.va\/content\/benedict-xvi\/fr\/encyclicals\/documents\/hf_ben-xvi_enc_20051225_deus-caritas-est.html\">https:\/\/www.vatican.va\/content\/benedict-xvi\/fr\/encyclicals\/documents\/hf_ben-xvi_enc_20051225_deus-caritas-est.html<\/a><\/p>\n","protected":false},"excerpt":{"rendered":"<p>On the 3rd of June, the steering committee meeting of the Slovenia Government and Karitas Slovenija-funded Tube Aheza, Amazi Hafi Project was held at Home Saint-Jean. The meeting was graced by the Karongi district Vice Mayor in charge of Finance and Economic Development Mr NIRAGIRE Th\u00e9ophile, Mr NIYONSABA Cyriack, the Executive Secretary of the Rugabano sector and priests from the Gisovu, Nyange and Mukungu parishes located in the sectors<\/p>\n","protected":false},"author":1,"featured_media":15527,"comment_status":"open","ping_status":"open","sticky":false,"template":"","format":"standard","meta":{"footnotes":""},"categories":[30],"tags":[7,10],"class_list":["post-15526","post","type-post","status-publish","format-standard","has-post-thumbnail","hentry","category-news","tag-business","tag-travel"],"_links":{"self":[{"href":"https:\/\/caritasrwanda.org\/fr\/wp-json\/wp\/v2\/posts\/15526","targetHints":{"allow":["GET"]}}],"collection":[{"href":"https:\/\/caritasrwanda.org\/fr\/wp-json\/wp\/v2\/posts"}],"about":[{"href":"https:\/\/caritasrwanda.org\/fr\/wp-json\/wp\/v2\/types\/post"}],"author":[{"embeddable":true,"href":"https:\/\/caritasrwanda.org\/fr\/wp-json\/wp\/v2\/users\/1"}],"replies":[{"embeddable":true,"href":"https:\/\/caritasrwanda.org\/fr\/wp-json\/wp\/v2\/comments?post=15526"}],"version-history":[{"count":1,"href":"https:\/\/caritasrwanda.org\/fr\/wp-json\/wp\/v2\/posts\/15526\/revisions"}],"predecessor-version":[{"id":15531,"href":"https:\/\/caritasrwanda.org\/fr\/wp-json\/wp\/v2\/posts\/15526\/revisions\/15531"}],"wp:featuredmedia":[{"embeddable":true,"href":"https:\/\/caritasrwanda.org\/fr\/wp-json\/wp\/v2\/media\/15527"}],"wp:attachment":[{"href":"https:\/\/caritasrwanda.org\/fr\/wp-json\/wp\/v2\/media?parent=15526"}],"wp:term":[{"taxonomy":"category","embeddable":true,"href":"https:\/\/caritasrwanda.org\/fr\/wp-json\/wp\/v2\/categories?post=15526"},{"taxonomy":"post_tag","embeddable":true,"href":"https:\/\/caritasrwanda.org\/fr\/wp-json\/wp\/v2\/tags?post=15526"}],"curies":[{"name":"wp","href":"https:\/\/api.w.org\/{rel}","templated":true}]}}