{"id":15521,"date":"2025-08-26T13:56:52","date_gmt":"2025-08-26T13:56:52","guid":{"rendered":"https:\/\/caritasrwanda.org\/fr\/?p=15521"},"modified":"2025-08-27T06:48:18","modified_gmt":"2025-08-27T06:48:18","slug":"atelier-devaluation-a-mi-parcours-du-plan-operationnel-2025-de-caritas-rwanda","status":"publish","type":"post","link":"https:\/\/caritasrwanda.org\/fr\/atelier-devaluation-a-mi-parcours-du-plan-operationnel-2025-de-caritas-rwanda\/","title":{"rendered":"Atelier d\u2019\u00e9valuation \u00e0 mi-parcours du Plan Op\u00e9rationnel 2025 de Caritas Rwanda"},"content":{"rendered":"<p>Le 21 ao\u00fbt 2025, au Centre Bonne Esp\u00e9rance, Caritas Rwanda et les Caritas dioc\u00e9saines ont organis\u00e9 un atelier de r\u00e9vision et d\u2019\u00e9valuation \u00e0 mi-parcours du Plan Op\u00e9rationnel 2025, premi\u00e8re ann\u00e9e de mise en \u0153uvre de son Plan Strat\u00e9gique 2025-2030.<\/p>\n<p>Dans son discours d&#8217;ouverture, Monsieur l\u2019Abb\u00e9 Oscar Kagimbura, G\u00e9n\u00e9ral de Caritas Rwanda, a d\u00e9clar\u00e9 que cet atelier visait \u00e0 faire le point sur les activit\u00e9s entreprises depuis le lancement du nouveau plan strat\u00e9gique (2025-2030), et \u00e0 ajuster les priorit\u00e9s afin d\u2019am\u00e9liorer l\u2019impact des interventions.<\/p>\n<p>L\u2019\u00e9valuation et la r\u00e9vision du plan op\u00e9rationnel ont \u00e9t\u00e9 faites par 4 d\u00e9partements, \u00e0 savoir: le d\u00e9partement d\u2019Administration et Finance, celui de la Sant\u00e9, celui des \u0152uvres socio-caritatives et le d\u00e9partement de D\u00e9veloppement.<\/p>\n<p>L\u2019\u00e9valuation \u00e0 mi-parcours a montr\u00e9 que la mise en \u0153uvre du Plan Op\u00e9rationnel 2025 est en bonne direction malgr\u00e9 les coupures de financement \u00e0 mi-chemin. Quelques ajustements sont n\u00e9cessaires, comme la migration de certaines activit\u00e9s dans d&#8217;autres d\u00e9partements.<\/p>\n<p>Le Plan Strat\u00e9gique 2025-2030 a l\u2019objectif global suivant : <em>\u201cLes conditions de vie des plus vuln\u00e9rables sont am\u00e9lior\u00e9es d\u2019une fa\u00e7on durable en leur assurant un d\u00e9veloppement humain int\u00e9gral dans un esprit de solidarit\u00e9\u201d<\/em>. Pour lire le Plan Strat\u00e9gique 2025-2030 de Caritas Rwanda en entier, cliquez sur ce lien : <a href=\"https:\/\/caritasrwanda.org\/wp-content\/uploads\/2025\/03\/SPlan-Caritas-Rwanda-FNL-2530-20032025-Final-compressed.pdf\">SPlan-Caritas-Rwanda-FNL-2530-20032025-Final-compressed.pdf<\/a><\/p>\n","protected":false},"excerpt":{"rendered":"<p>On the 3rd of June, the steering committee meeting of the Slovenia Government and Karitas Slovenija-funded Tube Aheza, Amazi Hafi Project was held at Home Saint-Jean. The meeting was graced by the Karongi district Vice Mayor in charge of Finance and Economic Development Mr NIRAGIRE Th\u00e9ophile, Mr NIYONSABA Cyriack, the Executive Secretary of the Rugabano sector and priests from the Gisovu, Nyange and Mukungu parishes located in the sectors<\/p>\n","protected":false},"author":1,"featured_media":15522,"comment_status":"open","ping_status":"open","sticky":false,"template":"","format":"standard","meta":{"footnotes":""},"categories":[30],"tags":[7,10],"class_list":["post-15521","post","type-post","status-publish","format-standard","has-post-thumbnail","hentry","category-news","tag-business","tag-travel"],"_links":{"self":[{"href":"https:\/\/caritasrwanda.org\/fr\/wp-json\/wp\/v2\/posts\/15521","targetHints":{"allow":["GET"]}}],"collection":[{"href":"https:\/\/caritasrwanda.org\/fr\/wp-json\/wp\/v2\/posts"}],"about":[{"href":"https:\/\/caritasrwanda.org\/fr\/wp-json\/wp\/v2\/types\/post"}],"author":[{"embeddable":true,"href":"https:\/\/caritasrwanda.org\/fr\/wp-json\/wp\/v2\/users\/1"}],"replies":[{"embeddable":true,"href":"https:\/\/caritasrwanda.org\/fr\/wp-json\/wp\/v2\/comments?post=15521"}],"version-history":[{"count":2,"href":"https:\/\/caritasrwanda.org\/fr\/wp-json\/wp\/v2\/posts\/15521\/revisions"}],"predecessor-version":[{"id":15524,"href":"https:\/\/caritasrwanda.org\/fr\/wp-json\/wp\/v2\/posts\/15521\/revisions\/15524"}],"wp:featuredmedia":[{"embeddable":true,"href":"https:\/\/caritasrwanda.org\/fr\/wp-json\/wp\/v2\/media\/15522"}],"wp:attachment":[{"href":"https:\/\/caritasrwanda.org\/fr\/wp-json\/wp\/v2\/media?parent=15521"}],"wp:term":[{"taxonomy":"category","embeddable":true,"href":"https:\/\/caritasrwanda.org\/fr\/wp-json\/wp\/v2\/categories?post=15521"},{"taxonomy":"post_tag","embeddable":true,"href":"https:\/\/caritasrwanda.org\/fr\/wp-json\/wp\/v2\/tags?post=15521"}],"curies":[{"name":"wp","href":"https:\/\/api.w.org\/{rel}","templated":true}]}}