{"id":15511,"date":"2025-08-18T14:20:45","date_gmt":"2025-08-18T14:20:45","guid":{"rendered":"https:\/\/caritasrwanda.org\/fr\/?p=15511"},"modified":"2025-08-20T10:47:12","modified_gmt":"2025-08-20T10:47:12","slug":"caritas-rwanda-et-les-congregations-religieuses-unies-pour-servir-les-plus-vulnerables","status":"publish","type":"post","link":"https:\/\/caritasrwanda.org\/fr\/caritas-rwanda-et-les-congregations-religieuses-unies-pour-servir-les-plus-vulnerables\/","title":{"rendered":"Caritas Rwanda et les congr\u00e9gations religieuses unies pour servir les plus vuln\u00e9rables"},"content":{"rendered":"<p>Le 12 ao\u00fbt 2025, Caritas Rwanda a organis\u00e9 une rencontre avec les repr\u00e9sentants des Congr\u00e9gations Religieuses au Centre Saint Vincent Pallotti, \u00e0 Gikondo, pour un triple objectif: leur rappeler Caritas et sa raison d\u2019\u00eatre, son objectif et sa mission, ses valeurs, ses structures et ses domaines d\u2019intervention.<\/p>\n<p>Cette r\u00e9union visait \u00e9galement \u00e0 renforcer la collaboration et la synergie, ainsi que le rapportage fid\u00e8le, afin de bien servir les plus vuln\u00e9rables. Dans leurs interventions, les consacr\u00e9s ont dit qu&#8217;ils font eux-m\u00eames la sensibilisation \u00e0 l\u2019Esprit Caritas pour assister les plus vuln\u00e9rables.<\/p>\n<p>Dans son mot d\u2019ouverture, Monsieur l\u2019Abb\u00e9 Oscar Kagimbura, Secr\u00e9taire G\u00e9n\u00e9ral de Caritas Rwanda, a mis l&#8217;accent sur le fait que la promotion des activit\u00e9s de prise en charge des personnes vuln\u00e9rables n&#8217;est pas envisag\u00e9e sous l&#8217;angle publicitaire, mais plut\u00f4t dans le but de faire du plaidoyer pour pouvoir aider un plus grand nombre de ces personnes.<\/p>\n<figure id=\"attachment_15513\" aria-describedby=\"caption-attachment-15513\" style=\"width: 2560px\" class=\"wp-caption alignnone\"><img loading=\"lazy\" decoding=\"async\" class=\"size-full wp-image-15513\" src=\"https:\/\/caritasrwanda.org\/fr\/wp-content\/uploads\/2025\/08\/162A4508-scaled.jpg\" alt=\"\" width=\"2560\" height=\"1706\" \/><figcaption id=\"caption-attachment-15513\" class=\"wp-caption-text\">Le P\u00e8re Oscar Kagimbura, Secr\u00e9taire G\u00e9n\u00e9ral de Caritas Rwanda, en pronon\u00e7ant son discours d&#8217;ouverture.<\/figcaption><\/figure>\n<p>S\u0153ur Gaudiose Nyiraneza, charg\u00e9e de l\u2019animation dans le D\u00e9partement des \u0152uvres Socio-Caritatives de la Caritas Rwanda, a fait une pr\u00e9sentation sur le Mois de la Charit\u00e9 et de la Mis\u00e9ricorde, ses contributions au fil des ann\u00e9es, ainsi que le renforcement de \u201cCaritas <em>Nyarwanda<\/em>\u201d.<\/p>\n<figure id=\"attachment_15514\" aria-describedby=\"caption-attachment-15514\" style=\"width: 2560px\" class=\"wp-caption alignnone\"><img loading=\"lazy\" decoding=\"async\" class=\"size-full wp-image-15514\" src=\"https:\/\/caritasrwanda.org\/fr\/wp-content\/uploads\/2025\/08\/162A4537-scaled.jpg\" alt=\"\" width=\"2560\" height=\"1706\" \/><figcaption id=\"caption-attachment-15514\" class=\"wp-caption-text\">S\u0153ur Gaudiose Nyiraneza a fait une pr\u00e9sentation sur le Mois de la Charit\u00e9 et de la Mis\u00e9ricorde.<\/figcaption><\/figure>\n<p>Par apr\u00e8s, Monsieur Prosper Sebagenzi, le Directeur des Programmes de Caritas Rwanda, a fait une pr\u00e9sentation sur Caritas Rwanda (Vision, Mission, Valeurs) et ses interventions qui s\u2019\u00e9tendent \u00e0 travers son r\u00e9seau: 10 Caritas dioc\u00e9saines, 229 Caritas des paroisses, 882 Caritas de centrales, 29.141 Communaut\u00e9 Eccl\u00e9siales de Base (CEB).<\/p>\n<figure id=\"attachment_15515\" aria-describedby=\"caption-attachment-15515\" style=\"width: 2560px\" class=\"wp-caption alignnone\"><img loading=\"lazy\" decoding=\"async\" class=\"size-full wp-image-15515\" src=\"https:\/\/caritasrwanda.org\/fr\/wp-content\/uploads\/2025\/08\/162A4522-scaled.jpg\" alt=\"\" width=\"2560\" height=\"1706\" \/><figcaption id=\"caption-attachment-15515\" class=\"wp-caption-text\">M. Prosper Sebagenzi, Directeur du Programme de Caritas Rwanda, a fait une pr\u00e9sentation sur Caritas Rwanda (Vision, Mission, Valeurs) et ses interventions.<\/figcaption><\/figure>\n<p>L&#8217;implication des congr\u00e9gations religieuses en faveur des personnes vuln\u00e9rables est particuli\u00e8rement importante, comme l&#8217;ont montr\u00e9 les discussions tr\u00e8s fructueuses.<\/p>\n<p>Les participants ont \u00e9galement \u00e9chang\u00e9 sur le Mois de la Charit\u00e9 et de la Mis\u00e9ricorde (ao\u00fbt) \u00e9tabli par les Ev\u00eaques du Rwanda dans le but de renforcer la Caritas Nyarwanda vers une r\u00e9silience et un d\u00e9veloppement humain int\u00e9gral des plus faibles.<\/p>\n<p><strong>Quelques id\u00e9es pr\u00e9sent\u00e9es par les repr\u00e9sentants des communaut\u00e9s religieuses<\/strong><\/p>\n<p>Apr\u00e8s la pr\u00e9sentation des recommandations issues du voyage d\u2019\u00e9tude men\u00e9 par les Caritas des dioc\u00e8ses et Caritas Rwanda dans le Dioc\u00e8se de Ruhengeri (qui a pris la premi\u00e8re place dans la collecte des contributions du Mois de la Charit\u00e9 et de la Mis\u00e9ricorde en 2023 et 2024), les repr\u00e9sentants des congr\u00e9gations religieuses ont fourni diverses id\u00e9es visant \u00e0 am\u00e9liorer davantage cette activit\u00e9.<\/p>\n<p>En effet, ils ont mentionn\u00e9 que beaucoup de gens per\u00e7oivent Caritas comme un fonds o\u00f9 on trouve toujours de l\u2019aide sans penser \u00e0 leur r\u00f4le d\u2019aider leur prochain. Comme ils l\u2019ont sugg\u00e9r\u00e9, il faut intensifier les efforts visant \u00e0 changer cette perception.<\/p>\n<figure id=\"attachment_15516\" aria-describedby=\"caption-attachment-15516\" style=\"width: 2560px\" class=\"wp-caption alignnone\"><img loading=\"lazy\" decoding=\"async\" class=\"size-full wp-image-15516\" src=\"https:\/\/caritasrwanda.org\/fr\/wp-content\/uploads\/2025\/08\/162A4545-scaled.jpg\" alt=\"\" width=\"2560\" height=\"1707\" \/><figcaption id=\"caption-attachment-15516\" class=\"wp-caption-text\">Ce fut une r\u00e9union pleine de discussions fructueuses.<\/figcaption><\/figure>\n<p>En ce qui concerne la collecte des dons pour le Mois de la Charit\u00e9 et de la Mis\u00e9ricorde, les representant des congregations religieuses ont affirm\u00e9 que le mois d&#8217;ao\u00fbt n&#8217;est pas suffisant, proposant plut\u00f4t que la collecte d\u00e9bute au moins en janvier.<\/p>\n<p>Une autre approche pour mobiliser les gens pendant le Mois de la Charit\u00e9 et de la Mis\u00e9ricorde concerne l\u2019organisation des \u00e9v\u00e9nements o\u00f9 les b\u00e9n\u00e9ficiaires de Caritas pourraient partager leurs t\u00e9moignages avec les chr\u00e9tiens. Ils ont soulign\u00e9 que cela permettrait \u00e0 beaucoup de comprendre l&#8217;importance de Caritas et ce qu&#8217;elle incarne.<\/p>\n<p>Concernant le rapportage des activit\u00e9s r\u00e9alis\u00e9es par les congregations religieuses, leurs repr\u00e9sentants ont sollicit\u00e9 la mise \u00e0 disposition d&#8217;un formulaire \u00e0 compl\u00e9ter afin de garantir la pr\u00e9cision et la ponctualit\u00e9 des informations transmises.<\/p>\n<figure id=\"attachment_15517\" aria-describedby=\"caption-attachment-15517\" style=\"width: 2560px\" class=\"wp-caption alignnone\"><img loading=\"lazy\" decoding=\"async\" class=\"size-full wp-image-15517\" src=\"https:\/\/caritasrwanda.org\/fr\/wp-content\/uploads\/2025\/08\/162A4573-scaled.jpg\" alt=\"\" width=\"2560\" height=\"1707\" \/><figcaption id=\"caption-attachment-15517\" class=\"wp-caption-text\">Les congr\u00e9gations religieuses m\u00e8nent de nombreuses activit\u00e9s caritatives, comme leurs repr\u00e9sentants l\u2019ont expliqu\u00e9.<\/figcaption><\/figure>\n<p>Il a \u00e9galement \u00e9t\u00e9 soulign\u00e9 lors de cette rencontre que les chr\u00e9tiens de la paroisse Saint-Pierre Cyahafi ont lanc\u00e9 \u201cCaritas Iwacu\u201d, dirig\u00e9 par un coordinateur \u00e0 temps plein, et que des dons r\u00e9guliers sont offerts par la communaut\u00e9 chr\u00e9tienne. Les repr\u00e9sentants des congr\u00e9gations religieuses estiment que cette activit\u00e9 devrait \u00eatre \u00e9largie \u00e0 d&#8217;autres endroits.<\/p>\n<p>Les d\u00e9l\u00e9gu\u00e9s des communaut\u00e9s religieuses ont aussi sollicit\u00e9 qu\u2019une telle r\u00e9union soit organis\u00e9e chaque ann\u00e9e pour \u00e9changer des id\u00e9es.<\/p>\n<p>De cl\u00f4turer, Abb\u00e9 Oscar Kagimbura a remerci\u00e9 les representant des congr\u00e9gations religieuses pour leur participation, leurs interventions et surtout leurs bonnes actions en faveur des plus vuln\u00e9rables. \u00c0 ce propos, <em>\u201cDonner vient d&#8217;un c\u0153ur d\u00e9vou\u00e9 aux autres, et non de ce que l&#8217;on poss\u00e8de.\u201d<\/em>, comme l\u2019a ajout\u00e9 Abb\u00e9 Oscar Kagimbura.<\/p>\n","protected":false},"excerpt":{"rendered":"<p>On the 3rd of June, the steering committee meeting of the Slovenia Government and Karitas Slovenija-funded Tube Aheza, Amazi Hafi Project was held at Home Saint-Jean. The meeting was graced by the Karongi district Vice Mayor in charge of Finance and Economic Development Mr NIRAGIRE Th\u00e9ophile, Mr NIYONSABA Cyriack, the Executive Secretary of the Rugabano sector and priests from the Gisovu, Nyange and Mukungu parishes located in the sectors<\/p>\n","protected":false},"author":1,"featured_media":15512,"comment_status":"open","ping_status":"open","sticky":false,"template":"","format":"standard","meta":{"footnotes":""},"categories":[30],"tags":[7,10],"class_list":["post-15511","post","type-post","status-publish","format-standard","has-post-thumbnail","hentry","category-news","tag-business","tag-travel"],"_links":{"self":[{"href":"https:\/\/caritasrwanda.org\/fr\/wp-json\/wp\/v2\/posts\/15511","targetHints":{"allow":["GET"]}}],"collection":[{"href":"https:\/\/caritasrwanda.org\/fr\/wp-json\/wp\/v2\/posts"}],"about":[{"href":"https:\/\/caritasrwanda.org\/fr\/wp-json\/wp\/v2\/types\/post"}],"author":[{"embeddable":true,"href":"https:\/\/caritasrwanda.org\/fr\/wp-json\/wp\/v2\/users\/1"}],"replies":[{"embeddable":true,"href":"https:\/\/caritasrwanda.org\/fr\/wp-json\/wp\/v2\/comments?post=15511"}],"version-history":[{"count":2,"href":"https:\/\/caritasrwanda.org\/fr\/wp-json\/wp\/v2\/posts\/15511\/revisions"}],"predecessor-version":[{"id":15519,"href":"https:\/\/caritasrwanda.org\/fr\/wp-json\/wp\/v2\/posts\/15511\/revisions\/15519"}],"wp:featuredmedia":[{"embeddable":true,"href":"https:\/\/caritasrwanda.org\/fr\/wp-json\/wp\/v2\/media\/15512"}],"wp:attachment":[{"href":"https:\/\/caritasrwanda.org\/fr\/wp-json\/wp\/v2\/media?parent=15511"}],"wp:term":[{"taxonomy":"category","embeddable":true,"href":"https:\/\/caritasrwanda.org\/fr\/wp-json\/wp\/v2\/categories?post=15511"},{"taxonomy":"post_tag","embeddable":true,"href":"https:\/\/caritasrwanda.org\/fr\/wp-json\/wp\/v2\/tags?post=15511"}],"curies":[{"name":"wp","href":"https:\/\/api.w.org\/{rel}","templated":true}]}}