{"id":15507,"date":"2025-07-31T14:56:13","date_gmt":"2025-07-31T14:56:13","guid":{"rendered":"https:\/\/caritasrwanda.org\/fr\/?p=15507"},"modified":"2025-07-31T14:59:13","modified_gmt":"2025-07-31T14:59:13","slug":"des-familles-vulnerables-de-ruharambuga-relogees-dans-de-nouvelles-maisons","status":"publish","type":"post","link":"https:\/\/caritasrwanda.org\/fr\/des-familles-vulnerables-de-ruharambuga-relogees-dans-de-nouvelles-maisons\/","title":{"rendered":"Des familles vuln\u00e9rables de Ruharambuga relog\u00e9es dans de nouvelles maisons"},"content":{"rendered":"<p>Quarante-deux familles vuln\u00e9rables du secteur de Ruharambuga, dans le district de Nyamasheke, ont vu leur vie transform\u00e9e gr\u00e2ce \u00e0 une initiative conjointe men\u00e9e par la Caritas Cyangugu, le Rwanda Development Board (RDB) et le District de Nyamasheke. Ce projet s\u2019inscrit dans la politique nationale de partage des revenus du tourisme avec les communaut\u00e9s locales vivant \u00e0 proximit\u00e9 des sites touristiques, notamment la for\u00eat de Nyungwe.<\/p>\n<p>Parmi les b\u00e9n\u00e9ficiaires figure Mukarurangwa Marianne, qui se souvient avec \u00e9motion du jour o\u00f9 elle a re\u00e7u sa maison : <em>\u201cNous avions dormi longtemps dans des tr\u00e8s mauvaises conditions, sous la pluie et dans le froid. Ce jour-l\u00e0, nous \u00e9tions si heureux qu\u2019on aurait dit que nous \u00e9tions morts de joie.\u201d<\/em><\/p>\n<p>Les nouvelles maisons, compos\u00e9es de trois chambres, d\u2019un salon, d\u2019une cuisine, de toilettes et d\u2019une salle de bain ext\u00e9rieures, ainsi que de citernes d\u2019eau de 3.000 ou 5.000 litres, offrent bien plus qu\u2019un simple toit. Elles symbolisent l\u2019espoir retrouv\u00e9, la s\u00e9curit\u00e9 et la dignit\u00e9 pour ces familles autrefois h\u00e9berg\u00e9es dans des maisons pr\u00e9caires.<\/p>\n<p>Selon Abb\u00e9 Hyacinthe Irakoze, Directeur de la Caritas Cyangugu, le financement a \u00e9t\u00e9 fourni par le RDB via le District de Nyamasheke, et Caritas a assur\u00e9 la mise en \u0153uvre, en fournissant \u00e9galement du mobilier de base et de la nourriture aux familles relog\u00e9es.<\/p>\n<p><em>\u201cApr\u00e8s la construction, nous fournissons des meubles, des lits, des matelas et des vivres pour garantir un niveau de vie minimal. Bien que le RDB soutienne ce projet, Caritas recherche aussi d&#8217;autres ressources pour am\u00e9liorer les conditions de vie dans ces maisons\u201d<\/em>, a ajout\u00e9 Abb\u00e9 Hyacinthe.<\/p>\n<p>Jusqu\u2019\u00e0 pr\u00e9sent, 26 familles ont \u00e9t\u00e9 relog\u00e9es, et 16 autres seront prochainement install\u00e9es dans leurs nouvelles habitations. Des b\u00e9n\u00e9ficiaires comme Bavugamenshi Th\u00e9obald et Musabyimana Marthe saluent la qualit\u00e9 de leur logement et comparent leur nouveau quartier \u00e0 un village mod\u00e8le.<\/p>\n<p>En parall\u00e8le, les familles se mobilisent pour am\u00e9liorer encore leurs conditions de vie. Elles ont commenc\u00e9 \u00e0 collecter des fonds, 10 000 Frw par famille, afin d\u2019installer l\u2019\u00e9lectricit\u00e9, dont les infrastructures sont d\u00e9j\u00e0 en place. Caritas a promis de plaider leur cause aupr\u00e8s du District, qui collaborera avec REG pour concr\u00e9tiser ce projet.<\/p>\n<p><em>\u201cNous avons d\u00e9j\u00e0 collect\u00e9 environ 120 000 Frw. Nous continuons \u00e0 chercher un donateur qui pourrait nous aider \u00e0 finaliser l\u2019installation\u201d<\/em>, explique Nsengamungu Denis, un leader Communautaire (Mutwarasibo).<\/p>\n<p>Un centre de d\u00e9veloppement de la petite enfance (ECD), actuellement en construction, viendra compl\u00e9ter cette action sociale. Dot\u00e9 de deux salles, d\u2019une cuisine, d\u2019un stock, de toilettes et d\u2019une cour de jeux, il permettra aux parents de se consacrer \u00e0 des activit\u00e9s g\u00e9n\u00e9ratrices de revenus pendant que leurs enfants seront pris en charge dans un environnement s\u00e9curis\u00e9.<\/p>\n<p>Pour plus d&#8217;informations, regardez la vid\u00e9o suivante :<\/p>\n<p><iframe loading=\"lazy\" title=\"\ud835\udc00\ud835\udc1b\ud835\udc2e\ud835\udc1b\ud835\udc1a\ud835\udc24\ud835\udc22\ud835\udc30\ud835\udc1e \ud835\udc1a\ud835\udc26\ud835\udc1a\ud835\udc33\ud835\udc2e \ud835\udc26\ud835\udc2e\ud835\udc2b\ud835\udc22 \ud835\udc11\ud835\udc2e\ud835\udc21\ud835\udc1a\ud835\udc2b\ud835\udc1a\ud835\udc26\ud835\udc1b\ud835\udc2e\ud835\udc20\ud835\udc1a \ud835\udc1b\ud835\udc1a\ud835\udc2b\ud835\udc1a\ud835\udc2c\ud835\udc21\ud835\udc22\ud835\udc26\ud835\udc1a\" width=\"847\" height=\"476\" src=\"https:\/\/www.youtube.com\/embed\/fy5DgJltYSU?start=330&#038;feature=oembed\" frameborder=\"0\" allow=\"accelerometer; autoplay; clipboard-write; encrypted-media; gyroscope; picture-in-picture; web-share\" referrerpolicy=\"strict-origin-when-cross-origin\" allowfullscreen><\/iframe><\/p>\n<p>&nbsp;<\/p>\n<p>&nbsp;<\/p>\n","protected":false},"excerpt":{"rendered":"<p>On the 3rd of June, the steering committee meeting of the Slovenia Government and Karitas Slovenija-funded Tube Aheza, Amazi Hafi Project was held at Home Saint-Jean. The meeting was graced by the Karongi district Vice Mayor in charge of Finance and Economic Development Mr NIRAGIRE Th\u00e9ophile, Mr NIYONSABA Cyriack, the Executive Secretary of the Rugabano sector and priests from the Gisovu, Nyange and Mukungu parishes located in the sectors<\/p>\n","protected":false},"author":1,"featured_media":15508,"comment_status":"open","ping_status":"open","sticky":false,"template":"","format":"standard","meta":{"footnotes":""},"categories":[30],"tags":[7,10],"class_list":["post-15507","post","type-post","status-publish","format-standard","has-post-thumbnail","hentry","category-news","tag-business","tag-travel"],"_links":{"self":[{"href":"https:\/\/caritasrwanda.org\/fr\/wp-json\/wp\/v2\/posts\/15507","targetHints":{"allow":["GET"]}}],"collection":[{"href":"https:\/\/caritasrwanda.org\/fr\/wp-json\/wp\/v2\/posts"}],"about":[{"href":"https:\/\/caritasrwanda.org\/fr\/wp-json\/wp\/v2\/types\/post"}],"author":[{"embeddable":true,"href":"https:\/\/caritasrwanda.org\/fr\/wp-json\/wp\/v2\/users\/1"}],"replies":[{"embeddable":true,"href":"https:\/\/caritasrwanda.org\/fr\/wp-json\/wp\/v2\/comments?post=15507"}],"version-history":[{"count":1,"href":"https:\/\/caritasrwanda.org\/fr\/wp-json\/wp\/v2\/posts\/15507\/revisions"}],"predecessor-version":[{"id":15509,"href":"https:\/\/caritasrwanda.org\/fr\/wp-json\/wp\/v2\/posts\/15507\/revisions\/15509"}],"wp:featuredmedia":[{"embeddable":true,"href":"https:\/\/caritasrwanda.org\/fr\/wp-json\/wp\/v2\/media\/15508"}],"wp:attachment":[{"href":"https:\/\/caritasrwanda.org\/fr\/wp-json\/wp\/v2\/media?parent=15507"}],"wp:term":[{"taxonomy":"category","embeddable":true,"href":"https:\/\/caritasrwanda.org\/fr\/wp-json\/wp\/v2\/categories?post=15507"},{"taxonomy":"post_tag","embeddable":true,"href":"https:\/\/caritasrwanda.org\/fr\/wp-json\/wp\/v2\/tags?post=15507"}],"curies":[{"name":"wp","href":"https:\/\/api.w.org\/{rel}","templated":true}]}}