{"id":15484,"date":"2025-06-27T11:27:20","date_gmt":"2025-06-27T11:27:20","guid":{"rendered":"https:\/\/caritasrwanda.org\/fr\/?p=15484"},"modified":"2025-06-27T11:27:20","modified_gmt":"2025-06-27T11:27:20","slug":"caritas-rwanda-encourage-les-etudiants-de-linstitut-superieur-de-sante-de-ruli-a-poursuivre-leur-engagement-envers-les-plus-vulnerables","status":"publish","type":"post","link":"https:\/\/caritasrwanda.org\/fr\/caritas-rwanda-encourage-les-etudiants-de-linstitut-superieur-de-sante-de-ruli-a-poursuivre-leur-engagement-envers-les-plus-vulnerables\/","title":{"rendered":"Caritas Rwanda encourage les \u00e9tudiants de l\u2019Institut Sup\u00e9rieur de Sant\u00e9 de Ruli \u00e0 poursuivre leur engagement envers les plus vuln\u00e9rables"},"content":{"rendered":"<p>Dans le cadre d\u2019appeler tout le monde \u00e0 assister les personnes vuln\u00e9rables, le 26 juin 2025, une \u00e9quipe de Caritas Rwanda a rencontr\u00e9 les \u00e9tudiants et la direction de l\u2019Institut Sup\u00e9rieur de Sant\u00e9 de Ruli, pour leur sensibiliser \u00e0 l&#8217;Esprit Caritas.<\/p>\n<p>Dans son mot d&#8217;ouverture, Eric Karera, vice-chancelier de l\u2019Institut Sup\u00e9rieur de Sant\u00e9 de Ruli, a souhait\u00e9 la bienvenue \u00e0 l\u2019\u00e9quipe de Caritas Rwanda et a encourag\u00e9 les \u00e9tudiants \u00e0 suivre la presentation, d&#8217;autant plus que leur motto <em>\u201cTous dans l&#8217;amour du Christ\u201d<\/em> (In caritate Christi) rentre dans le m\u00eame ordre.<\/p>\n<p>Dans sa pr\u00e9sentation, S\u0153ur Gaudiose Nyiraneza, charg\u00e9e de l&#8217;Animation et Actions Sociales au sein du D\u00e9partement des Oeuvres Socio-Caritatives de Caritas Rwanda, a pr\u00e9sent\u00e9 les trois objectifs sp\u00e9cifiques du Plan strat\u00e9gique actuel de Caritas Rwanda (2025-2030), pour le D\u00e9partement des Oeuvres Socio-Caritatives \u00e0 savoir:<\/p>\n<p>(i) Faire mieux connaitre l\u2019identit\u00e9 et la mission de la Caritas ;<\/p>\n<p>(ii) Am\u00e9liorer les conditions de vie des personnes vuln\u00e9rables ;<\/p>\n<p>(iii) R\u00e9duire l\u2019impact des crises humanitaires sur les populations affect\u00e9es.<\/p>\n<p>S\u0153ur Gaudiose a \u00e9galement pr\u00e9sent\u00e9 aux participants le Mois de la Charit\u00e9 et de la Mis\u00e9rcorde, o\u00f9 les chr\u00e9tiens et autres personnes bienveillantes contribuent pour apporter leur soutien aux personnes vuln\u00e9rables. Les \u00e9tudiants ont indiqu\u00e9 qu&#8217;ils n&#8217;en \u00e9taient pas au courant et ont re\u00e7u des explications d\u00e9taill\u00e9es, ainsi que la mani\u00e8re dont les dioc\u00e8ses ont collect\u00e9 les fonds du Mois de la Charit\u00e9 et de la Mis\u00e9rcorde au cours de l&#8217;ann\u00e9e 2024. Les dirigeants et les \u00e9tudiants ont exprim\u00e9 leur joie \u00e0 l\u2019occasion de cet \u00e9v\u00e9nement annuel qui a \u00e9t\u00e9 \u00e9tabli par les \u00e9v\u00eaques pour soutenir les actions caritatives de l&#8217;\u00c9glise catholique au Rwanda.<\/p>\n<figure id=\"attachment_15486\" aria-describedby=\"caption-attachment-15486\" style=\"width: 2560px\" class=\"wp-caption alignnone\"><img loading=\"lazy\" decoding=\"async\" class=\"size-full wp-image-15486\" src=\"https:\/\/caritasrwanda.org\/fr\/wp-content\/uploads\/2025\/06\/162A3662-scaled.jpg\" alt=\"\" width=\"2560\" height=\"1707\" \/><figcaption id=\"caption-attachment-15486\" class=\"wp-caption-text\">S\u0153ur Gaudiose, lors de sa pr\u00e9sentation.<\/figcaption><\/figure>\n<p>Par ailleurs, S\u0153ur Gaudiose a pr\u00e9sent\u00e9 les r\u00e9alisations de la Caritas Rwanda en mati\u00e8re de prise en charge des personnes vuln\u00e9rables au cours des cinq derni\u00e8res ann\u00e9es (2020-2024), exhortant \u00e9galement les \u00e9tudiants \u00e0 \u00e9laborer un plan d&#8217;action pour aider les personnes vuln\u00e9rables, afin de pouvoir \u00e9valuer leurs r\u00e9alisations.<\/p>\n<p>Eric Karera, vice-chancelier de l\u2019Institut Sup\u00e9rieur de Sant\u00e9 de Ruli, a d\u00e9clar\u00e9 qu&#8217;il s&#8217;agissait d&#8217;un bon exemple \u00e0 suivre.<\/p>\n<p><strong>Actions caritatives men\u00e9es \u00e0 l\u2019Institut Sup\u00e9rieur de Sant\u00e9 de Ruli<\/strong><\/p>\n<p>Comme ces \u00e9tudiants l&#8217;ont expliqu\u00e9, avec le soutien de l&#8217;administration de l\u2019Institut Sup\u00e9rieur de Sant\u00e9 de Ruli, ils m\u00e8nent r\u00e9guli\u00e8rement des actions caritatives, notamment en rendant visite aux patients, en leur offrant le mat\u00e9riel dont ils ont besoin et en aidant leurs coll\u00e8gues et la communaut\u00e9 environnante, \u00e0 travers leur association <em>\u201cHumura Turi Kumwe\u201d<\/em>.<\/p>\n<p>Anitha Niyogisubizo, \u00e9tudiante representant ceux de la premi\u00e8re ann\u00e9e (la promotion de septembre 2024), explique qu\u2019ils je\u00fbnent les vendredi (soir), et utilisent ce repas pour pour rendre visite aux patients de l&#8217;H\u00f4pital de Ruli, ceux qui ont besoin de mat\u00e9riel ou d&#8217;argent pour se faire soigner, de meme qu\u2019ils peuvent collecter des dons en cas de besoin.<\/p>\n<p>Bien que tous les \u00e9tudiants ne soient pas membres de l\u2019association Humura Turi Kumwe, Anitha explique qu\u2019ils donnent des contributions: <em>\u201cNous avons un groupe WhatsApp. Lorsque nous organisons un \u00e9v\u00e9nement, nous nous le signalons mutuellement, les membres informent les autres \u00e9tudiants et ils apportent leur soutien.\u201d<\/em>, ajoute Anitha.<\/p>\n<p>Jean Pierre Nkurikiyumugisha, professeur et responsable de la Division des Soins Infirmiers G\u00e9n\u00e9raux dans cet institut, explique que les activit\u00e9s caritatives ne se limitent pas aux personnes ext\u00e9rieures. Gr\u00e2ce \u00e0 Humura Turi Kumwe, les \u00e9tudiants, les enseignants et la direction aident les \u00e9tudiants vuln\u00e9rables. Comme example, il a cit\u00e9: <em>\u201cUn \u00e9tudiant \u00e9tait malade et son op\u00e9ration devait co\u00fbter plus d&#8217;un million de francs rwandais. Nous avons collect\u00e9 les fonds et il a \u00e9t\u00e9 soign\u00e9. Il a poursuivi ses \u00e9tudes et se porte bien aujourd\u2019hui\u201d<\/em>.<\/p>\n<figure id=\"attachment_15487\" aria-describedby=\"caption-attachment-15487\" style=\"width: 2560px\" class=\"wp-caption alignnone\"><img loading=\"lazy\" decoding=\"async\" class=\"size-full wp-image-15487\" src=\"https:\/\/caritasrwanda.org\/fr\/wp-content\/uploads\/2025\/06\/162A3645-scaled.jpg\" alt=\"\" width=\"2560\" height=\"1707\" \/><figcaption id=\"caption-attachment-15487\" class=\"wp-caption-text\">Quelques \u00e9tudiants de l&#8217;Institut Sup\u00e9rieur de Sant\u00e9 Ruli lors de cette r\u00e9union de sensibilisation.<\/figcaption><\/figure>\n<p>Quant au vice-chancelier de l\u2019Institut Sup\u00e9rieur de Sant\u00e9 de Ruli, Eric Karera, la direction de l&#8217;institut, fid\u00e8le \u00e0 la devise \u201cTout dans l&#8217;amour du Christ\u201d, encourage les \u00e9l\u00e8ves \u00e0 sensibiliser la communaut\u00e9 \u00e0 avoir une bonne hygi\u00e8ne et une alimentation \u00e9quilibr\u00e9e, car ce sont aussi des actes de charit\u00e9. <em>\u201cEt lorsqu&#8217;ils trouvent quelqu&#8217;un dans le besoin, ils lui pr\u00e9parent un potager et lui pr\u00e9parent un tablette ou \u00e9taler la vaisselle s&#8217;il n&#8217;en a pas.\u201d<\/em>, ajoute-t-il. Ces activit\u00e9s sont men\u00e9es en collaboration avec les autorit\u00e9s locales. Eric Karera ajoute que pour aider, il n&#8217;est pas n\u00e9cessaire d&#8217;etre riche, mais plut\u00f4t d&#8217;apprendre \u00e0 le faire et d&#8217;\u00eatre inform\u00e9 sur la mani\u00e8re de le faire.<\/p>\n<p>En octobre 2023, Caritas Rwanda a organis\u00e9 une campagne similaire \u00e0 l\u2019Institut Sup\u00e9rieur de Sant\u00e9 de Ruli. Durant celle du 26 juin 2025, la direction a demand\u00e9 qu&#8217;elle soit faite chaque ann\u00e9e, car les \u00e9tudiants changent souvent de location \u00e0 cause des stages. Ainsi, un \u00e9tudiant qui a manqu\u00e9 l\u2019occasion pour une ann\u00e9e, pourra en b\u00e9n\u00e9ficier l\u2019ann\u00e9e prochaine.<\/p>\n","protected":false},"excerpt":{"rendered":"<p>On the 3rd of June, the steering committee meeting of the Slovenia Government and Karitas Slovenija-funded Tube Aheza, Amazi Hafi Project was held at Home Saint-Jean. The meeting was graced by the Karongi district Vice Mayor in charge of Finance and Economic Development Mr NIRAGIRE Th\u00e9ophile, Mr NIYONSABA Cyriack, the Executive Secretary of the Rugabano sector and priests from the Gisovu, Nyange and Mukungu parishes located in the sectors<\/p>\n","protected":false},"author":1,"featured_media":15485,"comment_status":"open","ping_status":"open","sticky":false,"template":"","format":"standard","meta":{"footnotes":""},"categories":[30],"tags":[7,10],"class_list":["post-15484","post","type-post","status-publish","format-standard","has-post-thumbnail","hentry","category-news","tag-business","tag-travel"],"_links":{"self":[{"href":"https:\/\/caritasrwanda.org\/fr\/wp-json\/wp\/v2\/posts\/15484","targetHints":{"allow":["GET"]}}],"collection":[{"href":"https:\/\/caritasrwanda.org\/fr\/wp-json\/wp\/v2\/posts"}],"about":[{"href":"https:\/\/caritasrwanda.org\/fr\/wp-json\/wp\/v2\/types\/post"}],"author":[{"embeddable":true,"href":"https:\/\/caritasrwanda.org\/fr\/wp-json\/wp\/v2\/users\/1"}],"replies":[{"embeddable":true,"href":"https:\/\/caritasrwanda.org\/fr\/wp-json\/wp\/v2\/comments?post=15484"}],"version-history":[{"count":1,"href":"https:\/\/caritasrwanda.org\/fr\/wp-json\/wp\/v2\/posts\/15484\/revisions"}],"predecessor-version":[{"id":15488,"href":"https:\/\/caritasrwanda.org\/fr\/wp-json\/wp\/v2\/posts\/15484\/revisions\/15488"}],"wp:featuredmedia":[{"embeddable":true,"href":"https:\/\/caritasrwanda.org\/fr\/wp-json\/wp\/v2\/media\/15485"}],"wp:attachment":[{"href":"https:\/\/caritasrwanda.org\/fr\/wp-json\/wp\/v2\/media?parent=15484"}],"wp:term":[{"taxonomy":"category","embeddable":true,"href":"https:\/\/caritasrwanda.org\/fr\/wp-json\/wp\/v2\/categories?post=15484"},{"taxonomy":"post_tag","embeddable":true,"href":"https:\/\/caritasrwanda.org\/fr\/wp-json\/wp\/v2\/tags?post=15484"}],"curies":[{"name":"wp","href":"https:\/\/api.w.org\/{rel}","templated":true}]}}