{"id":15470,"date":"2025-06-20T11:33:59","date_gmt":"2025-06-20T11:33:59","guid":{"rendered":"https:\/\/caritasrwanda.org\/fr\/?p=15470"},"modified":"2025-06-23T06:50:23","modified_gmt":"2025-06-23T06:50:23","slug":"iwawa-caritas-rwanda-a-sensibilise-a-la-prevention-du-vih-et-du-gbv","status":"publish","type":"post","link":"https:\/\/caritasrwanda.org\/fr\/iwawa-caritas-rwanda-a-sensibilise-a-la-prevention-du-vih-et-du-gbv\/","title":{"rendered":"Iwawa : Caritas Rwanda a exhort\u00e9 les jeunes \u00e0 la pr\u00e9vention du VIH et du VBG (Violence Bas\u00e9e sur le Genre)"},"content":{"rendered":"<p>Dans le cadre de ses efforts continus pour r\u00e9duire la propagation du VIH et de lutter contre la Violence Bas\u00e9e sur le Genre (VBG) parmi les jeunes les plus vuln\u00e9rables du Rwanda, Caritas Rwanda, par l\u2019interm\u00e9diaire du programme Igire-Gimbuka, a organis\u00e9 une journ\u00e9e de sensibilisation au Centre de R\u00e9adaptation d\u2019Iwawa, situ\u00e9 dans le District de Rutsiro, le 18 juin 2025. Cette initiative a \u00e9t\u00e9 men\u00e9e en partenariat avec le District de Rutsiro et le Dioc\u00e8se de Nyundo.<\/p>\n<p>Cette campagne visait \u00e0 sensibiliser les jeunes d\u2019Iwawa \u00e0 la pr\u00e9vention du VIH et du VBG, ainsi que les encourager \u00e0 se faire le d\u00e9pistage volontaire du VIH et \u00e0 suivre un traitement en cas de s\u00e9ropositivit\u00e9.<\/p>\n<p>La campagne a d\u00e9but\u00e9 par une Sainte Messe pr\u00e9sid\u00e9e par S.E.Mgr Anaclet MWUMVANEZA, Ev\u00eaque du Dioc\u00e8se de Nyundo et Pr\u00e9sident de Caritas Rwanda, au cours de laquelle 41 jeunes ont \u00e9t\u00e9 baptis\u00e9s, 5 ont re\u00e7u leur premi\u00e8re Communion tandis que 31 autres ont re\u00e7u la confirmation.<\/p>\n<p><img loading=\"lazy\" decoding=\"async\" class=\"size-full wp-image-15472\" src=\"https:\/\/caritasrwanda.org\/fr\/wp-content\/uploads\/2025\/06\/162A3525-scaled.jpg\" alt=\"\" width=\"2560\" height=\"1707\" \/><\/p>\n<p>41 jeunes ont re\u00e7u du bapt\u00eame.<strong>Messages du jour<\/strong><\/p>\n<p>Au cours de cette campagne, plusieurs discours des invit\u00e9s ont port\u00e9 sur les messages d&#8217;espoir, encourageant les jeunes \u00e0 bien se comporter m\u00eame apr\u00e8s leur sortie de ce centre, \u00e0 se faire d\u00e9pister volontairement le VIH et \u00e0 suivre imm\u00e9diatement le traitement en cas de s\u00e9ropositivit\u00e9.<\/p>\n<p>Le R\u00e9v\u00e9rend P\u00e8re Eug\u00e8ne Niyonzima,SAC, responsable de la Congr\u00e9gation Pallottine dans la R\u00e9gion des Grands Lacs ainsi que la Belgique, et pr\u00e9sident de la Conf\u00e9rence\u00a0des Sup\u00e9rieurs Majeurs au Rwanda (COSUMAR), a r\u00e9confort\u00e9 les jeunes d\u2019Iwawa, leur rappelant que m\u00eame si les gens traversent des situations difficiles qui engendrent des blessures \u00e9motionnelles ou commettent des actes r\u00e9pr\u00e9hensibles qui poussent la soci\u00e9t\u00e9 \u00e0 leur donner des noms m\u00e9prisables, Dieu \u00e9crit les lettres droits sur des lignes tortueuses, avec un stylo appel\u00e9 \u201cMis\u00e9ricorde\u201d. Il a ajout\u00e9 que tant qu&#8217;ils ont un c\u0153ur repentant, Dieu est pr\u00eat \u00e0 les pardonner et \u00e0 les transformer positivement.<\/p>\n<figure id=\"attachment_15473\" aria-describedby=\"caption-attachment-15473\" style=\"width: 2560px\" class=\"wp-caption alignnone\"><img loading=\"lazy\" decoding=\"async\" class=\"size-full wp-image-15473\" src=\"https:\/\/caritasrwanda.org\/fr\/wp-content\/uploads\/2025\/06\/162A3562-scaled.jpg\" alt=\"\" width=\"2560\" height=\"1707\" \/><figcaption id=\"caption-attachment-15473\" class=\"wp-caption-text\">Abb\u00e9 Eug\u00e8ne Niyonzima a delivr\u00e9 un message d&#8217;espoir.<\/figcaption><\/figure>\n<p>Le coordinateur du Centre de r\u00e9adaptation d&#8217;Iwawa, Dr Jean Damasc\u00e8ne Nshimiyimana, a remerci\u00e9 les invit\u00e9s d&#8217;avoir rendu visite aux jeunes d&#8217;Iwawa, leur apportant la nourriture spirituelle et divers dons physiques. <em>\u201cIl faut parfois m\u00e9langer les rem\u00e8des pour trouver la gu\u00e9rison. La religion et l&#8217;\u00e9vang\u00e9lisation jouent un r\u00f4le majeur dans la gu\u00e9rison. Nous vous remercions d&#8217;avoir laiss\u00e9 les 99 brebis et d&#8217;\u00eatre venus chercher celle qui \u00e9tait perdue\u201d<\/em>, a-t-il ajout\u00e9.<\/p>\n<figure id=\"attachment_15474\" aria-describedby=\"caption-attachment-15474\" style=\"width: 2560px\" class=\"wp-caption alignnone\"><img loading=\"lazy\" decoding=\"async\" class=\"size-full wp-image-15474\" src=\"https:\/\/caritasrwanda.org\/fr\/wp-content\/uploads\/2025\/06\/162A3578-scaled.jpg\" alt=\"\" width=\"2560\" height=\"1707\" \/><figcaption id=\"caption-attachment-15474\" class=\"wp-caption-text\">Dr Jean Damasc\u00e8ne Nshimiyimana, coordinateur du Centre Iwawa.<\/figcaption><\/figure>\n<p>Faisant allusion au slogan souvent utilis\u00e9 \u00e0 Iwawa <em>\u201cSa\u00fcl est devenu Paul\u201d<\/em>, S.E. Mgr Anaclet Mwumvaneza, Pr\u00e9sident de la Caritas Rwanda et Ev\u00eaque du Dioc\u00e8se de Nyundo, a exhort\u00e9 les jeunes \u00e0 \u00e9viter de se comporter comme Sa\u00fcl, qui pers\u00e9cutait le peuple de Dieu, et \u00e0 ressembler \u00e0 Paul, qui est devenu ap\u00f4tre.<\/p>\n<figure id=\"attachment_15475\" aria-describedby=\"caption-attachment-15475\" style=\"width: 2560px\" class=\"wp-caption alignnone\"><img loading=\"lazy\" decoding=\"async\" class=\"size-full wp-image-15475\" src=\"https:\/\/caritasrwanda.org\/fr\/wp-content\/uploads\/2025\/06\/162A3589-scaled.jpg\" alt=\"\" width=\"2560\" height=\"1707\" \/><figcaption id=\"caption-attachment-15475\" class=\"wp-caption-text\">Mgr Anaclet Mwumvaneza.<\/figcaption><\/figure>\n<p>Les banderoles qui ont \u00e9t\u00e9 post\u00e9 sur le lieu invitaient les jeunes \u00e0 faire le d\u00e9pistage volontaire du VIH afin de conna\u00eetre leur statut s\u00e9rologique et de suivre un traitement en cas de s\u00e9ropositivit\u00e9.<\/p>\n<p>Au cours de cette campagne, Caritas Rwanda, \u00e0 travers le programme Igire-Gimbuka, a fait don d\u2019\u00e9quipements de football \u00e0 deux \u00e9quipes, la paroisse Congo Nil a fait dons de ballons de basket-ball, tandis que la Conf\u00e9rence\u00a0des Sup\u00e9rieurs Majeurs au Rwanda ont fait don de v\u00eatements et de chaussures (pour les jeunes vuln\u00e9rables d\u2019Iwawa), de Bibles, de divers livres et de chapelets (pour ceux qui ont re\u00e7u les sacrements).<\/p>\n<p>Igire-Gimbuka, est un programme de 5 ans (2022-2027) mis en oeuvre dans les districts de Karongi, Nyamasheke, Rubavu et Rutsiro, gr\u00e2ce au financement du Gouvernement Am\u00e9ricain.<\/p>\n","protected":false},"excerpt":{"rendered":"<p>On the 3rd of June, the steering committee meeting of the Slovenia Government and Karitas Slovenija-funded Tube Aheza, Amazi Hafi Project was held at Home Saint-Jean. The meeting was graced by the Karongi district Vice Mayor in charge of Finance and Economic Development Mr NIRAGIRE Th\u00e9ophile, Mr NIYONSABA Cyriack, the Executive Secretary of the Rugabano sector and priests from the Gisovu, Nyange and Mukungu parishes located in the sectors<\/p>\n","protected":false},"author":1,"featured_media":15471,"comment_status":"open","ping_status":"open","sticky":false,"template":"","format":"standard","meta":{"footnotes":""},"categories":[30],"tags":[7,10],"class_list":["post-15470","post","type-post","status-publish","format-standard","has-post-thumbnail","hentry","category-news","tag-business","tag-travel"],"_links":{"self":[{"href":"https:\/\/caritasrwanda.org\/fr\/wp-json\/wp\/v2\/posts\/15470","targetHints":{"allow":["GET"]}}],"collection":[{"href":"https:\/\/caritasrwanda.org\/fr\/wp-json\/wp\/v2\/posts"}],"about":[{"href":"https:\/\/caritasrwanda.org\/fr\/wp-json\/wp\/v2\/types\/post"}],"author":[{"embeddable":true,"href":"https:\/\/caritasrwanda.org\/fr\/wp-json\/wp\/v2\/users\/1"}],"replies":[{"embeddable":true,"href":"https:\/\/caritasrwanda.org\/fr\/wp-json\/wp\/v2\/comments?post=15470"}],"version-history":[{"count":5,"href":"https:\/\/caritasrwanda.org\/fr\/wp-json\/wp\/v2\/posts\/15470\/revisions"}],"predecessor-version":[{"id":15480,"href":"https:\/\/caritasrwanda.org\/fr\/wp-json\/wp\/v2\/posts\/15470\/revisions\/15480"}],"wp:featuredmedia":[{"embeddable":true,"href":"https:\/\/caritasrwanda.org\/fr\/wp-json\/wp\/v2\/media\/15471"}],"wp:attachment":[{"href":"https:\/\/caritasrwanda.org\/fr\/wp-json\/wp\/v2\/media?parent=15470"}],"wp:term":[{"taxonomy":"category","embeddable":true,"href":"https:\/\/caritasrwanda.org\/fr\/wp-json\/wp\/v2\/categories?post=15470"},{"taxonomy":"post_tag","embeddable":true,"href":"https:\/\/caritasrwanda.org\/fr\/wp-json\/wp\/v2\/tags?post=15470"}],"curies":[{"name":"wp","href":"https:\/\/api.w.org\/{rel}","templated":true}]}}