{"id":15464,"date":"2025-06-16T12:17:45","date_gmt":"2025-06-16T12:17:45","guid":{"rendered":"https:\/\/caritasrwanda.org\/fr\/?p=15464"},"modified":"2025-06-16T12:22:05","modified_gmt":"2025-06-16T12:22:05","slug":"caritas-rwanda-a-organise-une-retraite-bien-etre-pour-son-personnel","status":"publish","type":"post","link":"https:\/\/caritasrwanda.org\/fr\/caritas-rwanda-a-organise-une-retraite-bien-etre-pour-son-personnel\/","title":{"rendered":"Caritas Rwanda a organis\u00e9 une retraite bien-\u00eatre pour son personnel"},"content":{"rendered":"<p>Afin les aider \u00e0 mieux g\u00e9rer le stress, Caritas Rwanda a organis\u00e9 une retraite bien-\u00eatre de deux jours (du 12 au 13 juin 2025) pour l&#8217;\u00e9quipe de son si\u00e8ge, \u00e0 l&#8217;H\u00f4tel Cenetra &#8211; Kabuga. Ce programme comprenait notamment des s\u00e9ances de refl\u00e9xion personnelle et de r\u00e9flexion entre pairs, des travaux en groupe et des exercices de relaxation, favorisant ainsi le bien-\u00eatre, la connexion et le d\u00e9veloppement personnel.<\/p>\n<p>Dans son discours d&#8217;ouverture, Monsieur l\u2019Abb\u00e9 Oscar Kagimbura, Secr\u00e9taire G\u00e9n\u00e9ral de la Caritas Rwanda, a rappel\u00e9 qu&#8217;une \u00e2me saine r\u00e9side dans un corps sain et a ajout\u00e9 que c&#8217;\u00e9tait pr\u00e9cis\u00e9ment la raison pour laquelle Caritas Rwanda a organis\u00e9 cette retraite. Il a encourag\u00e9 chacun \u00e0 y participer pleinement et \u00e0 b\u00e9n\u00e9ficier de son impact positif.<\/p>\n<p>Dr Uwihoreye Chaste, qui a anim\u00e9 les s\u00e9ances, a mentionn\u00e9 qu\u2019il y a quatre phases de gestion du stress en vue d\u2019une bonne sant\u00e9 mentale \u00e0 savoir: la phase de la ma\u00eetrise totale, la phase de la gestion, la phase d\u2019\u00e9puisement et la crise. Selon Dr Chaste, les deux derni\u00e8res \u00e9tapes n\u00e9cessitent un soutien professionnel en sant\u00e9 mentale, mais avec des soins appropri\u00e9s, la gu\u00e9rison est souvent possible (seulement environ 3 % des troubles de sant\u00e9 mentale sont incurables).<\/p>\n<figure id=\"attachment_15466\" aria-describedby=\"caption-attachment-15466\" style=\"width: 2560px\" class=\"wp-caption alignnone\"><img loading=\"lazy\" decoding=\"async\" class=\"size-full wp-image-15466\" src=\"https:\/\/caritasrwanda.org\/fr\/wp-content\/uploads\/2025\/06\/162A3366-scaled.jpg\" alt=\"\" width=\"2560\" height=\"1707\" \/><figcaption id=\"caption-attachment-15466\" class=\"wp-caption-text\">Dr Chaste Uwihoreye, qui a facilit\u00e9 les sessions de cette retraite.<\/figcaption><\/figure>\n<p>La formation ne s\u2019est pas seulement limit\u00e9e \u00e0 la th\u00e9orie ; elle aussi mis l&#8217;accent sur les techniques d&#8217;autor\u00e9flexion, la r\u00e9flexion entre pairs, les activit\u00e9s de groupe et les exercices de relaxation.<\/p>\n<figure id=\"attachment_15467\" aria-describedby=\"caption-attachment-15467\" style=\"width: 2560px\" class=\"wp-caption alignnone\"><img loading=\"lazy\" decoding=\"async\" class=\"size-full wp-image-15467\" src=\"https:\/\/caritasrwanda.org\/fr\/wp-content\/uploads\/2025\/06\/162A3374-scaled.jpg\" alt=\"\" width=\"2560\" height=\"1707\" \/><figcaption id=\"caption-attachment-15467\" class=\"wp-caption-text\">Activit\u00e9s de groupe.<\/figcaption><\/figure>\n<p><strong>G\u00e9rer le stress est possible<\/strong><\/p>\n<p>Apr\u00e8s avoir particip\u00e9 \u00e0 divers exercices (autor\u00e9flexion, s\u00e9ances de partage entre deux et activit\u00e9s de groupe), Dr Chaste a encourag\u00e9 chaque participant \u00e0 pratiquer l&#8217;autor\u00e9flexion au moins deux fois par jour, car elle favorise une bonne sant\u00e9 mentale. Il a \u00e9galement conseill\u00e9 de consulter un professionnel de la sant\u00e9 mentale avant d&#8217;atteindre un point critique.<\/p>\n<p>Pendant que les membres de l&#8217;\u00e9quipe participaient aux activit\u00e9s de relaxation, leur joie \u00e9tait visible. Certains jeux visaient \u00e0 g\u00e9rer le stress en prenant des d\u00e9cisions rapides, tandis que d&#8217;autres mettaient l&#8217;accent sur le travail d&#8217;\u00e9quipe, le jeu ou la danse. La le\u00e7on principale \u00e9tait que le stress en soi n&#8217;est pas toujours n\u00e9faste; le v\u00e9ritable probl\u00e8me survient lorsqu&#8217;il prend du temps \u00e0 \u00eatre g\u00e9r\u00e9. Pour regarder la vid\u00e9o sur les exercices de relaxation pendant la retraite bien-\u00eatre, <a href=\"https:\/\/x.com\/CaritasRwanda\/status\/1933255428772655330\/video\/1\">cliquez ici<\/a>:<\/p>\n<p>Pour g\u00e9rer le stress, qu&#8217;il soit d\u2019origine professionnel ou familial, il est important d&#8217;adopter les six habitudes suivantes\u00a0:<\/p>\n<ul>\n<li>Dormir huit heures par jour;<\/li>\n<li>Etre physiquement actif (par l&#8217;exercice ou le travail);<\/li>\n<li>Nouer des liens avec les autres;<\/li>\n<li>Pratiquer l&#8217;introspection;<\/li>\n<li>Se d\u00e9tendre (relaxer);<\/li>\n<li>Planifier des t\u00e2ches en fonction de ses capacit\u00e9s.<\/li>\n<\/ul>\n<p>Les m\u00e9thodes d&#8217;enseignement de la retraite se sont \u00e9galement appuy\u00e9 sur des proverbes du Kinyarwanda pour aider les participants \u00e0 partager et \u00e0 surmonter les difficult\u00e9s sans se sentir d\u00e9pass\u00e9s. En voici quelque exemples\u00a0:<\/p>\n<ul>\n<li>Iyo utazi aho uva, ntumenya iyo ujya <em>(On ne peut pas aller de l&#8217;avant si l&#8217;on ne sait pas d&#8217;o\u00f9 l&#8217;on vient);<\/em><\/li>\n<li>Iyo utazi aho ujya, aho ugeze hose ugira ngo ni ho wajyaga <em>(Si vous ne connaissez pas votre destination, chaque endroit ressemblera \u00e0 celui que vous aviez pr\u00e9vu);<\/em><\/li>\n<li>Agahinda gasangiwe, karatuba <em>(Un chagrin partag\u00e9 est att\u00e9nu\u00e9);<\/em><\/li>\n<li>Agahinda kadasangiwe karatumba <em>(Un chagrin non partag\u00e9 devient lourd \u00e0 porter);<\/em><\/li>\n<li>Ahakomeye ni ho hava amakoma <em>(Le sorgho blanc pousse bien dans un sol dur);<\/em><\/li>\n<li>Agati gatwawe n\u2019isuri, kajyana iteka n\u2019agataka <em>Une plante emport\u00e9e par l&#8217;\u00e9rosion, est toujours accompagn\u00e9e d&#8217;un morceau de terre);<\/em><\/li>\n<li>Iyo uciye ahakomeye, iyo hatagukomerekeje haragukomeza <em>(Ce qui ne nous tue pas nous rend plus fort(e) )<\/em>.<\/li>\n<\/ul>\n<p>&nbsp;<\/p>\n","protected":false},"excerpt":{"rendered":"<p>On the 3rd of June, the steering committee meeting of the Slovenia Government and Karitas Slovenija-funded Tube Aheza, Amazi Hafi Project was held at Home Saint-Jean. The meeting was graced by the Karongi district Vice Mayor in charge of Finance and Economic Development Mr NIRAGIRE Th\u00e9ophile, Mr NIYONSABA Cyriack, the Executive Secretary of the Rugabano sector and priests from the Gisovu, Nyange and Mukungu parishes located in the sectors<\/p>\n","protected":false},"author":1,"featured_media":15465,"comment_status":"open","ping_status":"open","sticky":false,"template":"","format":"standard","meta":{"footnotes":""},"categories":[30],"tags":[7,10],"class_list":["post-15464","post","type-post","status-publish","format-standard","has-post-thumbnail","hentry","category-news","tag-business","tag-travel"],"_links":{"self":[{"href":"https:\/\/caritasrwanda.org\/fr\/wp-json\/wp\/v2\/posts\/15464","targetHints":{"allow":["GET"]}}],"collection":[{"href":"https:\/\/caritasrwanda.org\/fr\/wp-json\/wp\/v2\/posts"}],"about":[{"href":"https:\/\/caritasrwanda.org\/fr\/wp-json\/wp\/v2\/types\/post"}],"author":[{"embeddable":true,"href":"https:\/\/caritasrwanda.org\/fr\/wp-json\/wp\/v2\/users\/1"}],"replies":[{"embeddable":true,"href":"https:\/\/caritasrwanda.org\/fr\/wp-json\/wp\/v2\/comments?post=15464"}],"version-history":[{"count":2,"href":"https:\/\/caritasrwanda.org\/fr\/wp-json\/wp\/v2\/posts\/15464\/revisions"}],"predecessor-version":[{"id":15469,"href":"https:\/\/caritasrwanda.org\/fr\/wp-json\/wp\/v2\/posts\/15464\/revisions\/15469"}],"wp:featuredmedia":[{"embeddable":true,"href":"https:\/\/caritasrwanda.org\/fr\/wp-json\/wp\/v2\/media\/15465"}],"wp:attachment":[{"href":"https:\/\/caritasrwanda.org\/fr\/wp-json\/wp\/v2\/media?parent=15464"}],"wp:term":[{"taxonomy":"category","embeddable":true,"href":"https:\/\/caritasrwanda.org\/fr\/wp-json\/wp\/v2\/categories?post=15464"},{"taxonomy":"post_tag","embeddable":true,"href":"https:\/\/caritasrwanda.org\/fr\/wp-json\/wp\/v2\/tags?post=15464"}],"curies":[{"name":"wp","href":"https:\/\/api.w.org\/{rel}","templated":true}]}}