{"id":15455,"date":"2025-06-02T13:40:16","date_gmt":"2025-06-02T13:40:16","guid":{"rendered":"https:\/\/caritasrwanda.org\/fr\/?p=15455"},"modified":"2025-06-03T09:05:33","modified_gmt":"2025-06-03T09:05:33","slug":"caritas-rwanda-a-organise-une-campagne-de-sensibilisation-a-lesprit-caritas-au-grand-seminaire-de-nyakibanda","status":"publish","type":"post","link":"https:\/\/caritasrwanda.org\/fr\/caritas-rwanda-a-organise-une-campagne-de-sensibilisation-a-lesprit-caritas-au-grand-seminaire-de-nyakibanda\/","title":{"rendered":"Caritas Rwanda a organis\u00e9 une campagne de sensibilisation \u00e0 l&#8217;Esprit Caritas au Grand S\u00e9minaire de Nyakibanda"},"content":{"rendered":"<p>Dans le but de leur partager la mission de la Caritas Rwanda d\u2019aider les personnes vuln\u00e9rables et de promouvoir leur d\u00e9veloppement humain int\u00e9gral, mercredi le 28 mai 2025, une \u00e9quipe de la Caritas Rwanda a rencontr\u00e9 les Grands S\u00e9minaristes du Grand S\u00e9minaire Saint Charles Borrom\u00e9e de Nyakibanda et leurs responsables.<\/p>\n<p>S\u0153ur Gaudiose Nyiraneza, charg\u00e9e de l&#8217;Animation et Actions Sociales au sein du D\u00e9partement des Oeuvres Socio-Caritatives de Caritas Rwanda, a fait une pr\u00e9sentation globale de Caritas et des activit\u00e9s qu&#8217;elle m\u00e8ne \u00e0 travers ses trois d\u00e9partements,\u00a0\u00e0 savoir le D\u00e9partement des Oeuvres Socio-Caritatives, le D\u00e9partement de la Sant\u00e9 et celui du D\u00e9veloppement, expliquant que tout est mis en \u0153uvre pour restaurer la dignit\u00e9 de la personne humaine.<\/p>\n<p>S\u0153ur Gaudiose a \u00e9galement \u00e9voqu\u00e9 le Mois de la Charit\u00e9 et de la Mis\u00e9ricorde (mois d&#8217;ao\u00fbt), o\u00f9 les chr\u00e9tiens et autres personnes de bonne volont\u00e9 donnent des dons pour aider les pauvres, les encourageant ainsi \u00e0 y participer davantage. S\u0153ur Gaudiose a aussi mentionn\u00e9 la Journ\u00e9e mondiale des pauvres, o\u00f9 les Directeurs de Caritas et autres personnes partagent des repas avec les pauvres, ce que le pape Fran\u00e7ois souhaitait en instaurant cette journ\u00e9e\u00a0: \u00ab\u00a0restaurer la dignit\u00e9 des pauvres\u00a0\u00bb.<\/p>\n<figure id=\"attachment_15457\" aria-describedby=\"caption-attachment-15457\" style=\"width: 2560px\" class=\"wp-caption alignnone\"><img loading=\"lazy\" decoding=\"async\" class=\"size-full wp-image-15457\" src=\"https:\/\/caritasrwanda.org\/fr\/wp-content\/uploads\/2025\/06\/162A3040-scaled.jpg\" alt=\"\" width=\"2560\" height=\"1707\" \/><figcaption id=\"caption-attachment-15457\" class=\"wp-caption-text\">Soeur Gaudiose Nyiraneza, lors de sa pr\u00e9sentation.<\/figcaption><\/figure>\n<p>Ce fut une session dynamique o\u00f9 les interventions apr\u00e8s la pr\u00e9sentation ont tourn\u00e9 autour de l\u2019assistance au plus vuln\u00e9rable vers la r\u00e9silience et des enjeux li\u00e9s \u00e0 la r\u00e9duction des financements ext\u00e9rieurs.<\/p>\n<p>Dans son discours, Monsieur l&#8217;Abb\u00e9 Michel Nsengumuremyi, le responsable spirituel au Grand S\u00e9minaire de Nyakibanda, a remerci\u00e9 Caritas Rwanda d\u2019avoir organis\u00e9 un tel \u00e9v\u00e9nement au Grand S\u00e9minaire de Nyakibanda, pour encourager les Grand S\u00e9minaristes \u00e0 continuer dans la bonne voie d\u2019assister les plus vuln\u00e9rables.<\/p>\n<figure id=\"attachment_15458\" aria-describedby=\"caption-attachment-15458\" style=\"width: 2560px\" class=\"wp-caption alignnone\"><img loading=\"lazy\" decoding=\"async\" class=\"size-full wp-image-15458\" src=\"https:\/\/caritasrwanda.org\/fr\/wp-content\/uploads\/2025\/06\/162A3096-scaled.jpg\" alt=\"\" width=\"2560\" height=\"1707\" \/><figcaption id=\"caption-attachment-15458\" class=\"wp-caption-text\">Monsieur l&#8217;Abb\u00e9 Michel Nsengumuremyi, le responsable spirituel au Grand S\u00e9minaire de Nyakibanda.<\/figcaption><\/figure>\n<p><strong>Les Grands S\u00e9minairistes de Nyakibanda sont d\u00e9j\u00e0 impliqu\u00e9s dans des \u0153uvres caritatives<\/strong><\/p>\n<p>En collaboration avec les autorit\u00e9s locales, les Grands S\u00e9minaristes m\u00e8nent des \u0153uvres caritatives comme l\u2019a expliqu\u00e9 Fabien Mpayimana, fratri du Dioc\u00e8se de Gikongoro et responsable de la coordination des activit\u00e9s de l\u2019Action Catholique au Grand S\u00e9minaire de Nyakibanda. Ils construisent des maisons pour les familles vuln\u00e9rables gr\u00e2ce \u00e0 des activit\u00e9s apostoliques qu&#8217;ils font chaque lundi apr\u00e8s midi, collectent des fonds pour offrir du mat\u00e9riel scolaire aux enfants de familles pauvres et collectent des dons pour aider les personnes en prisons.<\/p>\n<p>En effet, les fr\u00e8res participent \u00e0 des travaux communautaires pour construire des maisons aux plus d\u00e9munies, cependant, comme ils l&#8217;expliquent, faute de ressources suffisantes, ils ne peuvent pas effectuer de travaux de finissage, comme mettre du pavement par exemple. <em>\u201cLes capacit\u00e9s sont limit\u00e9es. Lorsqu&#8217;on fait appel \u00e0 nous, nous apportons notre aide de nos propres mains, mais nous avons du mal \u00e0 trouver les ressources n\u00e9cessaires pour construire la maison jusqu&#8217;au finissage. Si nous avions les moyens pour faire le finissage, ce serait mieux de leur offrir une maison bien finie\u201d<\/em>, a dit Jean Damasc\u00e8ne Uwiringiyimana, diacre du dioc\u00e8se de Nyundo.<\/p>\n<p>Ainsi, les Grand S\u00e9minaristes invitent d&#8217;autres personnes morales et physiques de joindre leur cause de soutenir les plus vuln\u00e9rables<strong>,<\/strong> comme J\u00e9sus appelle tout le monde \u00e0 le faire: <em>\u201cCar j&#8217;ai eu faim, et vous m&#8217;avez donn\u00e9 \u00e0 manger; j&#8217;ai eu soif, et vous m&#8217;avez donn\u00e9 \u00e0 boire; j&#8217;\u00e9tais \u00e9tranger, et vous m&#8217;avez recueilli; j&#8217;\u00e9tais nu, et vous m&#8217;avez v\u00eatu; j&#8217;\u00e9tais malade, et vous m&#8217;avez visit\u00e9; j&#8217;\u00e9tais en prison, et vous \u00eates venus vers moi\u201d<\/em> (Matthieu 25, 35-36).<\/p>\n<figure id=\"attachment_15459\" aria-describedby=\"caption-attachment-15459\" style=\"width: 2560px\" class=\"wp-caption alignnone\"><img loading=\"lazy\" decoding=\"async\" class=\"size-full wp-image-15459\" src=\"https:\/\/caritasrwanda.org\/fr\/wp-content\/uploads\/2025\/06\/162A3024-scaled.jpg\" alt=\"\" width=\"2560\" height=\"1707\" \/><figcaption id=\"caption-attachment-15459\" class=\"wp-caption-text\">C&#8217;\u00e9tait une session dynamique.<\/figcaption><\/figure>\n<p>Caritas Rwanda m\u00e8ne actuellement de telles campagnes dans les Grands S\u00e9minaires et les universit\u00e9s. La sensibilisation est \u00e9galement faite par le biais de m\u00e9dias de l\u2019Eglise Catholique. Caritas Rwanda pr\u00e9voit d\u2019\u00e9tendre ces activit\u00e9s et de sensibiliser tout le monde \u00e0 avoir un c\u0153ur d\u00e9vou\u00e9 aux pauvres et aux autres personnes dans le besoin, \u00e0 travers divers m\u00e9dias, en leur rendant visite sur leur lieu de travail et dans d\u2019autres lieux o\u00f9 de nombreuses personnes se rassemblent.<\/p>\n","protected":false},"excerpt":{"rendered":"<p>On the 3rd of June, the steering committee meeting of the Slovenia Government and Karitas Slovenija-funded Tube Aheza, Amazi Hafi Project was held at Home Saint-Jean. The meeting was graced by the Karongi district Vice Mayor in charge of Finance and Economic Development Mr NIRAGIRE Th\u00e9ophile, Mr NIYONSABA Cyriack, the Executive Secretary of the Rugabano sector and priests from the Gisovu, Nyange and Mukungu parishes located in the sectors<\/p>\n","protected":false},"author":1,"featured_media":15456,"comment_status":"open","ping_status":"open","sticky":false,"template":"","format":"standard","meta":{"footnotes":""},"categories":[30],"tags":[7,10],"class_list":["post-15455","post","type-post","status-publish","format-standard","has-post-thumbnail","hentry","category-news","tag-business","tag-travel"],"_links":{"self":[{"href":"https:\/\/caritasrwanda.org\/fr\/wp-json\/wp\/v2\/posts\/15455","targetHints":{"allow":["GET"]}}],"collection":[{"href":"https:\/\/caritasrwanda.org\/fr\/wp-json\/wp\/v2\/posts"}],"about":[{"href":"https:\/\/caritasrwanda.org\/fr\/wp-json\/wp\/v2\/types\/post"}],"author":[{"embeddable":true,"href":"https:\/\/caritasrwanda.org\/fr\/wp-json\/wp\/v2\/users\/1"}],"replies":[{"embeddable":true,"href":"https:\/\/caritasrwanda.org\/fr\/wp-json\/wp\/v2\/comments?post=15455"}],"version-history":[{"count":3,"href":"https:\/\/caritasrwanda.org\/fr\/wp-json\/wp\/v2\/posts\/15455\/revisions"}],"predecessor-version":[{"id":15462,"href":"https:\/\/caritasrwanda.org\/fr\/wp-json\/wp\/v2\/posts\/15455\/revisions\/15462"}],"wp:featuredmedia":[{"embeddable":true,"href":"https:\/\/caritasrwanda.org\/fr\/wp-json\/wp\/v2\/media\/15456"}],"wp:attachment":[{"href":"https:\/\/caritasrwanda.org\/fr\/wp-json\/wp\/v2\/media?parent=15455"}],"wp:term":[{"taxonomy":"category","embeddable":true,"href":"https:\/\/caritasrwanda.org\/fr\/wp-json\/wp\/v2\/categories?post=15455"},{"taxonomy":"post_tag","embeddable":true,"href":"https:\/\/caritasrwanda.org\/fr\/wp-json\/wp\/v2\/tags?post=15455"}],"curies":[{"name":"wp","href":"https:\/\/api.w.org\/{rel}","templated":true}]}}