{"id":15448,"date":"2025-05-15T14:33:28","date_gmt":"2025-05-15T14:33:28","guid":{"rendered":"https:\/\/caritasrwanda.org\/fr\/?p=15448"},"modified":"2025-05-15T14:33:28","modified_gmt":"2025-05-15T14:33:28","slug":"les-institutions-catholiques-rwandaises-ont-ete-formees-sur-lethique-de-lintelligence-artificielle","status":"publish","type":"post","link":"https:\/\/caritasrwanda.org\/fr\/les-institutions-catholiques-rwandaises-ont-ete-formees-sur-lethique-de-lintelligence-artificielle\/","title":{"rendered":"Les institutions catholiques rwandaises ont \u00e9t\u00e9 form\u00e9es sur l\u2019\u00e9thique de l\u2019intelligence artificielle"},"content":{"rendered":"<p>A peu pr\u00e8s 50 d\u00e9l\u00e9gu\u00e9s d&#8217;institutions catholiques du Rwanda ont b\u00e9n\u00e9fici\u00e9 d&#8217;un atelier organis\u00e9 par Ethical Artificial Intelligence for Human Development (EAiD) en collaboration avec Caritas Rwanda au Centre Saint Vincent Pallotti de Gikondo, du 13 au 14 mai 2025. Cet atelier visait \u00e0 leur donner les comp\u00e9tences n\u00e9cessaires pour comprendre et exploiter le potentiel de l&#8217;intelligence artificielle (IA), de mani\u00e8re \u00e9thique et responsable.<\/p>\n<p>Dans son discours d\u2019ouverture, Abb\u00e9 Oscar Kagimbura, le Secr\u00e9taire G\u00e9n\u00e9ral de la Caritas Rwanda, a soulign\u00e9 que l\u2019IA fait partie int\u00e9grante du quotidien, transformant profond\u00e9ment des soci\u00e9t\u00e9s, des institutions et m\u00eame des vies personnelles. Il a ajout\u00e9 que, dans ce contexte, il est imp\u00e9ratif que l\u2019\u00c9glise, fid\u00e8le \u00e0 sa mission \u00e9vang\u00e9lique, prenne part activement \u00e0 ce d\u00e9fi, en apportant un \u00e9clairage bas\u00e9 sur les valeurs catholiques et en contribuant au d\u00e9veloppement d\u2019une IA au service de l\u2019humain.<\/p>\n<figure id=\"attachment_15450\" aria-describedby=\"caption-attachment-15450\" style=\"width: 2560px\" class=\"wp-caption alignnone\"><img loading=\"lazy\" decoding=\"async\" class=\"size-full wp-image-15450\" src=\"https:\/\/caritasrwanda.org\/fr\/wp-content\/uploads\/2025\/05\/162A2538-b-scaled.jpg\" alt=\"\" width=\"2560\" height=\"1730\" \/><figcaption id=\"caption-attachment-15450\" class=\"wp-caption-text\">Abb\u00e9 Oscar Kagimbura, Secr\u00e9taire G\u00e9n\u00e9ral de la Caritas Rwanda, en pronon\u00e7ant le discours d&#8217;ouverture.<\/figcaption><\/figure>\n<p><em>\u201cNous vivons un moment charni\u00e8re, o\u00f9 la r\u00e9flexion th\u00e9ologique et \u00e9thique doit se marier avec l\u2019innovation technologique pour garantir que l\u2019IA soit utilis\u00e9e pour le bien des populations les plus vuln\u00e9rables, en particulier les pauvres, les malades, les r\u00e9fugi\u00e9s, et tous ceux que l\u2019\u00c9glise s\u2019efforce de servir avec amour et compassion\u201d<\/em>, a dit Abb\u00e9 Oscar.<\/p>\n<p>De conclure, Abb\u00e9 Oscar Kagimbura a fait remarquer aux participants qu\u2019ils doivent toujours garder \u00e0 l\u2019esprit un principe fondamental de l\u2019\u00e9thique catholique: l\u2019IA ne doit jamais remplacer l\u2019humain. Les d\u00e9cisions cruciales concernant la vie humaine, la dignit\u00e9 des personnes, doivent toujours \u00eatre prises par des \u00eatres humains, \u00e9clair\u00e9s par leur conscience et leur foi.<\/p>\n<figure id=\"attachment_15452\" aria-describedby=\"caption-attachment-15452\" style=\"width: 2560px\" class=\"wp-caption alignnone\"><img loading=\"lazy\" decoding=\"async\" class=\"size-full wp-image-15452\" src=\"https:\/\/caritasrwanda.org\/fr\/wp-content\/uploads\/2025\/05\/162A2564-B-scaled.jpg\" alt=\"\" width=\"2560\" height=\"1142\" \/><figcaption id=\"caption-attachment-15452\" class=\"wp-caption-text\">Photo de groupe \/ Participants et animateurs de l&#8217;atelier Ethic AI pour les d\u00e9l\u00e9gu\u00e9s des institutions catholiques du Rwanda.<\/figcaption><\/figure>\n<p><strong>Principes cl\u00e9s de l&#8217;Appel de Rome<a href=\"#_ftn1\" name=\"_ftnref1\">[1]<\/a> <\/strong><\/p>\n<p>Afin de promouvoir une approche \u00e9thique de l&#8217;intelligence artificielle (IA) en favorisant un sentiment de responsabilit\u00e9 partag\u00e9e entre les organisations internationales, les gouvernements, les institutions et le secteur priv\u00e9, le Saint-Si\u00e8ge a \u00e9labor\u00e9 six principes pour guider ces entit\u00e9s dans le d\u00e9veloppement et l&#8217;utilisation \u00e9thique de l&#8217;IA. Ces principes sont les suivants:<\/p>\n<ol>\n<li><em>Transparence <\/em>: les syst\u00e8mes d\u2019IA doivent \u00eatre compr\u00e9hensibles.<\/li>\n<li><em>Inclusion <\/em>: ne laisser personne de c\u00f4t\u00e9.<\/li>\n<li><em>Responsabilit\u00e9<\/em> : les concepteurs et utilisateurs doivent \u00eatre responsables des impacts.<\/li>\n<li><em>Impartialit\u00e9 <\/em>: l\u2019IA doit \u00e9viter les biais et discriminations.<\/li>\n<li><em>Fiabilit\u00e9<\/em> : les syst\u00e8mes doivent \u00eatre s\u00fbrs et fonctionner comme pr\u00e9vu.<\/li>\n<li><em>S\u00e9curit\u00e9 et vie priv\u00e9e<\/em> : le respect strict de la confidentialit\u00e9.<\/li>\n<\/ol>\n<p>Dans 6 groupes de discussion, les participants ont analys\u00e9 comment chaque principe s\u2019applique au contexte africain, les \u00e9l\u00e9ments de la culture locale qui peuvent l\u2019enrichir ou la r\u00e9interpr\u00e9ter, ainsi que des aspects critiques \u00e0 modifier pour la rendre plus pertinente.<\/p>\n<p>Cet exercice visait \u00e0 ce qu\u2019ils aient une meilleure compr\u00e9hension de l\u2019AI et exploiter son potentiel avec \u00e9thique pour le bien des communaut\u00e9s que leurs institutions servent.<\/p>\n<figure id=\"attachment_15451\" aria-describedby=\"caption-attachment-15451\" style=\"width: 2560px\" class=\"wp-caption alignnone\"><img loading=\"lazy\" decoding=\"async\" class=\"size-full wp-image-15451\" src=\"https:\/\/caritasrwanda.org\/fr\/wp-content\/uploads\/2025\/05\/162A2593-scaled.jpg\" alt=\"\" width=\"2560\" height=\"1707\" \/><figcaption id=\"caption-attachment-15451\" class=\"wp-caption-text\">Pr\u00e9sentation des recommandations sur les principes de l&#8217;IA par un des membres du groupe.<\/figcaption><\/figure>\n<p>L&#8217;atelier fut \u00e9galement une occasion pour apprendre le fonctionnement de certains outils d&#8217;IA, \u00e0 savoir <em>ChatGpt<\/em> (un outil d&#8217;IA con\u00e7u pour engager des conversations, g\u00e9n\u00e9rer du texte et effectuer diverses t\u00e2ches en fonction de la commande donn\u00e9e), <em>Perplexity AI<\/em> (un moteur de r\u00e9ponse aliment\u00e9 par l&#8217;IA qui fournit des r\u00e9ponses concises et bien document\u00e9es aux questions, en utilisant la recherche Web en peu de temps et le traitement de l&#8217;IA) et <em>Akinator<\/em> (un jeu qui vous indique \u00e0 quel personnage, objet ou animal c\u00e9l\u00e8bre mondialement vous pensez en vous posant des questions).<\/p>\n<p>Mis en \u0153uvre sous le financement du Vatican, cet atelier a \u00e9t\u00e9 facilit\u00e9 par EAiD, une initiative mondiale d\u00e9di\u00e9e \u00e0 la mise en \u0153uvre de l&#8217;IA, de mani\u00e8re \u00e9thique, dans le but d&#8217;am\u00e9liorer la qualit\u00e9 de vie des personnes les plus vuln\u00e9rables dans les pays en d\u00e9veloppement.<\/p>\n<p><a href=\"#_ftnref1\" name=\"_ftn1\">[1]<\/a> <a href=\"https:\/\/www.bne.catholic.edu.au\/aboutus\/Pages\/Rome-Call-for-AI-Ethics.aspx\">https:\/\/www.bne.catholic.edu.au\/aboutus\/Pages\/Rome-Call-for-AI-Ethics.aspx<\/a><\/p>\n","protected":false},"excerpt":{"rendered":"<p>On the 3rd of June, the steering committee meeting of the Slovenia Government and Karitas Slovenija-funded Tube Aheza, Amazi Hafi Project was held at Home Saint-Jean. The meeting was graced by the Karongi district Vice Mayor in charge of Finance and Economic Development Mr NIRAGIRE Th\u00e9ophile, Mr NIYONSABA Cyriack, the Executive Secretary of the Rugabano sector and priests from the Gisovu, Nyange and Mukungu parishes located in the sectors<\/p>\n","protected":false},"author":1,"featured_media":15449,"comment_status":"open","ping_status":"open","sticky":false,"template":"","format":"standard","meta":{"footnotes":""},"categories":[30],"tags":[7,10],"class_list":["post-15448","post","type-post","status-publish","format-standard","has-post-thumbnail","hentry","category-news","tag-business","tag-travel"],"_links":{"self":[{"href":"https:\/\/caritasrwanda.org\/fr\/wp-json\/wp\/v2\/posts\/15448","targetHints":{"allow":["GET"]}}],"collection":[{"href":"https:\/\/caritasrwanda.org\/fr\/wp-json\/wp\/v2\/posts"}],"about":[{"href":"https:\/\/caritasrwanda.org\/fr\/wp-json\/wp\/v2\/types\/post"}],"author":[{"embeddable":true,"href":"https:\/\/caritasrwanda.org\/fr\/wp-json\/wp\/v2\/users\/1"}],"replies":[{"embeddable":true,"href":"https:\/\/caritasrwanda.org\/fr\/wp-json\/wp\/v2\/comments?post=15448"}],"version-history":[{"count":1,"href":"https:\/\/caritasrwanda.org\/fr\/wp-json\/wp\/v2\/posts\/15448\/revisions"}],"predecessor-version":[{"id":15453,"href":"https:\/\/caritasrwanda.org\/fr\/wp-json\/wp\/v2\/posts\/15448\/revisions\/15453"}],"wp:featuredmedia":[{"embeddable":true,"href":"https:\/\/caritasrwanda.org\/fr\/wp-json\/wp\/v2\/media\/15449"}],"wp:attachment":[{"href":"https:\/\/caritasrwanda.org\/fr\/wp-json\/wp\/v2\/media?parent=15448"}],"wp:term":[{"taxonomy":"category","embeddable":true,"href":"https:\/\/caritasrwanda.org\/fr\/wp-json\/wp\/v2\/categories?post=15448"},{"taxonomy":"post_tag","embeddable":true,"href":"https:\/\/caritasrwanda.org\/fr\/wp-json\/wp\/v2\/tags?post=15448"}],"curies":[{"name":"wp","href":"https:\/\/api.w.org\/{rel}","templated":true}]}}