{"id":15413,"date":"2025-03-28T17:45:00","date_gmt":"2025-03-28T17:45:00","guid":{"rendered":"https:\/\/caritasrwanda.org\/fr\/?p=15413"},"modified":"2025-04-01T09:12:27","modified_gmt":"2025-04-01T09:12:27","slug":"la-28eme-assemblee-generale-de-caritas-rwanda","status":"publish","type":"post","link":"https:\/\/caritasrwanda.org\/fr\/la-28eme-assemblee-generale-de-caritas-rwanda\/","title":{"rendered":"La 28\u00e8me Assembl\u00e9e G\u00e9n\u00e9rale de la Caritas Rwanda"},"content":{"rendered":"<p>En dates du 24 et 25 mars 2025, au Centre Saint Vincent Pallotti Gikondo, Caritas Rwanda a tenu sa 28<sup>\u00e8me<\/sup> Assembl\u00e9e G\u00e9n\u00e9rale afin d&#8217;\u00e9valuer la mise en \u0153uvre des recommandations d\u00e9coulant de sa 27<sup>\u00e8me<\/sup> Assembl\u00e9e G\u00e9n\u00e9rale (2024), de pr\u00e9senter le rapport d\u2019activit\u00e9s de 2024 et le plan strat\u00e9gique 2025-2030, ansi que formuler les recommandations pour l\u2019ann\u00e9e 2025.<\/p>\n<p>Dans son discours d&#8217;ouverture, Son Excellence Monseigneur Anaclet Mwumvaneza, Pr\u00e9sident de Caritas Rwanda et Ev\u00eaque du Dioc\u00e8se de Nyundo, a soulign\u00e9 qu&#8217;il faut conjuguer les efforts, sp\u00e9cialement en ces jours o\u00f9 les interventions humanitaires se voient diminuer du jour au jour, suite aux coupures et diminutions des fonds ext\u00e9rieurs. <em>\u201cNous devons donc conjuguer nos efforts plus que jamais pour augmenter notre capacit\u00e9 \u00e0 subvenir aux besoins des pauvres, leur montrant davantage notre charit\u00e9\u201d<\/em>, a-t-il d\u00e9clar\u00e9. S.E. \u00a0Mgr Anaclet a ajout\u00e9 que, la charit\u00e9 sans la pri\u00e8re risque de devenir une philanthropie qui s\u2019essouffle rapidement, comme l&#8217;a rappel\u00e9 le Pape Fran\u00e7ois \u00e0 l\u2019occasion de la c\u00e9l\u00e9bration de la 8\u00e8me Journ\u00e9e mondiale des pauvres du 17 novembre 2024.<\/p>\n<figure id=\"attachment_15415\" aria-describedby=\"caption-attachment-15415\" style=\"width: 570px\" class=\"wp-caption aligncenter\"><img loading=\"lazy\" decoding=\"async\" class=\"size-medium wp-image-15415\" src=\"https:\/\/caritasrwanda.org\/fr\/wp-content\/uploads\/2025\/03\/162A2237-570x430.jpg\" alt=\"\" width=\"570\" height=\"430\" \/><figcaption id=\"caption-attachment-15415\" class=\"wp-caption-text\">Mgr Anaclet Mwumvaneza, Pr\u00e9sident de la Caritas Rwanda et Ev\u00eaque du Dioc\u00e8se de Nyundo a inaugur\u00e9 la 28\u00e8me Assembl\u00e9e G\u00e9n\u00e9rale de la Caritas Rwanda.<\/figcaption><\/figure>\n<p>Le pr\u00e9sident de la Caritas Rwanda a saisi cette occasion pour remercier toutes les Caritas d\u2019avoir c\u00e9l\u00e9br\u00e9 cette journ\u00e9e en beaut\u00e9 (Journ\u00e9e mondiale des pauvres) et en communion et partage avec les pauvres dans les h\u00f4pitaux, les Formations Sanitaires Catholiques Agr\u00e9\u00e9es (FOSA), les paroisses, ainsi que dans toutes les communaut\u00e9s eccl\u00e9siales de base.<\/p>\n<figure id=\"attachment_15414\" aria-describedby=\"caption-attachment-15414\" style=\"width: 570px\" class=\"wp-caption aligncenter\"><img loading=\"lazy\" decoding=\"async\" class=\"size-medium wp-image-15414\" src=\"https:\/\/caritasrwanda.org\/fr\/wp-content\/uploads\/2025\/03\/162A2211-570x430.jpg\" alt=\"\" width=\"570\" height=\"430\" \/><figcaption id=\"caption-attachment-15414\" class=\"wp-caption-text\">Abb\u00e9 Oscar Kagimbura, le Secr\u00e9taire G\u00e9n\u00e9ral de Caritas Rwanda lors de la pr\u00e9sentation de l&#8217;agenda de l&#8217;Assembl\u00e9e G\u00e9n\u00e9rale.<\/figcaption><\/figure>\n<p>S&#8217;adressant aux participants, Monsieur l\u2019Abb\u00e9 Thomasz Gdula, le secr\u00e9taire de la Nonciature, a soulign\u00e9 qu&#8217;au cours de son histoire, la Caritas a r\u00e9pondu aux principales crises mondiales tout en soutenant des changements structurels pour s\u2019attaquer aux causes profondes de la pauvret\u00e9. Il a remerci\u00e9 les organisations nationales et internationales, ainsi que les personnes de bonne volont\u00e9 qui s\u2019unissent avec la Caritas pour venir en aide aux plus d\u00e9munis.<\/p>\n<figure id=\"attachment_15416\" aria-describedby=\"caption-attachment-15416\" style=\"width: 570px\" class=\"wp-caption aligncenter\"><img loading=\"lazy\" decoding=\"async\" class=\"size-medium wp-image-15416\" src=\"https:\/\/caritasrwanda.org\/fr\/wp-content\/uploads\/2025\/03\/162A2241-570x430.jpg\" alt=\"\" width=\"570\" height=\"430\" \/><figcaption id=\"caption-attachment-15416\" class=\"wp-caption-text\">Abb\u00e9 Thomasz Gdula, Secr\u00e9taire de la Nonciature, a pronon\u00e7a son discours.<\/figcaption><\/figure>\n<p>Lors du 28<sup>\u00e8me<\/sup> Assembl\u00e9e G\u00e9n\u00e9rale de la Caritas Rwanda, le rapport des activit\u00e9s de 2024 qui a \u00e9t\u00e9 pr\u00e9sent\u00e9 suivant les 4 d\u00e9partements de la Caritas Rwanda (D\u00e9partement Administratif et Financier, le D\u00e9partement des \u0152uvres Socio-Caritatives (OSC), D\u00e9partement de Sant\u00e9 ainsi que le D\u00e9partement de D\u00e9veloppement a montr\u00e9 que les activit\u00e9s ont \u00e9t\u00e9 mises en oeuvre avec succ\u00e8s.<\/p>\n<p>Durant cette Assembl\u00e9e, on a pr\u00e9sent\u00e9 le rapport de la collecte totale du Mois de la Charit\u00e9 2024 totalisant la somme de 165.129.676 Frw. La Caritas dioc\u00e9saine de Ruhengeri a \u00e9t\u00e9 la premi\u00e8re avec une collecte de 35.197.623 Frw, suivie par la Caritas dioc\u00e9saine de Cyangugu qui a collect\u00e9 21.313.555 Frw.<\/p>\n<p><strong>Les recommandations pour l\u2019ann\u00e9e 2025<\/strong><\/p>\n<p>Parmi les recommandations de la 28<sup>\u00e8me<\/sup> Assembl\u00e9e G\u00e9n\u00e9rale de la Caritas Rwanda figurent le renforcement de la synergie entre les diff\u00e9rentes commissions de la C.EP.R., la collaboration et la synergie entre la Caritas Rwanda et toutes les Commissions et services Episcopaux \u0153uvrant dans le D\u00e9veloppement Humain Int\u00e9gral\u00a0ainsi que le renforcement des strat\u00e9gies de mobilisation de ressources et l\u2019exploration de nouvelles actions innovantes pour augmenter les fonds propres vers la durabilit\u00e9 de l\u2019Organisation.<\/p>\n<figure id=\"attachment_15418\" aria-describedby=\"caption-attachment-15418\" style=\"width: 570px\" class=\"wp-caption aligncenter\"><img loading=\"lazy\" decoding=\"async\" class=\"size-medium wp-image-15418\" src=\"https:\/\/caritasrwanda.org\/fr\/wp-content\/uploads\/2025\/03\/162A2438-570x430.jpg\" alt=\"\" width=\"570\" height=\"430\" \/><figcaption id=\"caption-attachment-15418\" class=\"wp-caption-text\">Les Directeurs des Caritas dioc\u00e9saines en r\u00e9union avec le Secr\u00e9taire G\u00e9n\u00e9ral de la Caritas Rwanda lors de la 28eme Assembl\u00e9e G\u00e9n\u00e9rale de la Caritas Rwanda.<\/figcaption><\/figure>\n<p>Il y a \u00e9galement l\u2019op\u00e9rationnalisation d\u2019aum\u00f4nerie des prisons \u00e0 tous les niveaux, le d\u00e9veloppement de la culture d\u2019audit au niveau de Caritas et des Formations Sanitaires Agr\u00e9\u00e9es (FOSA), la diversification des strat\u00e9gies d\u2019augmenter les collectes du mois de la charit\u00e9 et de la mis\u00e9ricorde, s\u2019assurer que chaque FOSA a une chapelle pour faciliter l\u2019accompagnement spirituel des malades et de leurs familles, ainsi que le renforcement de l\u2019animation \u00e0 l\u2019esprit Caritas dans ses domaines d\u2019intervention (\u0152uvres Socio-Caritatives, Sant\u00e9 et D\u00e9veloppement).<\/p>\n<figure id=\"attachment_15419\" aria-describedby=\"caption-attachment-15419\" style=\"width: 570px\" class=\"wp-caption aligncenter\"><img loading=\"lazy\" decoding=\"async\" class=\"size-medium wp-image-15419\" src=\"https:\/\/caritasrwanda.org\/fr\/wp-content\/uploads\/2025\/03\/162A2330-570x430.jpg\" alt=\"\" width=\"570\" height=\"430\" \/><figcaption id=\"caption-attachment-15419\" class=\"wp-caption-text\">Father Andrew Small, le President de la Missio Invest.<\/figcaption><\/figure>\n<p>La 28<sup>\u00e8me<\/sup> Assembl\u00e9e G\u00e9n\u00e9rale de la Caritas Rwanda a \u00e9galement \u00e9t\u00e9 une occasion de recevoir le pr\u00e9sident de la Missio Invest, Abb\u00e9 Andrew Small, qui a fait une br\u00e8ve presentation sur les diff\u00e9rentes opportunit\u00e9s de financement offertes par cette organisation pour les initiatives de d\u00e9veloppement entrepreneurial men\u00e9es par l&#8217;\u00c9glise catholique en vue d\u2019une autonomie financi\u00e8re.<\/p>\n<p>Il faut souligner \u00e9galement la nomination de Monsieur l\u2019Abb\u00e9 J\u00e9r\u00e9mie Shyaka, Directeur de la Caritas dioc\u00e9saine de Kibungo au Conseil d\u2019Administration de Caritas Rwanda, en remplacement de Monsieur l\u2019Abb\u00e9 F\u00e9licien Mujyambere.<\/p>\n","protected":false},"excerpt":{"rendered":"<p>On the 3rd of June, the steering committee meeting of the Slovenia Government and Karitas Slovenija-funded Tube Aheza, Amazi Hafi Project was held at Home Saint-Jean. The meeting was graced by the Karongi district Vice Mayor in charge of Finance and Economic Development Mr NIRAGIRE Th\u00e9ophile, Mr NIYONSABA Cyriack, the Executive Secretary of the Rugabano sector and priests from the Gisovu, Nyange and Mukungu parishes located in the sectors<\/p>\n","protected":false},"author":1,"featured_media":15417,"comment_status":"open","ping_status":"open","sticky":false,"template":"","format":"standard","meta":{"footnotes":""},"categories":[30],"tags":[7,10],"class_list":["post-15413","post","type-post","status-publish","format-standard","has-post-thumbnail","hentry","category-news","tag-business","tag-travel"],"_links":{"self":[{"href":"https:\/\/caritasrwanda.org\/fr\/wp-json\/wp\/v2\/posts\/15413","targetHints":{"allow":["GET"]}}],"collection":[{"href":"https:\/\/caritasrwanda.org\/fr\/wp-json\/wp\/v2\/posts"}],"about":[{"href":"https:\/\/caritasrwanda.org\/fr\/wp-json\/wp\/v2\/types\/post"}],"author":[{"embeddable":true,"href":"https:\/\/caritasrwanda.org\/fr\/wp-json\/wp\/v2\/users\/1"}],"replies":[{"embeddable":true,"href":"https:\/\/caritasrwanda.org\/fr\/wp-json\/wp\/v2\/comments?post=15413"}],"version-history":[{"count":5,"href":"https:\/\/caritasrwanda.org\/fr\/wp-json\/wp\/v2\/posts\/15413\/revisions"}],"predecessor-version":[{"id":15424,"href":"https:\/\/caritasrwanda.org\/fr\/wp-json\/wp\/v2\/posts\/15413\/revisions\/15424"}],"wp:featuredmedia":[{"embeddable":true,"href":"https:\/\/caritasrwanda.org\/fr\/wp-json\/wp\/v2\/media\/15417"}],"wp:attachment":[{"href":"https:\/\/caritasrwanda.org\/fr\/wp-json\/wp\/v2\/media?parent=15413"}],"wp:term":[{"taxonomy":"category","embeddable":true,"href":"https:\/\/caritasrwanda.org\/fr\/wp-json\/wp\/v2\/categories?post=15413"},{"taxonomy":"post_tag","embeddable":true,"href":"https:\/\/caritasrwanda.org\/fr\/wp-json\/wp\/v2\/tags?post=15413"}],"curies":[{"name":"wp","href":"https:\/\/api.w.org\/{rel}","templated":true}]}}