{"id":15405,"date":"2025-03-24T18:06:53","date_gmt":"2025-03-24T18:06:53","guid":{"rendered":"https:\/\/caritasrwanda.org\/fr\/?p=15405"},"modified":"2025-03-26T11:30:31","modified_gmt":"2025-03-26T11:30:31","slug":"campagne-de-sensibilisation-sur-la-parentalite-positive-dans-le-bugesera","status":"publish","type":"post","link":"https:\/\/caritasrwanda.org\/fr\/campagne-de-sensibilisation-sur-la-parentalite-positive-dans-le-bugesera\/","title":{"rendered":"Campagne de sensibilisation sur la parentalit\u00e9 positive dans le Bugesera"},"content":{"rendered":"<p>Lors de la campagne de sensibilisation communautaire sur la parentalit\u00e9 positive, ax\u00e9 sur le r\u00f4le crutial des p\u00e8res dans le d\u00e9veloppement de leurs enfants, organis\u00e9 le 21 mars 2025 par le projet ECD dans le district de Bugesera, les Parents Lumi\u00e8res du Secteur de Kamabuye ont remport\u00e9 le match sur un score de quatre p\u00e9nalit\u00e9s contre trois de l&#8217;\u00e9quipe du Secteur de Ngeruka.<\/p>\n<p>Apr\u00e8s le match, les autorit\u00e9s locales ont prononc\u00e9 des discours sur le r\u00f4le crucial des p\u00e8res dans le d\u00e9veloppement de leurs enfants. Kadafi Aimable, le Secr\u00e9taire Ex\u00e9cutif du Secteur Ngeruka, a remerci\u00e9 les parents qui ont plac\u00e9 leurs enfants dans des maisons de d\u00e9veloppement de la petite enfance bas\u00e9es sur les m\u00e9nages (ECDs) et a appel\u00e9 ceux qui ne l&#8217;ont pas encore fait d\u2019y amener leurs enfants afin qu&#8217;ils puissent b\u00e9n\u00e9ficier des nombreux avantages de ces ECD. Ce dirigeant a \u00e9galement remerci\u00e9 Caritas Rwanda et Plan International Rwanda pour leur soutien aux ECDs \u00e0 domicile dans le district de Bugesera.<\/p>\n<p>Bamurange Appollinarie, la responsable de la promotion du genre et de la famille dans le district de Bugesera, a exhort\u00e9 tous les parents \u00e0 bien \u00e9lever leurs enfants en \u00e9vitant de les punir par la col\u00e8re, en les encourageant et en renfor\u00e7ant leur confiance en eux, en cr\u00e9ant et en entretenant des liens d&#8217;amiti\u00e9 avec eux, en les \u00e9coutant, en leur communiquant leurs attentes, en les f\u00e9licitant lorsqu&#8217;ils r\u00e9ussissent ou font du bien et surtout en servant de \u00a0mod\u00e8les pour leurs enfants.<\/p>\n<p>Apr\u00e8s les discours des autorit\u00e9s locales, il y a eu une s\u00e9ance de questions-r\u00e9ponses ax\u00e9e sur le d\u00e9veloppement de la petite enfance, et les gagnants ont re\u00e7u les t-shirts. Des troph\u00e9es ont \u00e9t\u00e9 remis aux deux \u00e9quipes.<\/p>\n","protected":false},"excerpt":{"rendered":"<p>On the 3rd of June, the steering committee meeting of the Slovenia Government and Karitas Slovenija-funded Tube Aheza, Amazi Hafi Project was held at Home Saint-Jean. The meeting was graced by the Karongi district Vice Mayor in charge of Finance and Economic Development Mr NIRAGIRE Th\u00e9ophile, Mr NIYONSABA Cyriack, the Executive Secretary of the Rugabano sector and priests from the Gisovu, Nyange and Mukungu parishes located in the sectors<\/p>\n","protected":false},"author":1,"featured_media":15406,"comment_status":"open","ping_status":"open","sticky":false,"template":"","format":"standard","meta":{"footnotes":""},"categories":[30],"tags":[7,10],"class_list":["post-15405","post","type-post","status-publish","format-standard","has-post-thumbnail","hentry","category-news","tag-business","tag-travel"],"_links":{"self":[{"href":"https:\/\/caritasrwanda.org\/fr\/wp-json\/wp\/v2\/posts\/15405","targetHints":{"allow":["GET"]}}],"collection":[{"href":"https:\/\/caritasrwanda.org\/fr\/wp-json\/wp\/v2\/posts"}],"about":[{"href":"https:\/\/caritasrwanda.org\/fr\/wp-json\/wp\/v2\/types\/post"}],"author":[{"embeddable":true,"href":"https:\/\/caritasrwanda.org\/fr\/wp-json\/wp\/v2\/users\/1"}],"replies":[{"embeddable":true,"href":"https:\/\/caritasrwanda.org\/fr\/wp-json\/wp\/v2\/comments?post=15405"}],"version-history":[{"count":3,"href":"https:\/\/caritasrwanda.org\/fr\/wp-json\/wp\/v2\/posts\/15405\/revisions"}],"predecessor-version":[{"id":15409,"href":"https:\/\/caritasrwanda.org\/fr\/wp-json\/wp\/v2\/posts\/15405\/revisions\/15409"}],"wp:featuredmedia":[{"embeddable":true,"href":"https:\/\/caritasrwanda.org\/fr\/wp-json\/wp\/v2\/media\/15406"}],"wp:attachment":[{"href":"https:\/\/caritasrwanda.org\/fr\/wp-json\/wp\/v2\/media?parent=15405"}],"wp:term":[{"taxonomy":"category","embeddable":true,"href":"https:\/\/caritasrwanda.org\/fr\/wp-json\/wp\/v2\/categories?post=15405"},{"taxonomy":"post_tag","embeddable":true,"href":"https:\/\/caritasrwanda.org\/fr\/wp-json\/wp\/v2\/tags?post=15405"}],"curies":[{"name":"wp","href":"https:\/\/api.w.org\/{rel}","templated":true}]}}