{"id":15353,"date":"2025-01-25T20:07:50","date_gmt":"2025-01-25T20:07:50","guid":{"rendered":"https:\/\/caritasrwanda.org\/fr\/?p=15353"},"modified":"2025-01-28T07:21:55","modified_gmt":"2025-01-28T07:21:55","slug":"caritas-rwanda-family-gathering-10-diocesan-caritas-and-national-level-joined-in-a-two-day-reporting-workshop-on-january-23-24-2025-at-centre-daccueil-bonne-esperance-kicukiro-in-a-prepar","status":"publish","type":"post","link":"https:\/\/caritasrwanda.org\/fr\/caritas-rwanda-family-gathering-10-diocesan-caritas-and-national-level-joined-in-a-two-day-reporting-workshop-on-january-23-24-2025-at-centre-daccueil-bonne-esperance-kicukiro-in-a-prepar\/","title":{"rendered":"Atelier de rapportage annuel de la famille Caritas Rwanda, 24-25 janvier 2025"},"content":{"rendered":"<p>La famille Caritas Rwanda, regroupant 10 Caritas dioc\u00e9saines et la Caritas Rwanda, s\u2019est r\u00e9unie en dates du 23 et 24 janvier 2025 au Centre d\u2019Accueil Bonne Esp\u00e9rance Kicukiro pour un atelier de rapportage de deux jours, en pr\u00e9paration de la prochaine Assembl\u00e9e G\u00e9n\u00e9rale de la Caritas Rwanda pr\u00e9vue au 25 et 26 mars 2025. L\u2019atelier a \u00e9t\u00e9 caract\u00e9ris\u00e9 par l\u2019engagement et la participation active de tous les membres du r\u00e9seau, comme en ont t\u00e9moign\u00e9 la chef du D\u00e9partement de l\u2019Administration et des Finances, le chef du D\u00e9partement de la Sant\u00e9, les repr\u00e9sentants des d\u00e9partements des Oeuvres Socio-Caritatives et du D\u00e9veloppement dans leurs interventions.<\/p>\n<p>Dans son mot de cl\u00f4ture, Abb\u00e9 Oscar KAGIMBURA, le Secr\u00e9taire G\u00e9n\u00e9ral de la Caritas Rwanda, a exprim\u00e9 sa gratitude \u00e0 tous les participants. &#8220;Une bonne pr\u00e9paration permettra de raccourcir l\u2019Assembl\u00e9e G\u00e9n\u00e9rale de deux jours \u00e0 un jour dans l\u2019avenir&#8221;, a-t-il d\u00e9clar\u00e9. Il a \u00e9t\u00e9 rappel\u00e9 aux d\u00e9partements de continuer \u00e0 unir leurs efforts pour mobiliser davantage de ressources, maintenir la satisfaction des partenaires existants et nouveaux gr\u00e2ce \u00e0 une communication claire et transparente, cr\u00e9ant de plus en plus de confiance.<\/p>\n<p>Le nouveau Plan strat\u00e9gique 2025-2030 de Caritas Rwanda permettra de continuer \u00e0 soutenir ceux qui en ont besoin pour am\u00e9liorer leurs conditions de vie. Abb\u00e9 Oscar a soulign\u00e9 l&#8217;importance d&#8217;\u00eatre toujours pr\u00eat \u00e0 intervenir en cas d&#8217;urgence et a rappel\u00e9 aux participants l&#8217;approbation en cours du &#8220;Plan de contingence&#8221; invitant les personnes concern\u00e9es \u00e0 y travailler le plus rapidement possible. &#8220;C&#8217;est le travail de tous les d\u00e9partements de la Caritas car les urgences affectent touts vos plans&#8221;, a d\u00e9clar\u00e9 le Secr\u00e9taire G\u00e9n\u00e9ral. Il a \u00e9t\u00e9 rappel\u00e9 aux participants de soutenir les Rwandais pour qu&#8217;ils parviennent \u00e0 leur d\u00e9veloppement int\u00e9gral en les informant des opportunit\u00e9s existantes, en les aidant \u00e0 acc\u00e9der aux services qu&#8217;ils offrent, entre autres.<\/p>\n<p>Les d\u00e9partements ont \u00e9t\u00e9 mandat\u00e9s pour travailler en synergie avec d&#8217;autres commissions et services de la Conf\u00e9rence Episcopale, le d\u00e9veloppement devrait explorer les moyens de soutenir les ressources d\u00e9centralis\u00e9es de l&#8217;\u00c9glise catholique pour contribuer de mani\u00e8re significative \u00e0 l&#8217;augmentation de la production agricole et animale en vue de la s\u00e9curit\u00e9 alimentaire et de l&#8217;acc\u00e8s \u00e0 la nourriture, en tirant parti des entrep\u00f4ts existants et d&#8217;autres infrastructures de transformation post-r\u00e9colte.<\/p>\n","protected":false},"excerpt":{"rendered":"<p>On the 3rd of June, the steering committee meeting of the Slovenia Government and Karitas Slovenija-funded Tube Aheza, Amazi Hafi Project was held at Home Saint-Jean. The meeting was graced by the Karongi district Vice Mayor in charge of Finance and Economic Development Mr NIRAGIRE Th\u00e9ophile, Mr NIYONSABA Cyriack, the Executive Secretary of the Rugabano sector and priests from the Gisovu, Nyange and Mukungu parishes located in the sectors<\/p>\n","protected":false},"author":1,"featured_media":15354,"comment_status":"open","ping_status":"open","sticky":false,"template":"","format":"standard","meta":{"footnotes":""},"categories":[30],"tags":[7,10],"class_list":["post-15353","post","type-post","status-publish","format-standard","has-post-thumbnail","hentry","category-news","tag-business","tag-travel"],"_links":{"self":[{"href":"https:\/\/caritasrwanda.org\/fr\/wp-json\/wp\/v2\/posts\/15353","targetHints":{"allow":["GET"]}}],"collection":[{"href":"https:\/\/caritasrwanda.org\/fr\/wp-json\/wp\/v2\/posts"}],"about":[{"href":"https:\/\/caritasrwanda.org\/fr\/wp-json\/wp\/v2\/types\/post"}],"author":[{"embeddable":true,"href":"https:\/\/caritasrwanda.org\/fr\/wp-json\/wp\/v2\/users\/1"}],"replies":[{"embeddable":true,"href":"https:\/\/caritasrwanda.org\/fr\/wp-json\/wp\/v2\/comments?post=15353"}],"version-history":[{"count":4,"href":"https:\/\/caritasrwanda.org\/fr\/wp-json\/wp\/v2\/posts\/15353\/revisions"}],"predecessor-version":[{"id":15358,"href":"https:\/\/caritasrwanda.org\/fr\/wp-json\/wp\/v2\/posts\/15353\/revisions\/15358"}],"wp:featuredmedia":[{"embeddable":true,"href":"https:\/\/caritasrwanda.org\/fr\/wp-json\/wp\/v2\/media\/15354"}],"wp:attachment":[{"href":"https:\/\/caritasrwanda.org\/fr\/wp-json\/wp\/v2\/media?parent=15353"}],"wp:term":[{"taxonomy":"category","embeddable":true,"href":"https:\/\/caritasrwanda.org\/fr\/wp-json\/wp\/v2\/categories?post=15353"},{"taxonomy":"post_tag","embeddable":true,"href":"https:\/\/caritasrwanda.org\/fr\/wp-json\/wp\/v2\/tags?post=15353"}],"curies":[{"name":"wp","href":"https:\/\/api.w.org\/{rel}","templated":true}]}}