{"id":15347,"date":"2025-01-10T11:22:57","date_gmt":"2025-01-10T11:22:57","guid":{"rendered":"https:\/\/caritasrwanda.org\/fr\/?p=15347"},"modified":"2025-01-10T11:22:57","modified_gmt":"2025-01-10T11:22:57","slug":"inauguration-officielle-du-centre-de-developpement-de-la-petite-enfance-de-rwabageni","status":"publish","type":"post","link":"https:\/\/caritasrwanda.org\/fr\/inauguration-officielle-du-centre-de-developpement-de-la-petite-enfance-de-rwabageni\/","title":{"rendered":"Inauguration officielle du Centre de Developpement de la petite enfance de Rwabageni"},"content":{"rendered":"<p>Le 9 janvier 2024, Caritas Rwanda en collaboration avec le district de Burera a officiellement inaugur\u00e9 le Centre de Developpement de la Petite Enfance de Rwabageni (Rwabageni NCH), construit avec des fonds de la Fondation Dennis et Jane Reese, dans la cellule de Kiringa, secteur de Kagogo, district de Burera dans la province du Nord du Rwanda. Ce centre aidera 80 enfants \u00e0 acc\u00e9der \u00e0 l&#8217;\u00e9ducation de la petite enfance au niveau du village.<\/p>\n<p>En plus de favoriser l&#8217;\u00e9ducation de la petite enfance, le Rwabageni NCH servira de site unique pour les interventions nutritionnelles communautaires soutenues par le programme Gikuriro Kuri Bose de l&#8217;USAID pour lutter contre le retard de croissance chez les jeunes enfants.<\/p>\n<p>Lors de l&#8217;inauguration du Rwabageni NCH, les invit\u00e9s ont visit\u00e9 deux salles de classe d&#8217;enfants \u00e2g\u00e9s de 3-4 ans et 5-6 ans et ont observ\u00e9 comment la communaut\u00e9 avec le soutien de l&#8217;USAID Gikuriro Kuri Bose am\u00e9liore l&#8217;apprentissage pr\u00e9coce, l&#8217;\u00e9ducation parentale positive, le jeu et la stimulation des enfants et l&#8217;inclusion des enfants avec handicap.<\/p>\n<figure id=\"attachment_15349\" aria-describedby=\"caption-attachment-15349\" style=\"width: 570px\" class=\"wp-caption aligncenter\"><img loading=\"lazy\" decoding=\"async\" class=\"size-medium wp-image-15349\" src=\"https:\/\/caritasrwanda.org\/fr\/wp-content\/uploads\/2025\/01\/162A1096-570x430.jpg\" alt=\"\" width=\"570\" height=\"430\" \/><figcaption id=\"caption-attachment-15349\" class=\"wp-caption-text\">Des invit\u00e9s visitent la classe des 5-6 ans et chantent avec eux.<\/figcaption><\/figure>\n<p>Abb\u00e9 Oscar Kagimbura, Secr\u00e9taire G\u00e9n\u00e9ral de Caritas Rwanda a exprim\u00e9 sa gratitude \u00e0 la Fondation Dennis et Jane Reese pour le financement de l\u2019initiative Rwabageni NCH et \u00e9galement exhort\u00e9 les parents \u00e0 s\u2019approprier le centre afin d\u2019assurer sa durabilit\u00e9.<\/p>\n<p>Apr\u00e8s avoir \u00e9galement remerci\u00e9 Pour Mme Mukamana Soline, Maire du District de Burera, l\u2019initiative NCH de Rwabageni s\u2019inscrit dans la politique de D\u00e9veloppement de la Petite Enfance (DPE) du Gouvernement du Rwanda, qui vise \u00e0 soutenir le d\u00e9veloppement des enfants de la conception \u00e0 l\u2019\u00e2ge de six ans. <em>\u201cEn tant que dirigeants locaux, nous pr\u00e9f\u00e9rons les initiatives avec les activit\u00e9s durables plut\u00f4t que celles qui se terminent en m\u00eame temps que les projets\u201d<\/em>, a d\u00e9clar\u00e9 Madame la Maire.<\/p>\n<p>Aron James, repr\u00e9sentant la Fondation Dennis et Jane Reese lors de la c\u00e9r\u00e9monie, a remerci\u00e9 les autorit\u00e9s locales pour leur coop\u00e9ration et s\u2019est r\u00e9joui de voir les parents participer activement aux activit\u00e9s du centre. Il a \u00e9galement promis une collaboration continue pour soutenir l&#8217;initiative.<\/p>\n<figure id=\"attachment_15350\" aria-describedby=\"caption-attachment-15350\" style=\"width: 570px\" class=\"wp-caption aligncenter\"><img loading=\"lazy\" decoding=\"async\" class=\"size-medium wp-image-15350\" src=\"https:\/\/caritasrwanda.org\/fr\/wp-content\/uploads\/2025\/01\/162A1218-570x430.jpg\" alt=\"\" width=\"570\" height=\"430\" \/><figcaption id=\"caption-attachment-15350\" class=\"wp-caption-text\">Aron James, qui repr\u00e9sentait la Fondation Dennis et Jane Reese lors de l&#8217;inauguration officielle du NCH de Rwabageni.<\/figcaption><\/figure>\n<p>Cet \u00e9v\u00e9nement a \u00e9galement \u00e9t\u00e9 une bonne occasion de sensibiliser sur la lutte contre la malnutrition et le retard de croissance chez les enfants. Dans son discours, Dr Umurungi Serubibi Yvonne, Coordinatrice en chef (Chief of Party) du projet du programme USAID Gikuriro Kuri Bose, a rappel\u00e9 aux parents que les femmes enceintes doivent effectuer 8 visites standard de CPN pendant la grossesse, allaiter leurs enfants pendant 6 mois sans aucun suppl\u00e9ment, et apr\u00e8s 6 mois, commencer \u00e0 leur donner une alimentation \u00e9quilibr\u00e9e comme indiqu\u00e9.<\/p>\n<p>Lors de l&#8217;inauguration, les enfants ont re\u00e7u des repas nutritifs.<\/p>\n","protected":false},"excerpt":{"rendered":"<p>On the 3rd of June, the steering committee meeting of the Slovenia Government and Karitas Slovenija-funded Tube Aheza, Amazi Hafi Project was held at Home Saint-Jean. The meeting was graced by the Karongi district Vice Mayor in charge of Finance and Economic Development Mr NIRAGIRE Th\u00e9ophile, Mr NIYONSABA Cyriack, the Executive Secretary of the Rugabano sector and priests from the Gisovu, Nyange and Mukungu parishes located in the sectors<\/p>\n","protected":false},"author":1,"featured_media":15348,"comment_status":"open","ping_status":"open","sticky":false,"template":"","format":"standard","meta":{"footnotes":""},"categories":[30],"tags":[7,10],"class_list":["post-15347","post","type-post","status-publish","format-standard","has-post-thumbnail","hentry","category-news","tag-business","tag-travel"],"_links":{"self":[{"href":"https:\/\/caritasrwanda.org\/fr\/wp-json\/wp\/v2\/posts\/15347","targetHints":{"allow":["GET"]}}],"collection":[{"href":"https:\/\/caritasrwanda.org\/fr\/wp-json\/wp\/v2\/posts"}],"about":[{"href":"https:\/\/caritasrwanda.org\/fr\/wp-json\/wp\/v2\/types\/post"}],"author":[{"embeddable":true,"href":"https:\/\/caritasrwanda.org\/fr\/wp-json\/wp\/v2\/users\/1"}],"replies":[{"embeddable":true,"href":"https:\/\/caritasrwanda.org\/fr\/wp-json\/wp\/v2\/comments?post=15347"}],"version-history":[{"count":1,"href":"https:\/\/caritasrwanda.org\/fr\/wp-json\/wp\/v2\/posts\/15347\/revisions"}],"predecessor-version":[{"id":15351,"href":"https:\/\/caritasrwanda.org\/fr\/wp-json\/wp\/v2\/posts\/15347\/revisions\/15351"}],"wp:featuredmedia":[{"embeddable":true,"href":"https:\/\/caritasrwanda.org\/fr\/wp-json\/wp\/v2\/media\/15348"}],"wp:attachment":[{"href":"https:\/\/caritasrwanda.org\/fr\/wp-json\/wp\/v2\/media?parent=15347"}],"wp:term":[{"taxonomy":"category","embeddable":true,"href":"https:\/\/caritasrwanda.org\/fr\/wp-json\/wp\/v2\/categories?post=15347"},{"taxonomy":"post_tag","embeddable":true,"href":"https:\/\/caritasrwanda.org\/fr\/wp-json\/wp\/v2\/tags?post=15347"}],"curies":[{"name":"wp","href":"https:\/\/api.w.org\/{rel}","templated":true}]}}