{"id":15321,"date":"2024-12-24T15:27:10","date_gmt":"2024-12-24T15:27:10","guid":{"rendered":"https:\/\/caritasrwanda.org\/fr\/?p=15321"},"modified":"2024-12-24T15:29:46","modified_gmt":"2024-12-24T15:29:46","slug":"la-premiere-phase-du-projet-graduation-a-ete-cloturee","status":"publish","type":"post","link":"https:\/\/caritasrwanda.org\/fr\/la-premiere-phase-du-projet-graduation-a-ete-cloturee\/","title":{"rendered":"La premi\u00e8re phase du projet Graduation a \u00e9t\u00e9 cl\u00f4tur\u00e9e"},"content":{"rendered":"<p>La premi\u00e8re phase du projet Graduation qui a \u00e9t\u00e9 mis en \u0153uvre dans les camps de r\u00e9fugi\u00e9s de Mahama, Nyabiheke et Kiziba et leurs communaut\u00e9s d&#8217;accueil, ainsi que dans la ville de Kigali, a \u00e9t\u00e9 cl\u00f4tur\u00e9e le 11 d\u00e9cembre 2024 \u00e0 l&#8217;h\u00f4tel Nobleza Kicukiro.<\/p>\n<p>Au cours de 5 ans, Caritas Rwanda \u00e0 travers le projet Graduation (projet pilote et la premi\u00e8re phase) a soutenu 3.017 m\u00e9nages des r\u00e9fugi\u00e9s des camps de r\u00e9fugi\u00e9s de Kiziba, Mahama et Nyabiheke et les membres de leurs communaut\u00e9s d&#8217;accueil ainsi que les r\u00e9fugi\u00e9s qui vivaient dans la ville de Kigali.<\/p>\n<p>Les participants au projet ont b\u00e9n\u00e9fici\u00e9 de diverses sessions de formation et ont re\u00e7u des subventions en esp\u00e8ces de 800.000 Frw chacun pour d\u00e9marrer des activit\u00e9s g\u00e9n\u00e9ratrices de revenus en vue de leur autosuffisance. Comme r\u00e9sultat, 3.017 entreprises ont \u00e9t\u00e9 cr\u00e9\u00e9es, ce qui a permis la cr\u00e9ation de 4.987 emplois. 8 coop\u00e9ratives ont \u00e9galement \u00e9t\u00e9 mis sur pied pour renforcer les activit\u00e9s \u00e9conomiques collectives.<\/p>\n<p>Dans son discours d\u2019ouverture, Monsieur l&#8217;Abb\u00e9 Oscar Kagimbura, Secr\u00e9taire G\u00e9n\u00e9ral de la Caritas Rwanda, a f\u00e9licit\u00e9 les diff\u00e9rents participants pour leur contribution aux r\u00e9alisations du projet, notamment pour l\u2019am\u00e9lioration des conditions de vie des r\u00e9fugi\u00e9s et des communaut\u00e9s d\u2019accueil.<\/p>\n<figure id=\"attachment_15323\" aria-describedby=\"caption-attachment-15323\" style=\"width: 570px\" class=\"wp-caption aligncenter\"><img loading=\"lazy\" decoding=\"async\" class=\"size-medium wp-image-15323\" src=\"https:\/\/caritasrwanda.org\/fr\/wp-content\/uploads\/2024\/12\/162A0732-570x430.jpg\" alt=\"\" width=\"570\" height=\"430\" \/><figcaption id=\"caption-attachment-15323\" class=\"wp-caption-text\">Abb\u00e9 Oscar Kagimbura, le Secretaire G\u00e9n\u00e9ral de Caritas Rwanda, en pronon\u00e7ant le mot d&#8217;ouverture.<\/figcaption><\/figure>\n<p>Dans une exposition de de leurs activit\u00e9s g\u00e9n\u00e9ratrices de revenu, les participants du projet de Graduation ont livr\u00e9 des t\u00e9moignages touchants d\u00e9montrant comment ils sont devenus \u00e9conomiquement autonomes gr\u00e2ce au soutien du projet de Graduation.<\/p>\n<figure id=\"attachment_15324\" aria-describedby=\"caption-attachment-15324\" style=\"width: 570px\" class=\"wp-caption aligncenter\"><img loading=\"lazy\" decoding=\"async\" class=\"size-medium wp-image-15324\" src=\"https:\/\/caritasrwanda.org\/fr\/wp-content\/uploads\/2024\/12\/162A0758-570x430.jpg\" alt=\"\" width=\"570\" height=\"430\" \/><figcaption id=\"caption-attachment-15324\" class=\"wp-caption-text\">Certains participants du projet de Graduation ont partag\u00e9 des t\u00e9moignages touchants avec les invit\u00e9s.<\/figcaption><\/figure>\n<p>Karangwa Viateur, qui a repr\u00e9sent\u00e9 la Mission du Danemark au Rwanda \u00e0 la c\u00e9r\u00e9monie,\u00a0 a soulign\u00e9 qu\u2019apr\u00e8s avoir rendu visite aux participants dans leurs activit\u00e9s g\u00e9n\u00e9ratrices de revenu, ils ont remarqu\u00e9 qu\u2019il y a tellement de personnes qui ont besoin d\u2019aide de sorte qu\u2019un seul donateur ne peut pas les soutenir. Il a appel\u00e9 les diff\u00e9rents donateurs \u00e0 s\u2019engager afin qu\u2019ils puissent former une coalition et aider les personnes dans le besoin. En effet, la Mission du Danemark a approuv\u00e9 la deuxi\u00e8me phase du projet de Grafuation sur la base des r\u00e9alisations de sa premi\u00e8re phase.<\/p>\n<figure id=\"attachment_15325\" aria-describedby=\"caption-attachment-15325\" style=\"width: 570px\" class=\"wp-caption aligncenter\"><img loading=\"lazy\" decoding=\"async\" class=\"size-medium wp-image-15325\" src=\"https:\/\/caritasrwanda.org\/fr\/wp-content\/uploads\/2024\/12\/162A0855-570x430.jpg\" alt=\"\" width=\"570\" height=\"430\" \/><figcaption id=\"caption-attachment-15325\" class=\"wp-caption-text\">Karangwa Viateur, qui a repr\u00e9sent\u00e9 la Mission du Danemark au Rwanda \u00e0 la c\u00e9r\u00e9monie, appel\u00e9 les diff\u00e9rents donateurs \u00e0 s\u2019engager afin qu\u2019ils puissent former une coalition et aider les personnes dans le besoin.<\/figcaption><\/figure>\n<p>Madame Richelle Haines, qui a repr\u00e9sent\u00e9 le HCR Rwanda lors de la c\u00e9r\u00e9monie de cl\u00f4ture du projet de graduation, a f\u00e9licit\u00e9 le Gouvernement rwandais d&#8217;avoir accueilli les r\u00e9fugi\u00e9s et de leur avoir offert\u00a0 les opportunit\u00e9s de se d\u00e9velopper. Madame Haines a soulign\u00e9 que le projet de Graduation a fourni des le\u00e7ons sur l&#8217;autonomisation des r\u00e9fugi\u00e9s vers l&#8217;autosuffisance.<\/p>\n<figure id=\"attachment_15326\" aria-describedby=\"caption-attachment-15326\" style=\"width: 570px\" class=\"wp-caption aligncenter\"><img loading=\"lazy\" decoding=\"async\" class=\"size-medium wp-image-15326\" src=\"https:\/\/caritasrwanda.org\/fr\/wp-content\/uploads\/2024\/12\/162A0858-570x430.jpg\" alt=\"\" width=\"570\" height=\"430\" \/><figcaption id=\"caption-attachment-15326\" class=\"wp-caption-text\">Madame Richelle Haines, qui a repr\u00e9sent\u00e9 le HCR Rwanda lors de la c\u00e9r\u00e9monie de cl\u00f4ture du projet de graduation, a f\u00e9licit\u00e9 le Gouvernement rwandais d&#8217;avoir accueilli les r\u00e9fugi\u00e9s et de leur avoir offert\u00a0 les opportunit\u00e9s de se d\u00e9velopper.<\/figcaption><\/figure>\n<p>Quant \u00e0 Karabayinga Emmanuel, l&#8217;invit\u00e9 d&#8217;honneur de la c\u00e9r\u00e9monie et repr\u00e9sentant le Minist\u00e8re rwandais de la gestion des urgences, a f\u00e9licit\u00e9 Caritas Rwanda pour avoir mis en \u0153uvre avec succ\u00e8s un projet conforme \u00e0 l&#8217;engagement du sommet des dirigeants rwandais de 2016 visant \u00e0 promouvoir les moyens de subsistance des r\u00e9fugi\u00e9s. \u00c0 la suite de ce sommet, une strat\u00e9gie a \u00e9t\u00e9 lanc\u00e9e par MINEMA et le HCR visant \u00e0 faire passer les r\u00e9fugi\u00e9s de la d\u00e9pendance \u00e0 l&#8217;autonomie aux c\u00f4t\u00e9s des communaut\u00e9s d&#8217;accueil. Il a \u00e9galement remerci\u00e9 les donateurs pour leur soutien et a f\u00e9licit\u00e9 les participants pour leur parcours de cinq ans vers l&#8217;autonomie.<\/p>\n<figure id=\"attachment_15327\" aria-describedby=\"caption-attachment-15327\" style=\"width: 570px\" class=\"wp-caption aligncenter\"><img loading=\"lazy\" decoding=\"async\" class=\"size-medium wp-image-15327\" src=\"https:\/\/caritasrwanda.org\/fr\/wp-content\/uploads\/2024\/12\/162A0864-570x430.jpg\" alt=\"\" width=\"570\" height=\"430\" \/><figcaption id=\"caption-attachment-15327\" class=\"wp-caption-text\">M. Karabayinga Emmanuel, repr\u00e9sentant le MINEMA lors de la c\u00e9r\u00e9monie, a remerci\u00e9 les donateurs pour leur soutien et a f\u00e9licit\u00e9 les participants pour leur parcours de cinq ans vers l&#8217;autosuffisance.<\/figcaption><\/figure>\n<p>La c\u00e9r\u00e9monie de cl\u00f4ture du projet Graduation a \u00e9galement \u00e9t\u00e9 l&#8217;occasion de partager les le\u00e7ons apprises et la voie \u00e0 suivre \u00e0 travers une table ronde form\u00e9e par les leaders de camp, les maires, les repr\u00e9sentants des r\u00e9fugi\u00e9s et le personnel de Caritas Rwanda.<\/p>\n<p>Le projet Graduation est financ\u00e9 par le gouvernement danois par l\u2019interm\u00e9diaire du Haut-Commissariat des Nations Unies pour les r\u00e9fugi\u00e9s (HCR). Sur une p\u00e9riode de cinq ans (2020-2024), il a co\u00fbt\u00e9 3.066.640 USD (environ 4 250 000 000 Rwf). Le projet vise \u00e0 promouvoir l\u2019inclusion \u00e9conomique et l\u2019autonomie des r\u00e9fugi\u00e9s et de leurs communaut\u00e9s d\u2019accueil (avec un objectif de 3 017 m\u00e9nages). En outre, le gouvernement danois a accept\u00e9 de fournir un financement pour la deuxi\u00e8me phase du projet Graduation.<\/p>\n","protected":false},"excerpt":{"rendered":"<p>On the 3rd of June, the steering committee meeting of the Slovenia Government and Karitas Slovenija-funded Tube Aheza, Amazi Hafi Project was held at Home Saint-Jean. The meeting was graced by the Karongi district Vice Mayor in charge of Finance and Economic Development Mr NIRAGIRE Th\u00e9ophile, Mr NIYONSABA Cyriack, the Executive Secretary of the Rugabano sector and priests from the Gisovu, Nyange and Mukungu parishes located in the sectors<\/p>\n","protected":false},"author":1,"featured_media":15329,"comment_status":"open","ping_status":"open","sticky":false,"template":"","format":"standard","meta":{"footnotes":""},"categories":[30],"tags":[7,10],"class_list":["post-15321","post","type-post","status-publish","format-standard","has-post-thumbnail","hentry","category-news","tag-business","tag-travel"],"_links":{"self":[{"href":"https:\/\/caritasrwanda.org\/fr\/wp-json\/wp\/v2\/posts\/15321","targetHints":{"allow":["GET"]}}],"collection":[{"href":"https:\/\/caritasrwanda.org\/fr\/wp-json\/wp\/v2\/posts"}],"about":[{"href":"https:\/\/caritasrwanda.org\/fr\/wp-json\/wp\/v2\/types\/post"}],"author":[{"embeddable":true,"href":"https:\/\/caritasrwanda.org\/fr\/wp-json\/wp\/v2\/users\/1"}],"replies":[{"embeddable":true,"href":"https:\/\/caritasrwanda.org\/fr\/wp-json\/wp\/v2\/comments?post=15321"}],"version-history":[{"count":2,"href":"https:\/\/caritasrwanda.org\/fr\/wp-json\/wp\/v2\/posts\/15321\/revisions"}],"predecessor-version":[{"id":15331,"href":"https:\/\/caritasrwanda.org\/fr\/wp-json\/wp\/v2\/posts\/15321\/revisions\/15331"}],"wp:featuredmedia":[{"embeddable":true,"href":"https:\/\/caritasrwanda.org\/fr\/wp-json\/wp\/v2\/media\/15329"}],"wp:attachment":[{"href":"https:\/\/caritasrwanda.org\/fr\/wp-json\/wp\/v2\/media?parent=15321"}],"wp:term":[{"taxonomy":"category","embeddable":true,"href":"https:\/\/caritasrwanda.org\/fr\/wp-json\/wp\/v2\/categories?post=15321"},{"taxonomy":"post_tag","embeddable":true,"href":"https:\/\/caritasrwanda.org\/fr\/wp-json\/wp\/v2\/tags?post=15321"}],"curies":[{"name":"wp","href":"https:\/\/api.w.org\/{rel}","templated":true}]}}