{"id":15316,"date":"2024-12-13T15:35:16","date_gmt":"2024-12-13T15:35:16","guid":{"rendered":"https:\/\/caritasrwanda.org\/fr\/?p=15316"},"modified":"2024-12-15T11:12:49","modified_gmt":"2024-12-15T11:12:49","slug":"rubavu-caritas-rwanda-a-accueilli-une-delegation-de-lusaid-rwanda-onu-rwanda-et-rbc-rwanda","status":"publish","type":"post","link":"https:\/\/caritasrwanda.org\/fr\/rubavu-caritas-rwanda-a-accueilli-une-delegation-de-lusaid-rwanda-onu-rwanda-et-rbc-rwanda\/","title":{"rendered":"Rubavu: Caritas Rwanda a accueilli une d\u00e9l\u00e9gation de l&#8217;USAID Rwanda, ONU Rwanda et RBC Rwanda"},"content":{"rendered":"<p>Dans le cadre des c\u00e9l\u00e9brations de la Journ\u00e9e mondiale de lutte contre le SIDA 2024, une d\u00e9l\u00e9gation de l&#8217;USAID Rwanda, ONU Rwanda et RBC Rwanda a effectu\u00e9 une visite de haut niveau au programme Igire Gimbuka de Caritas Rwanda dans le district de Rubavu, lundi le 02 d\u00e9cembre 2024. Cette visite visait \u00e0 voir les r\u00e9alisations du programme en mati\u00e8re de r\u00e9duction du risque de VIH\/SIDA, la r\u00e9duction de la violence bas\u00e9e sur le genre et de prestation de services complets aux personnes vivant avec ou \u00e0 risque de contamier le VIH\/SIDA.<\/p>\n<p>La d\u00e9l\u00e9gation a eu des discussions avec les participants du programme Families Matter ! qui ont partag\u00e9 des t\u00e9moignages touchants sur la fa\u00e7on dont la vie de leur famille s&#8217;est am\u00e9lior\u00e9e gr\u00e2ce \u00e0 la formation FMP. Certains ont t\u00e9moign\u00e9 de la fa\u00e7on dont il n\u2019y a plus de de conflits dans leurs familles; d&#8217;autres ont d\u00e9clar\u00e9 que la parentalit\u00e9 positive a eu un impact positif sur l&#8217;\u00e9ducation et la relation avec leurs enfants. Gr\u00e2ce au programme FMP, les parents discutent de la sant\u00e9 sexuelle et reproductive avec leurs enfants, tandis que d&#8217;autres transmettent les connaissances acquises lors des sessions de formation FMP \u00e0 leurs voisins et \u00e0 leurs proches, ce qui a \u00e9galement chang\u00e9 leur vie.<\/p>\n<p>L&#8217;\u00e9quipe a \u00e9galement rendu visite au groupe d&#8217;\u00e9pargne Duharaniramahoro, qui \u00e9l\u00e8ve et vend des poulets dans le cadre d&#8217;une activit\u00e9 g\u00e9n\u00e9ratrice de revenus durable. Le groupe, compos\u00e9 de 15 membres (13 femmes et 2 hommes), a \u00e9t\u00e9 cr\u00e9\u00e9 en 2023 et a re\u00e7u une subvention de 679 USD de la part d&#8217;Igire-Gimbuka pour renforcer sa capacit\u00e9 financi\u00e8re. L&#8217;entreprise g\u00e9n\u00e8re au moins 250 000 Frw de b\u00e9n\u00e9fices par mois en fonction du march\u00e9.<\/p>\n<p>Les membres du groupe d&#8217;\u00e9pargne de Duharaniramahoro ont expliqu\u00e9 comment le groupe a renforc\u00e9 sa r\u00e9silience \u00e9conomique gr\u00e2ce \u00e0 des cr\u00e9dits internes, am\u00e9liorant ainsi leur sant\u00e9 et leur nutrition, renfor\u00e7ant la coh\u00e9sion sociale et le bien-\u00eatre, et leur permettant de r\u00e9pondre aux besoins primordiaux tels que la nourriture et les m\u00e9dicaments (ils paient la mutuelle de sant\u00e9 \u00e0 temps) et de contribuer \u00e0 Ejo Heza.<\/p>\n<p>Le repr\u00e9sentant de l&#8217;USAID, Esron Niyonsaba, a remerci\u00e9 les autres partenaires qui soutiennent la mise en \u0153uvre du programme Igire-Gimbuka et a r\u00e9v\u00e9l\u00e9 que l&#8217;USAID pr\u00e9voit de graduer tous les participants qui re\u00e7oivent un soutien financier et que d&#8217;ici 2030, la mani\u00e8re dont l&#8217;aide est fournie sera modifi\u00e9e.<\/p>\n<p>Au cours de la r\u00e9union avec les participants du FMP, les invit\u00e9s ont pos\u00e9 des questions, notamment sur le contenu de la formation FMP et sur la mani\u00e8re dont les familles participantes sont identifi\u00e9es, ainsi que sur la diffusion des connaissances acquises par les participants aux formations FMP. On leur a dit que la formation FMP comprend 7 le\u00e7ons focalisant sur la promotion de pratiques parentales positives, l&#8217;am\u00e9lioration de la communication parent-enfant sur la sant\u00e9 reproductive et sexuel et d&#8217;autres comp\u00e9tences de vie, l&#8217;encouragement de l&#8217;activit\u00e9 sexuelle pendant le mariage chez les adolescents et la lutte contre les comportements \u00e0 risque tels que les grossesses pr\u00e9coces et la pr\u00e9vention du VIH\/IST.<\/p>\n<p>Les membres de la d\u00e9l\u00e9gation ont \u00e9galement \u00e9t\u00e9 inform\u00e9s que Caritas Rwanda travaille en \u00e9troite collaboration avec les dirigeants locaux pour identifier les familles qui suivront le programme FMP et que les participants du FMP partagent les connaissances acquises avec la communaut\u00e9, en commen\u00e7ant par leurs proches et voisins.<\/p>\n<figure id=\"attachment_15318\" aria-describedby=\"caption-attachment-15318\" style=\"width: 570px\" class=\"wp-caption aligncenter\"><img loading=\"lazy\" decoding=\"async\" class=\"size-medium wp-image-15318\" src=\"https:\/\/caritasrwanda.org\/fr\/wp-content\/uploads\/2024\/12\/Keisha-Effiom-Mission-Director-USAID-Rwanda-and-Burundi-570x430.jpg\" alt=\"\" width=\"570\" height=\"430\" \/><figcaption id=\"caption-attachment-15318\" class=\"wp-caption-text\">Keisha Effiom, la directrice de mission de l\u2019USAID Rwanda et Burundi.<\/figcaption><\/figure>\n<p>Dans son discours, Keisha Effiom, la directrice de mission de l\u2019USAID Rwanda et Burundi, a pr\u00e9sent\u00e9 bri\u00e8vement l\u2019historique de la mise en \u0153uvre du programme OVC de l\u2019USAID au Rwanda et a ajout\u00e9 que cette visite sur le terrain voulait demontrer comment le programme OVC a investi dans les familles et les communaut\u00e9s : le programme Families Matter aide \u00e0 r\u00e9duire les conflits familiaux, \u00e0 am\u00e9liorer les relations entre parents et enfants et \u00e0 renforcer la coh\u00e9sion entre les membres du groupe. Cela leur a m\u00eame permis de discuter de sujets sensibles, comme le sexe. Elle a mentionn\u00e9 que ces r\u00e9alisations constituent une bonne base pour informer l\u2019approche multisectorielle represent\u00e9e. <em>\u201cMerci pour votre partenariat, votre d\u00e9vouement et votre engagement commun. Travaillons ensemble pour assurer un avenir meilleur \u00e0 nos enfants, \u00e0 nos familles et \u00e0 nos communaut\u00e9s au Rwanda\u201d<\/em>, a-t-elle ajout\u00e9.<\/p>\n<p>Madame Pacifique Ishimwe, la vice-maire du district de Rubavu charg\u00e9e des affaires sociales, a felicit\u00e9 le programme FMP car les participants ont \u00e9galement partag\u00e9 les connaissances acquises avec la communaut\u00e9. Elle les a exhort\u00e9s \u00e0 les diffuser partout o\u00f9 ils se trouvent, plus pr\u00e9cisement pendant ces 16 jours d\u2019activisme contre la violence bas\u00e9e sur le genre.<\/p>\n<p>Pour conclure, Monseigneur Anaclet Mwumvaneza, Ev\u00eaque du Dioc\u00e8se de Nyundo a exprim\u00e9 sa sinc\u00e8re gratitude \u00e0 l\u2019USAID pour la confiance qu\u2019elle plac\u00e9e en Caritas Rwanda depuis 2012, dans son parcours de d\u2019assister les orphelins et des enfants vuln\u00e9rables et de prise en charge de la sant\u00e9 des autres Rwandais en g\u00e9n\u00e9ral. Monseigneur Anaclet a \u00e9galement appr\u00e9ci\u00e9 le partenariat entre Caritas Rwanda et le Gouvernement Rwandais dans la mise en \u0153uvre de divers projets. <em>\u201cSi nous continuons dans cette voie, nous atteindrons de nombreuses personnes vuln\u00e9rables et changerons leur vie de mani\u00e8re positive\u201d<\/em>, a d\u00e9clar\u00e9 Monseigneur Anaclet.<\/p>\n<p>Au jour pr\u00e9c\u00e9dent (1<sup>er<\/sup> d\u00e9cembre 2024), Caritas Rwanda a particip\u00e9 \u00e0 la c\u00e9l\u00e9bration de la Journ\u00e9e mondiale de lutte contre le sida 2024 au niveau national dans le district de Rubavu. Caritas Rwanda, \u00e0 travers Igire Gimbuka, a pr\u00e9sent\u00e9 son travail de r\u00e9duction de la vuln\u00e9rabilit\u00e9 et de pr\u00e9vention de l&#8217;incidence du VIH et de la violence bas\u00e9e sur le genre parmi les Orphelins et Enfants Vuln\u00e9rable et leurs familles. Le th\u00e8me de cette ann\u00e9e est \u00abMettre fin au SIDA, ma responsabilit\u00e9\u00bb.<\/p>\n","protected":false},"excerpt":{"rendered":"<p>On the 3rd of June, the steering committee meeting of the Slovenia Government and Karitas Slovenija-funded Tube Aheza, Amazi Hafi Project was held at Home Saint-Jean. The meeting was graced by the Karongi district Vice Mayor in charge of Finance and Economic Development Mr NIRAGIRE Th\u00e9ophile, Mr NIYONSABA Cyriack, the Executive Secretary of the Rugabano sector and priests from the Gisovu, Nyange and Mukungu parishes located in the sectors<\/p>\n","protected":false},"author":1,"featured_media":15317,"comment_status":"open","ping_status":"open","sticky":false,"template":"","format":"standard","meta":{"footnotes":""},"categories":[30],"tags":[7,10],"class_list":["post-15316","post","type-post","status-publish","format-standard","has-post-thumbnail","hentry","category-news","tag-business","tag-travel"],"_links":{"self":[{"href":"https:\/\/caritasrwanda.org\/fr\/wp-json\/wp\/v2\/posts\/15316","targetHints":{"allow":["GET"]}}],"collection":[{"href":"https:\/\/caritasrwanda.org\/fr\/wp-json\/wp\/v2\/posts"}],"about":[{"href":"https:\/\/caritasrwanda.org\/fr\/wp-json\/wp\/v2\/types\/post"}],"author":[{"embeddable":true,"href":"https:\/\/caritasrwanda.org\/fr\/wp-json\/wp\/v2\/users\/1"}],"replies":[{"embeddable":true,"href":"https:\/\/caritasrwanda.org\/fr\/wp-json\/wp\/v2\/comments?post=15316"}],"version-history":[{"count":1,"href":"https:\/\/caritasrwanda.org\/fr\/wp-json\/wp\/v2\/posts\/15316\/revisions"}],"predecessor-version":[{"id":15319,"href":"https:\/\/caritasrwanda.org\/fr\/wp-json\/wp\/v2\/posts\/15316\/revisions\/15319"}],"wp:featuredmedia":[{"embeddable":true,"href":"https:\/\/caritasrwanda.org\/fr\/wp-json\/wp\/v2\/media\/15317"}],"wp:attachment":[{"href":"https:\/\/caritasrwanda.org\/fr\/wp-json\/wp\/v2\/media?parent=15316"}],"wp:term":[{"taxonomy":"category","embeddable":true,"href":"https:\/\/caritasrwanda.org\/fr\/wp-json\/wp\/v2\/categories?post=15316"},{"taxonomy":"post_tag","embeddable":true,"href":"https:\/\/caritasrwanda.org\/fr\/wp-json\/wp\/v2\/tags?post=15316"}],"curies":[{"name":"wp","href":"https:\/\/api.w.org\/{rel}","templated":true}]}}