{"id":15301,"date":"2024-12-10T13:52:13","date_gmt":"2024-12-10T13:52:13","guid":{"rendered":"https:\/\/caritasrwanda.org\/fr\/?p=15301"},"modified":"2024-12-10T13:55:28","modified_gmt":"2024-12-10T13:55:28","slug":"celebration-de-la-journee-internationale-des-personnes-handicapees-2024-autonomisation-des-communautes-pour-un-avenir-inclusif","status":"publish","type":"post","link":"https:\/\/caritasrwanda.org\/fr\/celebration-de-la-journee-internationale-des-personnes-handicapees-2024-autonomisation-des-communautes-pour-un-avenir-inclusif\/","title":{"rendered":"C\u00e9l\u00e9bration de la Journ\u00e9e internationale des personnes handicap\u00e9es 2024 : Autonomisation des communaut\u00e9s pour un avenir inclusif"},"content":{"rendered":"<p>Dans le cadre de son engagement \u00e0 Promouvoir une croissance et un d\u00e9veloppement inclusifs, USAID Gikuriro Kuri Bose a fi\u00e8rement collabor\u00e9 avec les autorit\u00e9s gouvernementales locales pour c\u00e9l\u00e9brer la Journ\u00e9e internationale des personnes handicap\u00e9es et le soutien apport\u00e9 cette ann\u00e9e a \u00e9t\u00e9 essentiel pour faire de cette journ\u00e9e un succ\u00e8s. La c\u00e9l\u00e9bration de cette ann\u00e9e a mis en lumi\u00e8re l&#8217;autonomisation des personnes handicap\u00e9es et la cr\u00e9ation d&#8217;opportunit\u00e9s durables pour leurs familles. L&#8217;\u00e9v\u00e9nement a servi de plate-forme pour sensibiliser aux droits et aux contributions des personnes handicap\u00e9es tout en s&#8217;attaquant aux obstacles auxquels elles sont confront\u00e9es dans la soci\u00e9t\u00e9.<\/p>\n<p><strong>Collaborer pour le changement: USAID Gikuriro Kuri Bose guide la mise en \u0153uvre de l&#8217;approche CBID pour l&#8217;int\u00e9gration des personnes handicap\u00e9es<\/strong><\/p>\n<p><img loading=\"lazy\" decoding=\"async\" class=\" wp-image-15304 alignright\" src=\"https:\/\/caritasrwanda.org\/fr\/wp-content\/uploads\/2024\/12\/2-A-510x430.png\" alt=\"\" width=\"343\" height=\"289\" \/>\u00a0En int\u00e9grant des principes inclusifs dans les programmes de nutrition et de d\u00e9veloppement de la petite enfance, USAID Gikuriro Kuri Bose a permis un meilleur acc\u00e8s \u00e0 la sant\u00e9, \u00e0 l&#8217;\u00e9ducation et au soutien nutritionnel pour les enfants et les adultes handicap\u00e9s. Les sessions de formation et les ressources fournies \u00e0 1 533 volontaires du CBID \u00e0 Burera, Rulindo et Nyabihu ainsi qu&#8217;aux gouvernements locaux, aux dirigeants communautaires et aux parties prenantes ont renforc\u00e9 leur capacit\u00e9 \u00e0 mettre en \u0153uvre efficacement des strat\u00e9gies inclusives. Cela a permis de combler les lacunes dans la prestation de services et de promouvoir l&#8217;\u00e9quit\u00e9 au niveau communautaire. Les communaut\u00e9s s&#8217;approprient progressivement des programmes inclusifs, renfor\u00e7ant ainsi les impacts \u00e0 long terme sur la croissance et le d\u00e9veloppement.<\/p>\n<p><strong>Promouvoir l&#8217;\u00e9quit\u00e9 en mati\u00e8re de sant\u00e9\u00a0: USAID Gikuriro Kuri Bose veille \u00e0 ce que les personnes vuln\u00e9rables handicap\u00e9es re\u00e7oivent des soins m\u00e9dicaux sp\u00e9cialis\u00e9s<\/strong><\/p>\n<p>USAID Gikuriro Kuri Bose collabore avec les \u00e9tablissements et professionnels de la sant\u00e9 pour faciliter l&#8217;acc\u00e8s aux soins m\u00e9dicaux sp\u00e9cialis\u00e9s pour les personnes handicap\u00e9es. La facilitation inclus l\u2019assistance financi\u00e8re, le transport vers les \u00e9tablissements m\u00e9dicaux et la liaison des familles avec des \u00e9tablissements de sant\u00e9 sp\u00e9cialis\u00e9s.<\/p>\n<p><img loading=\"lazy\" decoding=\"async\" class=\" wp-image-15305 alignleft\" src=\"https:\/\/caritasrwanda.org\/fr\/wp-content\/uploads\/2024\/12\/3-570x430.png\" alt=\"\" width=\"413\" height=\"312\" \/>\u00a0Ces efforts ont permis \u00e0 180 personnes handicap\u00e9es, dont des enfants et des adultes, de recevoir des th\u00e9rapies essentielles, des appareils fonctionnels et des interventions qui am\u00e9liorent leur bien-\u00eatre et leur int\u00e9gration dans la communaut\u00e9 \u00e0 Burera, Rulindo et Nyabihu o\u00f9 Caritas Rwanda met en \u0153uvre l&#8217;USAID Gikuriro Kuri Bose.<\/p>\n<p>Mukakabera Beltrilde, m\u00e8re d&#8217;un enfant n\u00e9 avec un pied bot dans le district de Rulindo et soutenu pour subir des op\u00e9rations chirurgicales correctives et \u00e9quip\u00e9 de chaussures orthop\u00e9diques sur mesure, a d\u00e9clar\u00e9 : <strong><em>\u00ab Avant le soutien, l&#8217;acc\u00e8s aux soins sp\u00e9cialis\u00e9s pour mon enfant semblait impossible. Maintenant, mon enfant re\u00e7oit non seulement un traitement, mais s&#8217;\u00e9panouit \u00e9galement \u00e0 l&#8217;\u00e9cole et dans la vie. \u00bb<\/em><\/strong><\/p>\n<p>En travaillant en collaboration avec les professionnels de sant\u00e9, les communaut\u00e9s et les parties prenantes, USAID Gikuriro Kuri Bose vise \u00e0 \u00e9liminer les obstacles qui emp\u00eachent les personnes handicap\u00e9es de vivre une vie \u00e9panouissante et ind\u00e9pendante.<\/p>\n<p><strong>Renforcer la r\u00e9silience financi\u00e8re des personnes handicap\u00e9es : soutien direct en esp\u00e8ces et groupes d&#8217;\u00e9pargne en action<\/strong><\/p>\n<p>Gr\u00e2ce \u00e0 un soutien direct en esp\u00e8ces qui a atteint 1326 familles vuln\u00e9rables s\u00e9lectionn\u00e9es avec des personnes handicap\u00e9es \u00e0 Rulindo, Burera et Nyabihu et \u00e0 la cr\u00e9ation de groupes d&#8217;\u00e9pargne, USAID Gikuriro Kuri Bose fait des progr\u00e8s significatifs dans la promotion de l&#8217;autonomisation \u00e9conomique des personnes handicap\u00e9es. Le soutien direct en esp\u00e8ces permet aux b\u00e9n\u00e9ficiaires d&#8217;investir dans de petites activit\u00e9s g\u00e9n\u00e9ratrices de revenus qui contribueront \u00e0 leur ind\u00e9pendance financi\u00e8re \u00e0 long terme. En supprimant certains des obstacles li\u00e9s \u00e0 la pauvret\u00e9, l\u2019initiative offre aux b\u00e9n\u00e9ficiaires un sentiment de dignit\u00e9 et d\u2019estime de soi, leur permettant de s\u2019engager plus pleinement dans leurs communaut\u00e9s et de participer aux activit\u00e9s \u00e9conomiques.<\/p>\n<p><strong>Un appel \u00e0 l\u2019action<\/strong><\/p>\n<p>Tout en pensant au th\u00e8me de cette ann\u00e9e <strong><em>\u00ab Amplifier le leadership des personnes handicap\u00e9es pour un avenir inclusif et durable \u00bb<\/em><\/strong>, USAID Gikuriro Kuri Bose r\u00e9affirme son engagement \u00e0 b\u00e2tir des communaut\u00e9s inclusives et autonomes, appelant les parties prenantes \u00e0 s\u2019unir pour garantir que les personnes handicap\u00e9es, en particulier les enfants, b\u00e9n\u00e9ficient des m\u00eames chances de s\u2019\u00e9panouir. Ensemble, nous pouvons cr\u00e9er un monde qui ne laisse vraiment personne de c\u00f4t\u00e9. C\u00e9l\u00e9brons la diversit\u00e9 et prenons des mesures concr\u00e8tes en faveur de l\u2019inclusion chaque jour de l\u2019ann\u00e9e !<\/p>\n","protected":false},"excerpt":{"rendered":"<p>On the 3rd of June, the steering committee meeting of the Slovenia Government and Karitas Slovenija-funded Tube Aheza, Amazi Hafi Project was held at Home Saint-Jean. The meeting was graced by the Karongi district Vice Mayor in charge of Finance and Economic Development Mr NIRAGIRE Th\u00e9ophile, Mr NIYONSABA Cyriack, the Executive Secretary of the Rugabano sector and priests from the Gisovu, Nyange and Mukungu parishes located in the sectors<\/p>\n","protected":false},"author":1,"featured_media":15302,"comment_status":"open","ping_status":"open","sticky":false,"template":"","format":"standard","meta":{"footnotes":""},"categories":[30],"tags":[7,10],"class_list":["post-15301","post","type-post","status-publish","format-standard","has-post-thumbnail","hentry","category-news","tag-business","tag-travel"],"_links":{"self":[{"href":"https:\/\/caritasrwanda.org\/fr\/wp-json\/wp\/v2\/posts\/15301","targetHints":{"allow":["GET"]}}],"collection":[{"href":"https:\/\/caritasrwanda.org\/fr\/wp-json\/wp\/v2\/posts"}],"about":[{"href":"https:\/\/caritasrwanda.org\/fr\/wp-json\/wp\/v2\/types\/post"}],"author":[{"embeddable":true,"href":"https:\/\/caritasrwanda.org\/fr\/wp-json\/wp\/v2\/users\/1"}],"replies":[{"embeddable":true,"href":"https:\/\/caritasrwanda.org\/fr\/wp-json\/wp\/v2\/comments?post=15301"}],"version-history":[{"count":2,"href":"https:\/\/caritasrwanda.org\/fr\/wp-json\/wp\/v2\/posts\/15301\/revisions"}],"predecessor-version":[{"id":15307,"href":"https:\/\/caritasrwanda.org\/fr\/wp-json\/wp\/v2\/posts\/15301\/revisions\/15307"}],"wp:featuredmedia":[{"embeddable":true,"href":"https:\/\/caritasrwanda.org\/fr\/wp-json\/wp\/v2\/media\/15302"}],"wp:attachment":[{"href":"https:\/\/caritasrwanda.org\/fr\/wp-json\/wp\/v2\/media?parent=15301"}],"wp:term":[{"taxonomy":"category","embeddable":true,"href":"https:\/\/caritasrwanda.org\/fr\/wp-json\/wp\/v2\/categories?post=15301"},{"taxonomy":"post_tag","embeddable":true,"href":"https:\/\/caritasrwanda.org\/fr\/wp-json\/wp\/v2\/tags?post=15301"}],"curies":[{"name":"wp","href":"https:\/\/api.w.org\/{rel}","templated":true}]}}