{"id":15289,"date":"2024-11-01T15:05:37","date_gmt":"2024-11-01T15:05:37","guid":{"rendered":"https:\/\/caritasrwanda.org\/fr\/?p=15289"},"modified":"2024-11-01T15:05:37","modified_gmt":"2024-11-01T15:05:37","slug":"caritas-rwanda-et-les-caritas-diocesaine-ont-organise-une-visite-dechange-et-dapprentissage-pour-le-department-de-developpement","status":"publish","type":"post","link":"https:\/\/caritasrwanda.org\/fr\/caritas-rwanda-et-les-caritas-diocesaine-ont-organise-une-visite-dechange-et-dapprentissage-pour-le-department-de-developpement\/","title":{"rendered":"Caritas Rwanda et les Caritas dioc\u00e9saine ont organis\u00e9 une visite d\u2019\u00e9change et d\u2019apprentissage pour le department de D\u00e9veloppement"},"content":{"rendered":"<p>Afin d\u2019explorer les bonnes pratiques et acqu\u00e9rir des connaissances en agriculture, \u00e9levage et les activit\u00e9s g\u00e9n\u00e9ratrices de revenu, les coordinateurs du d\u00e9partement D\u00e9veloppement dans les Caritas dioc\u00e9saines et une \u00e9quipe de Caritas Rwanda, ont effectu\u00e9 une visite d\u2019\u00e9change et d\u2019apprentissage de cinq jours dans les dioc\u00e8ses de Gikongoro, Butare et Nyundo, du 21 au 25 octobre 2024.<\/p>\n<p>En date du 21 octobre, l\u2019\u00e9quipe a eu effectu\u00e9 une visite dans les p\u00e9pini\u00e8res communautaires d\u2019agroforesterie et d\u2019arbres fruitiers g\u00e9r\u00e9es par le group \u201cTwihaze Mu Biribwa\u201d. De plus, elle a rencontre les propri\u00e9taires de \u201cCanarumwe\u201d, une entreprise locale sp\u00e9cialis\u00e9e dans la production et l\u2019installation de cuisini\u00e8res \u00e9conomiques en argile \u00e0 prix dans le village de Mutobwe, situ\u00e9 dans le secteur de Nyabimata du district de Nyaruguru.<\/p>\n<p>Le lendemain, cette \u00e9quipe a \u00e9t\u00e9 chaleureusement accueillie par Son Excellence, Mgr Jean Bosco Ntagungira du dioc\u00e8se de Butare. Il a salu\u00e9 le travail pr\u00e9cieux de Caritas et a encourag\u00e9 l\u2019\u00e9quipe \u00e0 collaborer, \u00e0 partager les connaissances et \u00e0 tirer parti de la technologie pour am\u00e9liorer la production et promouvoir des pratiques qui ne m\u00e9nacent pas l\u2019environnement.<\/p>\n<figure id=\"attachment_15291\" aria-describedby=\"caption-attachment-15291\" style=\"width: 570px\" class=\"wp-caption aligncenter\"><img loading=\"lazy\" decoding=\"async\" class=\"size-medium wp-image-15291\" src=\"https:\/\/caritasrwanda.org\/fr\/wp-content\/uploads\/2024\/11\/WhatsApp-Image-2024-10-23-at-11.01.00-570x430.jpeg\" alt=\"\" width=\"570\" height=\"430\" \/><figcaption id=\"caption-attachment-15291\" class=\"wp-caption-text\">Les coordinateurs du d\u00e9partement de D\u00e9veloppement des Caritas dioc\u00e9saines et une \u00e9quipe de Caritas Rwanda avec Monseigneur Jean Bosco Ntagungira, Ev\u00eaque du Dioc\u00e8se de Butare.<\/figcaption><\/figure>\n<p>L\u2019\u00e9quipe a \u00e9galement rencontr\u00e9 Abb\u00e9 Edmond Habiyaremye, le directeur de la Caritas Butare, qui les a accueillis chaleureusement et a appr\u00e9ci\u00e9 cette visite de terrain d\u2019\u00e9change et d\u2019apprentissage. Apr\u00e8s cette br\u00e8ve reunion, l\u2019\u00e9quipe a effectu\u00e9 la visite au Centre de formation de jeunes situ\u00e9 dans le secteur de Save, District de Gisagara, et ont \u00e9chang\u00e9 avec les jeunes qui font la couture comme activit\u00e9 g\u00e9n\u00e9ratrice de revenu, ainsi que ceux qui suivent une formation professionnelle en (i) couture, en (ii) coiffure et esth\u00e9tique, et (iii) en soudure. Ces jeunes sont des vuln\u00e9rables qui sont envoy\u00e9 par diverses paroisses catholiques, mais il y en a ceux qui viennent demandent de faire la formation de leur plein gr\u00e9 et paient les frais de formation.<\/p>\n<p>Afin de s\u2019inspirer des activit\u00e9s d\u2019autofinancement initi\u00e9es par les dioc\u00e8ses, l\u2019\u00e9quipe a \u00e9galement visit\u00e9 les h\u00e9bergements g\u00e9r\u00e9s par la Caritas Butare, et l\u2019\u00e9levage de lapins, de porcs et de poulets par la Caritas Butare.<\/p>\n<p>Toujours dans le Dioc\u00e8se de Butare, les coordinateurs du d\u00e9partement de D\u00e9veloppement des Caritas dioc\u00e9saines et une \u00e9quipe de Caritas Rwanda ont \u00e9galement rendu visite \u00e0 un jeune homme du nom d\u2019Iradukunda Dieudonn\u00e9 qui fait des objets en bois \u00e0 partir de l\u2019arbre d\u2019Hibiscus. Dans son activit\u00e9 g\u00e9n\u00e9ratrice de revenus, Dieudonn\u00e9 emploie 40 travailleurs.<\/p>\n<p>Dans le cadre de cette visite d\u2019\u00e9change et d\u2019apprentissage sur le terrain, les participants ont \u00e9galement visit\u00e9 le Centre Babeho dans le secteur de Tumba, et ont rencontr\u00e9 des jeunes (anciens enfants de la rue) qui font la couture des sacs et les exportent en Italie.<\/p>\n<p>L\u2019\u00e9quipe qui a particip\u00e9 dans la visite d\u2019\u00e9change et d\u2019apprentissage a rencontr\u00e9 Itangishaka Esther qui fabrique des produits en cuir tels que des ceintures, les porte-monnaie et des sacs, et les vend dans sa boutique. Elle emploie 6 travailleurs.<\/p>\n<p>Au troisi\u00e8me jour de la visite, l\u2019\u00e9quipe s\u2019est rendue du district de Huye au district de Rubavu.<\/p>\n<p>En date du 24\/10\/2024, les coordinateurs du d\u00e9partement de D\u00e9veloppement de la Caritas dioc\u00e9saine et une \u00e9quipe de Caritas Rwanda ont rencontr\u00e9 Monseigneur Anaclet Mwumvaneza Ev\u00eaque du Dioc\u00e8se de Nyundo, qui est \u00e9galement le Pr\u00e9sident de la Caritas Rwanda.<\/p>\n<p>Mgr Anaclet a remerci\u00e9 la Caritas Rwanda pour l\u2019organisation de cette visite d\u2019\u00e9change et d\u2019apprentissage, rappelant que la mission de la Caritas est d\u2019aider les personnes vuln\u00e9rables \u00e0 sortir de la pauvret\u00e9 extreme. Il a ajout\u00e9 que cette visite leur permettra d\u2019\u00e9largir leurs connaissances pour aider les personnes vuln\u00e9rables \u00e0 devenir r\u00e9silientes.<\/p>\n<p>L\u2019\u00e9v\u00eaque du dioc\u00e8se de Nyundo a encourag\u00e9 les coordinateurs et le responsable des d\u00e9partements de D\u00e9veloppement des Caritas dioc\u00e9saines et de Caritas Rwanda \u00e0 trouver des moyens d\u2019augmenter les ressources propres de la Caritas en lan\u00e7ant des activit\u00e9s g\u00e9n\u00e9ratrices de revenus, pour ne pas d\u00e9pendre uniquement des projets.<\/p>\n<p>Apr\u00e8s la r\u00e9union, l\u2019\u00e9quipe a visit\u00e9 la soci\u00e9t\u00e9 BIF, sp\u00e9cialis\u00e9e dans l\u2019ins\u00e9mination artificielle des porcs, l\u2019\u00e9levage de poulets et la multiplication des semences de pommes de terre \u00e0 partir de vitroplants.<\/p>\n<figure id=\"attachment_15292\" aria-describedby=\"caption-attachment-15292\" style=\"width: 570px\" class=\"wp-caption aligncenter\"><img loading=\"lazy\" decoding=\"async\" class=\"size-medium wp-image-15292\" src=\"https:\/\/caritasrwanda.org\/fr\/wp-content\/uploads\/2024\/11\/162A9286-1-570x430.jpg\" alt=\"\" width=\"570\" height=\"430\" \/><figcaption id=\"caption-attachment-15292\" class=\"wp-caption-text\">L&#8217;\u00e9quipe de coordinateurs du Departement de Dev\u00e9loppement dans les Caritas dioc\u00e9saines et une \u00e9quipe de Caritas Rwanda lors de la visite \u00e0 la soci\u00e9t\u00e9 BIF.<\/figcaption><\/figure>\n<p>Au dernier jour, les participants se sont r\u00e9unis pour partager les le\u00e7ons apprises et se sont engag\u00e9s \u00e0 discuter avec leurs superviseurs afin qu&#8217;ils puissent mettre en pratique les meilleures pratiques et connaissances acquises lors de la visite d&#8217;\u00e9change et d&#8217;apprentissage.<\/p>\n","protected":false},"excerpt":{"rendered":"<p>On the 3rd of June, the steering committee meeting of the Slovenia Government and Karitas Slovenija-funded Tube Aheza, Amazi Hafi Project was held at Home Saint-Jean. The meeting was graced by the Karongi district Vice Mayor in charge of Finance and Economic Development Mr NIRAGIRE Th\u00e9ophile, Mr NIYONSABA Cyriack, the Executive Secretary of the Rugabano sector and priests from the Gisovu, Nyange and Mukungu parishes located in the sectors<\/p>\n","protected":false},"author":1,"featured_media":15293,"comment_status":"open","ping_status":"open","sticky":false,"template":"","format":"standard","meta":{"footnotes":""},"categories":[30],"tags":[7,10],"class_list":["post-15289","post","type-post","status-publish","format-standard","has-post-thumbnail","hentry","category-news","tag-business","tag-travel"],"_links":{"self":[{"href":"https:\/\/caritasrwanda.org\/fr\/wp-json\/wp\/v2\/posts\/15289","targetHints":{"allow":["GET"]}}],"collection":[{"href":"https:\/\/caritasrwanda.org\/fr\/wp-json\/wp\/v2\/posts"}],"about":[{"href":"https:\/\/caritasrwanda.org\/fr\/wp-json\/wp\/v2\/types\/post"}],"author":[{"embeddable":true,"href":"https:\/\/caritasrwanda.org\/fr\/wp-json\/wp\/v2\/users\/1"}],"replies":[{"embeddable":true,"href":"https:\/\/caritasrwanda.org\/fr\/wp-json\/wp\/v2\/comments?post=15289"}],"version-history":[{"count":1,"href":"https:\/\/caritasrwanda.org\/fr\/wp-json\/wp\/v2\/posts\/15289\/revisions"}],"predecessor-version":[{"id":15294,"href":"https:\/\/caritasrwanda.org\/fr\/wp-json\/wp\/v2\/posts\/15289\/revisions\/15294"}],"wp:featuredmedia":[{"embeddable":true,"href":"https:\/\/caritasrwanda.org\/fr\/wp-json\/wp\/v2\/media\/15293"}],"wp:attachment":[{"href":"https:\/\/caritasrwanda.org\/fr\/wp-json\/wp\/v2\/media?parent=15289"}],"wp:term":[{"taxonomy":"category","embeddable":true,"href":"https:\/\/caritasrwanda.org\/fr\/wp-json\/wp\/v2\/categories?post=15289"},{"taxonomy":"post_tag","embeddable":true,"href":"https:\/\/caritasrwanda.org\/fr\/wp-json\/wp\/v2\/tags?post=15289"}],"curies":[{"name":"wp","href":"https:\/\/api.w.org\/{rel}","templated":true}]}}