{"id":15282,"date":"2024-10-29T16:20:00","date_gmt":"2024-10-29T16:20:00","guid":{"rendered":"https:\/\/caritasrwanda.org\/fr\/?p=15282"},"modified":"2024-11-01T06:40:01","modified_gmt":"2024-11-01T06:40:01","slug":"nyamasheke-caritas-rwanda-et-ses-partenaires-ont-organise-une-campagne-de-sensibilisation-sur-la-prise-en-charge-de-la-sante-mentale","status":"publish","type":"post","link":"https:\/\/caritasrwanda.org\/fr\/nyamasheke-caritas-rwanda-et-ses-partenaires-ont-organise-une-campagne-de-sensibilisation-sur-la-prise-en-charge-de-la-sante-mentale\/","title":{"rendered":"Nyamasheke: Caritas Rwanda et ses partenaires ont organis\u00e9 une campagne de sensibilisation sur la prise en charge de la sant\u00e9 mentale"},"content":{"rendered":"<p>En collaboration avec Strive Foundation Rwanda et la Fondation des Activit\u00e9s pour la Sant\u00e9 de qualit\u00e9 dans la Communaut\u00e9 (FASACO), le 23 octobre 2024, Caritas Rwanda par le biais de son programme Igire-Gimbuka, a men\u00e9 une campagne de sensibilisation sur la prioritisation de la sant\u00e9 mentale dans des lieux de travail, \u00e0 l&#8217;h\u00f4pital de Bushenge et a rencontr\u00e9 les leaders locaux dans le district de Nyamasheke, les directeurs g\u00e9n\u00e9raux des h\u00f4pitaux, les chefs des centres de sant\u00e9, les repr\u00e9sentants du secteur priv\u00e9 et des organes de s\u00e9curit\u00e9.<\/p>\n<p>La Journ\u00e9e mondiale de la sant\u00e9 mentale est c\u00e9l\u00e9br\u00e9e le 10 octobre de chaque ann\u00e9e. Ce mois d&#8217;octobre 2024 a \u00e9t\u00e9 consacr\u00e9 \u00e0 la sant\u00e9 mentale avec le th\u00e8me suivant: \u201cIl est temps de donner la priorit\u00e9 \u00e0 la sant\u00e9 mentale dans des lieux de travail\u201d.<\/p>\n<p>Au cours de la campagne de sensibilisation \u00e0 l&#8217;h\u00f4pital de Bushenge, le personnel s&#8217;est int\u00e9ress\u00e9 aux pr\u00e9sentations et a pos\u00e9 de nombreuses questions portant sur la mani\u00e8re dont ils peuvent g\u00e9rer le stress dans leurs t\u00e2ches quotidiennes compte tenu du genre de travail.<\/p>\n<figure id=\"attachment_15284\" aria-describedby=\"caption-attachment-15284\" style=\"width: 570px\" class=\"wp-caption aligncenter\"><img loading=\"lazy\" decoding=\"async\" class=\"size-medium wp-image-15284\" src=\"https:\/\/caritasrwanda.org\/fr\/wp-content\/uploads\/2024\/10\/162A9034-570x430.jpg\" alt=\"\" width=\"570\" height=\"430\" \/><figcaption id=\"caption-attachment-15284\" class=\"wp-caption-text\">John Ndikumana Steven, l&#8217;employ\u00e9 de Caritas Rwanda sp\u00e9cialiste de la sant\u00e9 mentale et du soutien psychosocial, en train de r\u00e9pondre aux questions.<\/figcaption><\/figure>\n<p>L\u2019\u00e9quipe de la Fondation Strive Rwanda, de la FASACO et d\u2019Igire Gimbuka a \u00e9galement rencontr\u00e9 divers participants, notamment les dirigeants locaux de Nyamasheke, les directeurs g\u00e9n\u00e9raux des h\u00f4pitaux, les chefs des centres de sant\u00e9, les repr\u00e9sentants du secteur priv\u00e9 et des organes de s\u00e9curit\u00e9 au Centre Pastoral Saint Bernadette de Nyamasheke.<\/p>\n<p>L\u2019\u00e9quipe a sensibilis\u00e9 les participants \u00e0 prioritiser la sant\u00e9 mentale sur le lieu de travail \u00e0 travers des pr\u00e9sentations, des t\u00e9moignages, des s\u00e9ances de questions-r\u00e9ponses, entre autres. Les questions ont port\u00e9 sur les signes alarmants des maladies mentales, la pr\u00e9vention du stress sur les lieux de travail, comment aider son prochain \u00e0 traverser les situations difficiles, entre autres.<\/p>\n<figure id=\"attachment_15285\" aria-describedby=\"caption-attachment-15285\" style=\"width: 570px\" class=\"wp-caption aligncenter\"><img loading=\"lazy\" decoding=\"async\" class=\"size-medium wp-image-15285\" src=\"https:\/\/caritasrwanda.org\/fr\/wp-content\/uploads\/2024\/10\/162A9079-570x430.jpg\" alt=\"\" width=\"570\" height=\"430\" \/><figcaption id=\"caption-attachment-15285\" class=\"wp-caption-text\">Professionnels de la sant\u00e9 mentale en train de r\u00e9pondre aux questions.<\/figcaption><\/figure>\n<p>Dans son discours de cl\u00f4ture, Mukankusi Athanasie, la vice-maire du district de Nyamasheke en charge des affaires sociales, a encourag\u00e9 les participants \u00e0 \u00eatre optimistes dans ce qu\u2019ils font et \u00e0 s\u2019entourer de bons amis, afin qu\u2019ils puissent g\u00e9rer le stress et se d\u00e9tendre mentalement. Madame Mukankusi a \u00e9galement f\u00e9licit\u00e9 Caritas Rwanda pour avoir organis\u00e9 une telle r\u00e9union, qu\u2019elle consid\u00e8re comme une formation, et a encourag\u00e9 les participants \u00e0 partager les connaissances acquises lors de cette r\u00e9union lorsqu\u2019ils rencontrent d\u2019autres personnes, afin que ceux derniers jouent \u00e9galement un r\u00f4le dans la prise en charge de leur sant\u00e9 mentale et de celle des personnes qui les entourent.<\/p>\n<figure id=\"attachment_15287\" aria-describedby=\"caption-attachment-15287\" style=\"width: 570px\" class=\"wp-caption aligncenter\"><img loading=\"lazy\" decoding=\"async\" class=\"size-medium wp-image-15287\" src=\"https:\/\/caritasrwanda.org\/fr\/wp-content\/uploads\/2024\/11\/162A9114-A-570x430.jpg\" alt=\"\" width=\"570\" height=\"430\" \/><figcaption id=\"caption-attachment-15287\" class=\"wp-caption-text\">Madame la Vice-maire ASOC, Athanasie Mukankusi, a soulign\u00e9 l&#8217;importance de g\u00e9rer le stress et de trouver une relaxation mentale gr\u00e2ce \u00e0 un syst\u00e8me de soutien solide.<\/figcaption><\/figure>\n<p>\u201cDevons avoir l\u2019habituer de parler avec les gens que nous dirigeons, avant de les juger d\u2019une certaine mani\u00e8re, il faut d\u2019abord savoir pourquoi il y a quelque chose qu\u2019ils ne font pas bien. De cette fa\u00e7on, les employ\u00e9s viendront se confier \u00e0 vous quand il y a un d\u00e9fi ou un probl\u00e8me. Mais quand vous les intimidez, ils vous fuient et leur sant\u00e9 mentale peut se d\u00e9t\u00e9riorer progressivement\u201d, a d\u00e9clar\u00e9 Madame la vice-maire.<\/p>\n<p>Dans un t\u00e9moignage livr\u00e9 par une adolescente m\u00e8re qui a \u00e9t\u00e9 viol\u00e9e, elle a avou\u00e9 qu\u2019elle \u00e9tait d\u00e9pressive pendant sa grossesse, mais Igire-Gimbuka lui a fourni un soutien en sant\u00e9 mentale, ce qui lui a permi de reprendre confiance en elle. De plus, le programme l\u2019a aid\u00e9e \u00e0 acc\u00e9der au traitement m\u00e9dical lorsqu\u2019elle a eu un accident, l\u2019a soutenue pour suivre une formation professionnelle en couture et lui a fourni une machine \u00e0 coudre. <em>\u201cJ&#8217;ai decid\u00e9 qu&#8217;aucun homme ne me tentera en utilisant de l&#8217;argent parce que aujourdh&#8217;ui je travaille d\u00fbr pour en gagner\u201d<\/em>, a-t-elle ajout\u00e9.<\/p>\n<p>Cette campagne de sensibilisation sur la prioritisation de la sant\u00e9 mentale au travail a touch\u00e9 pr\u00e8s de 180 personnes dans le district de Nyamasheke.<\/p>\n<p>&nbsp;<\/p>\n","protected":false},"excerpt":{"rendered":"<p>On the 3rd of June, the steering committee meeting of the Slovenia Government and Karitas Slovenija-funded Tube Aheza, Amazi Hafi Project was held at Home Saint-Jean. The meeting was graced by the Karongi district Vice Mayor in charge of Finance and Economic Development Mr NIRAGIRE Th\u00e9ophile, Mr NIYONSABA Cyriack, the Executive Secretary of the Rugabano sector and priests from the Gisovu, Nyange and Mukungu parishes located in the sectors<\/p>\n","protected":false},"author":1,"featured_media":15283,"comment_status":"open","ping_status":"open","sticky":false,"template":"","format":"standard","meta":{"footnotes":""},"categories":[30],"tags":[7,10],"class_list":["post-15282","post","type-post","status-publish","format-standard","has-post-thumbnail","hentry","category-news","tag-business","tag-travel"],"_links":{"self":[{"href":"https:\/\/caritasrwanda.org\/fr\/wp-json\/wp\/v2\/posts\/15282","targetHints":{"allow":["GET"]}}],"collection":[{"href":"https:\/\/caritasrwanda.org\/fr\/wp-json\/wp\/v2\/posts"}],"about":[{"href":"https:\/\/caritasrwanda.org\/fr\/wp-json\/wp\/v2\/types\/post"}],"author":[{"embeddable":true,"href":"https:\/\/caritasrwanda.org\/fr\/wp-json\/wp\/v2\/users\/1"}],"replies":[{"embeddable":true,"href":"https:\/\/caritasrwanda.org\/fr\/wp-json\/wp\/v2\/comments?post=15282"}],"version-history":[{"count":2,"href":"https:\/\/caritasrwanda.org\/fr\/wp-json\/wp\/v2\/posts\/15282\/revisions"}],"predecessor-version":[{"id":15288,"href":"https:\/\/caritasrwanda.org\/fr\/wp-json\/wp\/v2\/posts\/15282\/revisions\/15288"}],"wp:featuredmedia":[{"embeddable":true,"href":"https:\/\/caritasrwanda.org\/fr\/wp-json\/wp\/v2\/media\/15283"}],"wp:attachment":[{"href":"https:\/\/caritasrwanda.org\/fr\/wp-json\/wp\/v2\/media?parent=15282"}],"wp:term":[{"taxonomy":"category","embeddable":true,"href":"https:\/\/caritasrwanda.org\/fr\/wp-json\/wp\/v2\/categories?post=15282"},{"taxonomy":"post_tag","embeddable":true,"href":"https:\/\/caritasrwanda.org\/fr\/wp-json\/wp\/v2\/tags?post=15282"}],"curies":[{"name":"wp","href":"https:\/\/api.w.org\/{rel}","templated":true}]}}