{"id":15276,"date":"2024-10-04T15:03:35","date_gmt":"2024-10-04T15:03:35","guid":{"rendered":"https:\/\/caritasrwanda.org\/fr\/?p=15276"},"modified":"2024-10-28T13:41:39","modified_gmt":"2024-10-28T13:41:39","slug":"le-personnel-de-caritas-rwanda-dans-le-programme-igire-gimbuka-a-tenu-une-reunion-dauto-evaluation-pour-damerioler-leur-travail","status":"publish","type":"post","link":"https:\/\/caritasrwanda.org\/fr\/le-personnel-de-caritas-rwanda-dans-le-programme-igire-gimbuka-a-tenu-une-reunion-dauto-evaluation-pour-damerioler-leur-travail\/","title":{"rendered":"Le personnel de Caritas Rwanda dans le Programme Igire-Gimbuka a tenu une r\u00e9union d&#8217;auto-\u00e9valuation pour d&#8217;am\u00e9rioler leur travail"},"content":{"rendered":"<p>En dates du 08 au 10 octobre 2024, l&#8217;\u00e9quipe d&#8217;Igire Gimbuka a organis\u00e9 une r\u00e9union trimestrielle \u00e0 l&#8217;H\u00f4tel Cenetra \u00e0 Kabuga, pour r\u00e9fl\u00e9chir aux moyens d&#8217;am\u00e9liorer son travail. Dans son discours d&#8217;ouverture, Monsieur l\u2019Abb\u00e9 Oscar Kagimbura, Secr\u00e9taire G\u00e9n\u00e9ral de Caritas Rwanda, les a exhort\u00e9s \u00e0 servir les participants du programme en gardant \u00e0 l&#8217;esprit la vision de Caritas Rwanda de promouvoir la dignit\u00e9 humaine pour tous.<\/p>\n<p>Lors de l&#8217;ouverture officielle de cette r\u00e9union, le Secr\u00e9taire g\u00e9n\u00e9ral de Caritas Rwanda, Monsieur l&#8217;Abb\u00e9 Oscar Kagimbura, a demand\u00e9 au personnel de bien accomplir leur travail tout en gardant \u00e0 l&#8217;esprit la mission de Caritas Rwanda de promouvoir la dignit\u00e9 de la humaine, ce qui lui est parfois retir\u00e9 par les probl\u00e8mes auxquels elle est confront\u00e9 dans le monde.<\/p>\n<p>Durant la r\u00e9union, les participants ont eu l&#8217;occasion d&#8217;auto-\u00e9valuer leur travail en groupe, en examinant leurs forces, leurs faiblesses, leurs opportunit\u00e9s et leurs d\u00e9fis dans leur activit\u00e9s quotidiennes. Ils ont eu \u00e9galement l&#8217;occasion d&#8217;\u00e9laborer un plan de mise en \u0153uvre des activit\u00e9s pr\u00e9vues au premier trimestre de la 3<sup>\u00e8me<\/sup> ann\u00e9e de mise en oeuvre d&#8217;Igire-Gimbuka (octobre &#8211; d\u00e9cembre 2024).<\/p>\n<figure id=\"attachment_15277\" aria-describedby=\"caption-attachment-15277\" style=\"width: 570px\" class=\"wp-caption aligncenter\"><img loading=\"lazy\" decoding=\"async\" class=\"size-medium wp-image-15277\" src=\"https:\/\/caritasrwanda.org\/fr\/wp-content\/uploads\/2024\/10\/162A8337-570x430.jpg\" alt=\"\" width=\"570\" height=\"430\" \/><figcaption id=\"caption-attachment-15277\" class=\"wp-caption-text\">L&#8217;\u00e9quipe d&#8217;Igire-Gimbuka lors d&#8217;un exercice d&#8217;auto-\u00e9valuation.<\/figcaption><\/figure>\n<p>Parmi les diff\u00e9rentes recommandations formul\u00e9es apr\u00e8s l&#8217;auto-\u00e9valuation en groupes, on peut citer l&#8217;am\u00e9lioration de la communication, l&#8217;\u00e9volution continue des capacit\u00e9s du personnel, le renforcement de l&#8217;engagement des pr\u00eatres dans les activit\u00e9s du programme et l&#8217;am\u00e9lioration de la strat\u00e9gie de collaboration avec les infirmi\u00e8res ARV afin d&#8217;atteindre les objectifs du programme.<\/p>\n<figure id=\"attachment_15278\" aria-describedby=\"caption-attachment-15278\" style=\"width: 570px\" class=\"wp-caption aligncenter\"><img loading=\"lazy\" decoding=\"async\" class=\"size-medium wp-image-15278\" src=\"https:\/\/caritasrwanda.org\/fr\/wp-content\/uploads\/2024\/10\/162A8513-570x430.jpg\" alt=\"\" width=\"570\" height=\"430\" \/><figcaption id=\"caption-attachment-15278\" class=\"wp-caption-text\">Abb\u00e9 Oscar Kagimbura, le Secr\u00e9taire G\u00e9n\u00e9ral de Caritas Rwanda, a encourag\u00e9 l&#8217;\u00e9quipe Igire-Gimbuka \u00e0 assumer la responsabilit\u00e9 de son travail, \u00e0 communiquer efficacement et \u00e0 assurer une bonne collaboration.<\/figcaption><\/figure>\n<p>Dans son discours de cl\u00f4ture, Abb\u00e9 Oscar Kagimbura a demand\u00e9 au personnel du programme Igire-Gimbuka de s&#8217;approprier leur travail, avoir une bonne communication et assurer une bonne collaboration. <em>&#8220;Si nous prenons tout ceci en compte, nous atteindrons nos objectifs sans peine&#8221;<\/em>, a-t-il d\u00e9clar\u00e9.<\/p>\n<p>Igire-Gimbuka est un programme de 5 ans, financ\u00e9 par le Programme pr\u00e9sidentiel d&#8217;aide d&#8217;urgence \u00e0 la lutte contre le sida \u00ab PEPFAR \u00bb, \u00e0 travers l&#8217;Agence am\u00e9ricaine de d\u00e9veloppement internationale USAID. Cette r\u00e9union \u00e9tait la premi\u00e8re de la 3\u00e8me ann\u00e9e de la mise en oeuvre d&#8217;Igire-Gimbuka,\u00a0 d\u00e9but\u00e9 en octobre 2024.<\/p>\n<p>En 5 ans, Igire-Gimbuka vise d\u2019atteindre 80 000 OEV (orphelins et enfants vuln\u00e9rables) des districts de Karongi, Nyamasheke, Rubavu et Rutsiro, en maintenant les OEV et les m\u00e9nages vuln\u00e9rables en bonne sant\u00e9, en s\u00e9curit\u00e9, en Assurant leur stabilit\u00e9 et en les soutenant dans leur \u00e9ducation. Dans ce contexte, Igire-Gimbuka a d\u00e9j\u00e0 atteint 51.427 participants du programme (plus de 60 %) en deux ans.<\/p>\n","protected":false},"excerpt":{"rendered":"<p>On the 3rd of June, the steering committee meeting of the Slovenia Government and Karitas Slovenija-funded Tube Aheza, Amazi Hafi Project was held at Home Saint-Jean. The meeting was graced by the Karongi district Vice Mayor in charge of Finance and Economic Development Mr NIRAGIRE Th\u00e9ophile, Mr NIYONSABA Cyriack, the Executive Secretary of the Rugabano sector and priests from the Gisovu, Nyange and Mukungu parishes located in the sectors<\/p>\n","protected":false},"author":1,"featured_media":15281,"comment_status":"open","ping_status":"open","sticky":false,"template":"","format":"standard","meta":{"footnotes":""},"categories":[30],"tags":[7,10],"class_list":["post-15276","post","type-post","status-publish","format-standard","has-post-thumbnail","hentry","category-news","tag-business","tag-travel"],"_links":{"self":[{"href":"https:\/\/caritasrwanda.org\/fr\/wp-json\/wp\/v2\/posts\/15276","targetHints":{"allow":["GET"]}}],"collection":[{"href":"https:\/\/caritasrwanda.org\/fr\/wp-json\/wp\/v2\/posts"}],"about":[{"href":"https:\/\/caritasrwanda.org\/fr\/wp-json\/wp\/v2\/types\/post"}],"author":[{"embeddable":true,"href":"https:\/\/caritasrwanda.org\/fr\/wp-json\/wp\/v2\/users\/1"}],"replies":[{"embeddable":true,"href":"https:\/\/caritasrwanda.org\/fr\/wp-json\/wp\/v2\/comments?post=15276"}],"version-history":[{"count":1,"href":"https:\/\/caritasrwanda.org\/fr\/wp-json\/wp\/v2\/posts\/15276\/revisions"}],"predecessor-version":[{"id":15279,"href":"https:\/\/caritasrwanda.org\/fr\/wp-json\/wp\/v2\/posts\/15276\/revisions\/15279"}],"wp:featuredmedia":[{"embeddable":true,"href":"https:\/\/caritasrwanda.org\/fr\/wp-json\/wp\/v2\/media\/15281"}],"wp:attachment":[{"href":"https:\/\/caritasrwanda.org\/fr\/wp-json\/wp\/v2\/media?parent=15276"}],"wp:term":[{"taxonomy":"category","embeddable":true,"href":"https:\/\/caritasrwanda.org\/fr\/wp-json\/wp\/v2\/categories?post=15276"},{"taxonomy":"post_tag","embeddable":true,"href":"https:\/\/caritasrwanda.org\/fr\/wp-json\/wp\/v2\/tags?post=15276"}],"curies":[{"name":"wp","href":"https:\/\/api.w.org\/{rel}","templated":true}]}}