{"id":15268,"date":"2024-10-04T14:55:17","date_gmt":"2024-10-04T14:55:17","guid":{"rendered":"https:\/\/caritasrwanda.org\/fr\/?p=15268"},"modified":"2024-10-04T14:55:17","modified_gmt":"2024-10-04T14:55:17","slug":"reunion-de-collaboration-entre-la-caritas-kibungo-et-la-caritas-rwanda","status":"publish","type":"post","link":"https:\/\/caritasrwanda.org\/fr\/reunion-de-collaboration-entre-la-caritas-kibungo-et-la-caritas-rwanda\/","title":{"rendered":"R\u00e9union de collaboration entre la Caritas Kibungo et la Caritas Rwanda"},"content":{"rendered":"<p>Afin d\u2019\u00e9valuer la mise en \u0153uvre des recommandations de l\u2019Assembl\u00e9e G\u00e9n\u00e9rale 2023 (pour le d\u00e9partement des \u0152uvres Socio-Caritatives) et \u00e9changer des id\u00e9es, en date du 24\/09\/2024, une \u00e9quipe de Caritas Rwanda et la Caritas Kibungo s\u2019est r\u00e9uni dans le District de Ngoma au si\u00e8ge de la Caritas Kibungo. L\u2019\u00e9quipe a \u00e9galement \u00e9chang\u00e9 des id\u00e9es sur les strat\u00e9gies de collecte de fonds pour le Mois de la Charit\u00e9 et de la Mis\u00e9ricorde, et a effectu\u00e9 une visite au Home of Joy (district de Ngoma) et le Centre Urugo rw\u2019Amahoro Kabarondo (district de Kayonza).<\/p>\n<p>Les discussions de l\u2019\u00e9quipe ont port\u00e9 sur la promotion de la visibilit\u00e9 de la Caritas \u00e0 travers les m\u00e9dias de l\u2019Eglise et les m\u00e9dias sociaux. Ils ont \u00e9galement b\u00e9n\u00e9fici\u00e9 d\u2019une courte formation sur le d\u00e9veloppement d\u2019un article, ce qui permettra la r\u00e9daction des articles en provenance des tous les d\u00e9partments, qui seront publi\u00e9s dans Kinyamateka et le magazine annuel Caritas Contact.<\/p>\n<p>Cette r\u00e9union a \u00e9galement \u00e9t\u00e9 une occasion pour rappeler les activit\u00e9s faites pour c\u00e9l\u00e9brer la Journ\u00e9e Mondiale des Pauvres dont la c\u00e9l\u00e9bration de la Messe, le partage de repas avec les pauvres et leurs donner des cadeaux ou des dons de vivres. Lors de la c\u00e9l\u00e9bration de la Journ\u00e9e Caritas, on parle de la Caritas, de ses valeurs, ceux qui ont \u00e9t\u00e9 soutenus par la Caritas pour faire des \u00e9tudes sont mobilis\u00e9s pour contribuer \u00e0 aider les pauvres.<\/p>\n<p>Sur ce, le personnel de la Caritas Kibungo a dit que la Journ\u00e9e Mondiale des Pauvres et la Journ\u00e9e Caritas sont c\u00e9l\u00e9br\u00e9es commun\u00e9ment dans tous les paroisses, except\u00e9\u00e9 la Paroisse de Rukoma qui les c\u00e9l\u00e8brent au niveau central. Lors de la c\u00e9l\u00e9bration de la Journ\u00e9e Mondiale des Pauvres, les gens de plusieurs d\u00e9nominations religieuses donnent des contributions parce que Caritas aussi soutient les personnes vuln\u00e9rables sans discrimination. La r\u00e9union a rappel\u00e9 que les pauvres ont d\u2019abord besoin d\u2019amour, plus qu\u2019ils n\u2019ont besoin de ce qui est mat\u00e9riel. Il est tr\u00e8s important de leur t\u00e9moigner de l&#8217;amour.<\/p>\n<p><strong>Sensibilisation au Mois de la Charit\u00e9 et de la Mis\u00e9ricorde<\/strong><\/p>\n<p>Dans le but d\u2019augmenter la contribution au Mois de la Charit\u00e9 et de la Mis\u00e9ricorde, en mai et juin 2024, les b\u00e9n\u00e9voles de la Caritas ont fait l\u2019animation dans toutes les paroisses. En plus, la Caritas Kibungo pr\u00e9voit prochainement de faire la sensibilisation au Mois de la Charit\u00e9 et de la Mis\u00e9ricorde dans les \u00e9coles.<\/p>\n<p>Une autre strat\u00e9gie concerne la cr\u00e9ation d&#8217;un group des personnes qui ont \u00e9t\u00e9 soutenues par la Caritas pour faire des \u00e9tudes, afin qu\u2019ils contribuent eux aussi \u00e0 soutenir les autres dans le besoin. M\u00eame si c\u2019est un peu tard pour contribuer au mois de la Charit\u00e9 et de la Mis\u00e9ricorde de cette ann\u00e9e, ils pourront y contribuer pour les ann\u00e9es \u00e0 venir.<\/p>\n<p>Comme l\u2019\u00e9quipe de Caritas Kibungo l\u2019a dit, les paroisses commencent la collecte de fonds pour le mois de la Charit\u00e9 et de la Mis\u00e9ricorde en mai et juin. Les denr\u00e9es p\u00e9rissables sont imm\u00e9diatement distribu\u00e9es tandis que celles qui peuvent \u00eatre conserv\u00e9es sont distribu\u00e9es lors de la c\u00e9l\u00e9bration de la Journ\u00e9e Mondiale des Pauvres en Novembre.<\/p>\n<p>Les participants ont aussi \u00e9chang\u00e9 des id\u00e9es sur d\u2019autres strat\u00e9gies de collecte de fonds pour le Mois de la Charit\u00e9 et de la Mis\u00e9ricorde dont la sensibilisation dans les milieux o\u00f9 il y a beaucoup de gens comme au march\u00e9 et \u00e0 la gare routi\u00e8re, en utilisant les hauts parleurs pour diffuser des messages. Il y a aussi moyen de faire la sensibilisation dans les groupes d&#8217;\u00e9pargne et de cr\u00e9dit interne soutenus par les projets de la Caritas Kibungo, pour que les membres donnent une petite contribution. Pour faciliter cette contribution, le personnel de la Caritas Kibungo dans les projets vont collaborer avec ceux du D\u00e9partement OSC afin de faire des descentes dans ces groupes d&#8217;\u00e9pargne.<\/p>\n<p>En ce qui concerne (i) l\u2019harmonisation, la coordination et le renforcement du syst\u00e8me de b\u00e9n\u00e9volat au sein du r\u00e9seau Caritas\u00a0en mettant l\u2019accent sur la mobilisation de la jeunesse; ainsi que (ii) renforcer l\u2019animation au d\u00e9veloppement int\u00e9gral humain en mettant l\u2019accent sur les jeunes, l&#8217;\u00e9quipe de Caritas Kibungo a dit que l&#8217;animation se fait dans le but de faire conna\u00eetre la Caritas au sein de la jeunesse, faire conna\u00eetre les valeurs de la Caritas, et appeler les jeunes \u00e0 faire du b\u00e9n\u00e9volat. Cette animation est faite dans les \u00e9coles, les universit\u00e9s et les S\u00e9minaires, afin que les enfants et la jeunesse grandissent avec un c\u0153ur rempli d&#8217;amour et qu&#8217;ils aident les personnes vuln\u00e9rables.<\/p>\n<p>A la fin de la r\u00e9union, l&#8217;\u00e9quipe de Caritas Kibungo a remerci\u00e9 la Caritas Rwanda pour organiser une telle r\u00e9union de collaboration, et a promis qu&#8217;elle va mettre en \u0153uvre les r\u00e9sultats d&#8217;\u00e9changes y d\u00e9coulant afin d&#8217;affiner ce qu&#8217;elle fait.<\/p>\n<p>Apr\u00e8s la r\u00e9union, l&#8217;\u00e9quipe conjointe a effectu\u00e9 des visites au Home of Joy g\u00e9r\u00e9e par les S\u0153urs Missionnaires de la Charit\u00e9, (dans le district de Ngoma) et le Centre Urugo rw\u2019Amahoro Kabarondo g\u00e9r\u00e9 par les volontaires (dans le district de Kayonza). Ces deux centres s&#8217;occupent des personnes vuln\u00e9rables.<\/p>\n<figure id=\"attachment_15270\" aria-describedby=\"caption-attachment-15270\" style=\"width: 570px\" class=\"wp-caption aligncenter\"><img loading=\"lazy\" decoding=\"async\" class=\"size-medium wp-image-15270\" src=\"https:\/\/caritasrwanda.org\/fr\/wp-content\/uploads\/2024\/10\/162A7839-570x430.jpg\" alt=\"\" width=\"570\" height=\"430\" \/><figcaption id=\"caption-attachment-15270\" class=\"wp-caption-text\">Photo de groupe avec les personnes soign\u00e9es dans la Maison de la Joie g\u00e9r\u00e9e par les S\u0153urs Missionnaires de la Charit\u00e9 \u00e0 Ngoma.<\/figcaption><\/figure>\n<figure id=\"attachment_15271\" aria-describedby=\"caption-attachment-15271\" style=\"width: 570px\" class=\"wp-caption aligncenter\"><img loading=\"lazy\" decoding=\"async\" class=\"size-medium wp-image-15271\" src=\"https:\/\/caritasrwanda.org\/fr\/wp-content\/uploads\/2024\/10\/162A7869-570x430.jpg\" alt=\"\" width=\"570\" height=\"430\" \/><figcaption id=\"caption-attachment-15271\" class=\"wp-caption-text\">Photo de groupe avec des personnes soign\u00e9es au Centre Urugo rw\u2019Amahoro Kabarondo g\u00e9r\u00e9 par les b\u00e9n\u00e9voles (dans le District de Kayonza).<\/figcaption><\/figure>\n","protected":false},"excerpt":{"rendered":"<p>On the 3rd of June, the steering committee meeting of the Slovenia Government and Karitas Slovenija-funded Tube Aheza, Amazi Hafi Project was held at Home Saint-Jean. The meeting was graced by the Karongi district Vice Mayor in charge of Finance and Economic Development Mr NIRAGIRE Th\u00e9ophile, Mr NIYONSABA Cyriack, the Executive Secretary of the Rugabano sector and priests from the Gisovu, Nyange and Mukungu parishes located in the sectors<\/p>\n","protected":false},"author":1,"featured_media":15269,"comment_status":"open","ping_status":"open","sticky":false,"template":"","format":"standard","meta":{"footnotes":""},"categories":[30],"tags":[7,10],"class_list":["post-15268","post","type-post","status-publish","format-standard","has-post-thumbnail","hentry","category-news","tag-business","tag-travel"],"_links":{"self":[{"href":"https:\/\/caritasrwanda.org\/fr\/wp-json\/wp\/v2\/posts\/15268","targetHints":{"allow":["GET"]}}],"collection":[{"href":"https:\/\/caritasrwanda.org\/fr\/wp-json\/wp\/v2\/posts"}],"about":[{"href":"https:\/\/caritasrwanda.org\/fr\/wp-json\/wp\/v2\/types\/post"}],"author":[{"embeddable":true,"href":"https:\/\/caritasrwanda.org\/fr\/wp-json\/wp\/v2\/users\/1"}],"replies":[{"embeddable":true,"href":"https:\/\/caritasrwanda.org\/fr\/wp-json\/wp\/v2\/comments?post=15268"}],"version-history":[{"count":2,"href":"https:\/\/caritasrwanda.org\/fr\/wp-json\/wp\/v2\/posts\/15268\/revisions"}],"predecessor-version":[{"id":15273,"href":"https:\/\/caritasrwanda.org\/fr\/wp-json\/wp\/v2\/posts\/15268\/revisions\/15273"}],"wp:featuredmedia":[{"embeddable":true,"href":"https:\/\/caritasrwanda.org\/fr\/wp-json\/wp\/v2\/media\/15269"}],"wp:attachment":[{"href":"https:\/\/caritasrwanda.org\/fr\/wp-json\/wp\/v2\/media?parent=15268"}],"wp:term":[{"taxonomy":"category","embeddable":true,"href":"https:\/\/caritasrwanda.org\/fr\/wp-json\/wp\/v2\/categories?post=15268"},{"taxonomy":"post_tag","embeddable":true,"href":"https:\/\/caritasrwanda.org\/fr\/wp-json\/wp\/v2\/tags?post=15268"}],"curies":[{"name":"wp","href":"https:\/\/api.w.org\/{rel}","templated":true}]}}