{"id":15257,"date":"2024-09-12T18:43:37","date_gmt":"2024-09-12T18:43:37","guid":{"rendered":"https:\/\/caritasrwanda.org\/fr\/?p=15257"},"modified":"2024-09-16T07:45:41","modified_gmt":"2024-09-16T07:45:41","slug":"mahama-lancement-dun-projet-dassistance-aux-refugies-soudanais-et-autres-minorites","status":"publish","type":"post","link":"https:\/\/caritasrwanda.org\/fr\/mahama-lancement-dun-projet-dassistance-aux-refugies-soudanais-et-autres-minorites\/","title":{"rendered":"Mahama: Lancement d\u2019un projet d\u2019assistance aux r\u00e9fugi\u00e9s soudanais et autres minorit\u00e9s"},"content":{"rendered":"<p>Dans le but de promouvoir l&#8217;autonomie et les moyens de subsistance de 50 m\u00e9nages de r\u00e9fugi\u00e9s\/demandeurs d&#8217;asile soudanais et d&#8217;autres minorit\u00e9s dans le camp de r\u00e9fugi\u00e9s de Mahama, un projet de quatre mois a \u00e9t\u00e9 lanc\u00e9 et sera mis en \u0153uvre pa la Caritas Rwanda \u00e0 partir de septembre 2024, sous le financement de la Fondation MasterCard par l&#8217;interm\u00e9diaire du HCR Rwanda.<\/p>\n<p>Le projet soutiendra 46 m\u00e9nages soudanais, un en provenance d&#8217;\u00c9thiopie, un d&#8217;Afghanistan, un du Pakistan et un autre du Tchad. Les activit\u00e9s seront men\u00e9es selon les 4 piliers de l&#8217;approche de graduation, \u00e0 savoir l&#8217;autonomisation sociale, la protection sociale, l&#8217;inclusion financi\u00e8re et les moyens de subsistance.<\/p>\n<p>Le 9 septembre 2024, dans le District de Kirehe, 8 membres du personnel de Caritas Rwanda qui travailleront sur ce projet ont particip\u00e9 \u00e0 la r\u00e9union d&#8217;orientation pour leur fournir toutes les informations n\u00e9cessaires \u00e0 la mise en \u0153uvre du projet. Au 10 septembre 2024, Caritas Rwanda a organis\u00e9 une r\u00e9union avec les principales parties prenantes, notamment les repr\u00e9sentants des participants, les partenaires travaillant dans le camp et l&#8217;\u00e9quipe de gestion du camp.<\/p>\n<figure id=\"attachment_15260\" aria-describedby=\"caption-attachment-15260\" style=\"width: 570px\" class=\"wp-caption aligncenter\"><img loading=\"lazy\" decoding=\"async\" class=\"size-medium wp-image-15260\" src=\"https:\/\/caritasrwanda.org\/fr\/wp-content\/uploads\/2024\/09\/162A7424-570x430.jpg\" alt=\"\" width=\"570\" height=\"430\" \/><figcaption id=\"caption-attachment-15260\" class=\"wp-caption-text\">R\u00e9union d&#8217;orientation du projet pour le personnel de Caritas Rwanda qui travaillera sur ce projet, afin de leur fournir les informations n\u00e9cessaires pour la mise en \u0153uvre.<\/figcaption><\/figure>\n<p>Au cours de cette r\u00e9union, les discussions ont port\u00e9 sur la pr\u00e9sentation des activit\u00e9s du projet et les crit\u00e8res d&#8217;identification. Tous les repr\u00e9sentants des partenaires et des participants ont assur\u00e9 leur collaboration pour la mise en \u0153uvre et le succ\u00e8s du projet. Les repr\u00e9sentants des autres nationalit\u00e9s minoritaires ont plaid\u00e9 pour une augmentation du nombre de participants. Le personnel de Caritas Rwanda a r\u00e9pondu que le projet \u00e9tait destin\u00e9 \u00e0 soutenir les r\u00e9fugi\u00e9s soudanais car ils sont nombreux, mais qu&#8217;ils avaient l&#8217;id\u00e9e d&#8217;inclure d&#8217;autres minorit\u00e9s et c&#8217;est le projet pilote.<\/p>\n<figure id=\"attachment_15259\" aria-describedby=\"caption-attachment-15259\" style=\"width: 570px\" class=\"wp-caption aligncenter\"><img loading=\"lazy\" decoding=\"async\" class=\"size-medium wp-image-15259\" src=\"https:\/\/caritasrwanda.org\/fr\/wp-content\/uploads\/2024\/09\/162A7451-570x430.jpg\" alt=\"\" width=\"570\" height=\"430\" \/><figcaption id=\"caption-attachment-15259\" class=\"wp-caption-text\">R\u00e9union de Caritas Rwanda avec les principales parties prenantes, notamment les repr\u00e9sentants des participants, les partenaires travaillant dans le camp Mahama et l&#8217;\u00e9quipe de gestion du camp.<\/figcaption><\/figure>\n<p>Du 11 au 12 septembre 2024, l&#8217;\u00e9quipe de Caritas Rwanda, en collaboration avec les repr\u00e9sentant des r\u00e9fugi\u00e9s\/demandeurs d&#8217;asile soudanais et d&#8217;autres nationalit\u00e9s minoritaires, a proc\u00e9d\u00e9 \u00e0 la s\u00e9l\u00e9ction des participants en suivant les crit\u00e8res d&#8217;identification.<\/p>\n<p>Apr\u00e8s la s\u00e9lection, les participants b\u00e9n\u00e9ficieront de diverses formations, notamment sur la m\u00e9thodologie de l&#8217;\u00e9pargne et de pr\u00eat interne communautaire (SILC), litt\u00e9ratie financi\u00e8re, l\u2019entreprenariat des activit\u00e9s g\u00e9n\u00e9ratrices de revenus (AGR) et le d\u00e9v\u00e9loppement duplan<span style=\"text-decoration: line-through;\">s<\/span> d&#8217;affaires.<\/p>\n","protected":false},"excerpt":{"rendered":"<p>On the 3rd of June, the steering committee meeting of the Slovenia Government and Karitas Slovenija-funded Tube Aheza, Amazi Hafi Project was held at Home Saint-Jean. The meeting was graced by the Karongi district Vice Mayor in charge of Finance and Economic Development Mr NIRAGIRE Th\u00e9ophile, Mr NIYONSABA Cyriack, the Executive Secretary of the Rugabano sector and priests from the Gisovu, Nyange and Mukungu parishes located in the sectors<\/p>\n","protected":false},"author":1,"featured_media":15258,"comment_status":"open","ping_status":"open","sticky":false,"template":"","format":"standard","meta":{"footnotes":""},"categories":[30],"tags":[7,10],"class_list":["post-15257","post","type-post","status-publish","format-standard","has-post-thumbnail","hentry","category-news","tag-business","tag-travel"],"_links":{"self":[{"href":"https:\/\/caritasrwanda.org\/fr\/wp-json\/wp\/v2\/posts\/15257","targetHints":{"allow":["GET"]}}],"collection":[{"href":"https:\/\/caritasrwanda.org\/fr\/wp-json\/wp\/v2\/posts"}],"about":[{"href":"https:\/\/caritasrwanda.org\/fr\/wp-json\/wp\/v2\/types\/post"}],"author":[{"embeddable":true,"href":"https:\/\/caritasrwanda.org\/fr\/wp-json\/wp\/v2\/users\/1"}],"replies":[{"embeddable":true,"href":"https:\/\/caritasrwanda.org\/fr\/wp-json\/wp\/v2\/comments?post=15257"}],"version-history":[{"count":5,"href":"https:\/\/caritasrwanda.org\/fr\/wp-json\/wp\/v2\/posts\/15257\/revisions"}],"predecessor-version":[{"id":15266,"href":"https:\/\/caritasrwanda.org\/fr\/wp-json\/wp\/v2\/posts\/15257\/revisions\/15266"}],"wp:featuredmedia":[{"embeddable":true,"href":"https:\/\/caritasrwanda.org\/fr\/wp-json\/wp\/v2\/media\/15258"}],"wp:attachment":[{"href":"https:\/\/caritasrwanda.org\/fr\/wp-json\/wp\/v2\/media?parent=15257"}],"wp:term":[{"taxonomy":"category","embeddable":true,"href":"https:\/\/caritasrwanda.org\/fr\/wp-json\/wp\/v2\/categories?post=15257"},{"taxonomy":"post_tag","embeddable":true,"href":"https:\/\/caritasrwanda.org\/fr\/wp-json\/wp\/v2\/tags?post=15257"}],"curies":[{"name":"wp","href":"https:\/\/api.w.org\/{rel}","templated":true}]}}