{"id":15251,"date":"2024-09-10T19:34:19","date_gmt":"2024-09-10T19:34:19","guid":{"rendered":"https:\/\/caritasrwanda.org\/fr\/?p=15251"},"modified":"2024-09-10T19:34:19","modified_gmt":"2024-09-10T19:34:19","slug":"lequipe-de-caritas-gikongoro-et-caritas-rwanda-se-rencontre-pour-echanger-des-idees","status":"publish","type":"post","link":"https:\/\/caritasrwanda.org\/fr\/lequipe-de-caritas-gikongoro-et-caritas-rwanda-se-rencontre-pour-echanger-des-idees\/","title":{"rendered":"L&#8217;\u00e9quipe de Caritas Gikongoro et Caritas Rwanda se rencontre pour \u00e9changer des id\u00e9es"},"content":{"rendered":"<p>Dans le cadre des r\u00e9unions de collaboration que Caritas Rwanda organise dans les Caritas dioc\u00e9saines afin d\u2019\u00e9valuer la mise en \u0153uvre des recommandations de l&#8217;Assembl\u00e9e G\u00e9n\u00e9rale de la Caritas Rwanda 2023, le 06 septembre 2024, l\u2019\u00e9quipe de Caritas Rwanda et les responsibles des d\u00e9partements de la Caritas Gikongoro s\u2019est r\u00e9unit et a \u00e9chang\u00e9 des id\u00e9es sur les diff\u00e9rentes activit\u00e9s conduite par la Caritas Gikongoro.<\/p>\n<p>Au d\u00e9but de la r\u00e9union, les responsables des d\u00e9partements de la Caritas Gikongoro ont pr\u00e9sent\u00e9 ses diff\u00e9rentes activit\u00e9s. Dans le d\u00e9partement des Oeuvres Socio-Caritatives, il y a l\u2019animation \u00e0 la Caritas, l\u2019assistance pour les frais de scolarit\u00e9 aux enfants pauvres, assistance aux malades pauvres pour leur transport \u00e0 l\u2019hopital, assistance aux enfants handicap\u00e9s, les activit\u00e9s visant le d\u00e9veloppement \u00e9conomique des familles pauvres, assistance aux personnes \u00e2g\u00e9es vuln\u00e9rables par la provision des vivres, des v\u00eatements et leur payer la contribution de la mutuelle de la sant\u00e9.<\/p>\n<p>Dans la zone de la Caritas Gikongoro, un recensement des prisonniers \u00e0 travers les paroisses a \u00e9t\u00e9 lanc\u00e9 et des fonds sont collect\u00e9s pour leur rendre visite. La visite est conduite par deux personnes repr\u00e9sentant les autres. Monseigneur C\u00e9lestin Hakizimana, Ev\u00eaque du Dioc\u00e8se de Gikongoro, a demand\u00e9 que cette activit\u00e9 soit r\u00e9pandue dans tout le Dioc\u00e8se. Les d\u00e9tenus de la prison de Nyamagabe b\u00e9n\u00e9ficient \u00e9galement de la messe chaque semaine et re\u00e7oivent des dons de vivres \u00e0 No\u00ebl.<\/p>\n<p>Pour r\u00e9soudre le probl\u00e8me de moyens limit\u00e9s qui est un obstacle dans l\u2019assistance de plus de personnes vuln\u00e9rables, Caritas Gikongoro a lanc\u00e9 un programme appel\u00e9 &#8220;Menya Mugenzi Wawe&#8221; (Aide ton prochain), o\u00f9 les personnes autrefois assist\u00e9es par Caritas sont mobilis\u00e9es pour donner une petite contribution r\u00e9guli\u00e8re qui devra servir \u00e0 atteindre un nombre \u00e9largi de personnes vuln\u00e9rables.<\/p>\n<p>En mati\u00e8re de sant\u00e9, Caritas Gikongoro g\u00e8re 11 centres de sant\u00e9, o\u00f9 les personnes les plus pauvres sont assist\u00e9es pour le paiement des soins m\u00e9dicaux, tandis que pour les autres sont assist\u00e9s dans la contribution de la mutuelle de la sant\u00e9. Il y a aussi le soutien nutritionnel, la sensibilisation et la provision des services de planification familiale par les m\u00e9thodes naturelles (PFN).<\/p>\n<figure id=\"attachment_15252\" aria-describedby=\"caption-attachment-15252\" style=\"width: 570px\" class=\"wp-caption aligncenter\"><img loading=\"lazy\" decoding=\"async\" class=\"size-medium wp-image-15252\" src=\"https:\/\/caritasrwanda.org\/fr\/wp-content\/uploads\/2024\/09\/162A7331-570x430.jpg\" alt=\"\" width=\"570\" height=\"430\" \/><figcaption id=\"caption-attachment-15252\" class=\"wp-caption-text\">L&#8217;\u00e9quipe de Caritas Gikongoro na Caritas Rwanda en pleine r\u00e9union.<\/figcaption><\/figure>\n<p>Dans le d\u00e9partement de D\u00e9veloppement, il existe divers projets agricoles qui vise la promotion des petits agriculteurs. Il y a \u00e9galement le projet visant \u00e0 fournir des semences et des engrais, et \u00e0 cultiver des arbres locales qui vont ensembles avec les diff\u00e9rentes cultures sans les nuire.<\/p>\n<p>Dans ce d\u00e9partement, il existe \u00e9galement un projet qui distribue les animaux d\u2019\u00e9l\u00e8vage pour obtenir du fumier, et des cuisini\u00e8res \u00e9conomiques ainsi que cr\u00e9er des comit\u00e9s capables de les produire et les distribuer \u00e0 leur tour.<\/p>\n<p>Pour le D\u00e9partement d&#8217;Administration et Finance, Caritas Gikongoro envisage de cr\u00e9er ses propre activit\u00e9s g\u00e9n\u00e9ratrices de revenue pour son auto-financement.<\/p>\n<p>En ce qui concerne la visibilit\u00e9 de la Caritas, pendant la r\u00e9union, les responsables des d\u00e9partements de la Caritas Gikongoro ont re\u00e7u une courte formation sur la fa\u00e7on d&#8217;\u00e9crire un article, ce qui les aidera \u00e0 r\u00e9diger des articles qui seront publi\u00e9s dans la Caritas Contact et Kinyamateka.<\/p>\n<p>Sur le point relatif \u00e0 la c\u00e9l\u00e9bration de la Journ\u00e9e Caritas et de la Journ\u00e9e Mondiale des Pauvres, tous les 19 paroisses ne les c\u00e9l\u00e9braient pas dans les ann\u00e9es pass\u00e9es, mais pour cette ann\u00e9e ce sera different parce que l\u2019Assembl\u00e9e G\u00e9n\u00e9rale de la Caritas Gikongoro de cette ann\u00e9e l\u2019a recommand\u00e9.<\/p>\n<p style=\"text-align: center;\"><strong>Sensibilisation pour le Mois de la Charit\u00e9 et de la Mis\u00e9rcorde<\/strong><\/p>\n<p>Afin d&#8217;augmenter la productivit\u00e9 du mois de la Charit\u00e9 et de la Mis\u00e9rcorde destin\u00e9e \u00e0 s\u00e9courir les personnes vuln\u00e9rables, les membres du personnel de Caritas Gikongoro ont fait la campagne de sensibilisation dans les 19 paroisses. Les membres des comit\u00e9s Caritas font la sensibilisation (porte-\u00e0-porte) dans les communaut\u00e9s eccl\u00e9siales de base, appelant tout le monde \u00e0 contribuer pour mois de la Charit\u00e9 et de la Mis\u00e9rcorde. Le message sign\u00e9 par Bishop Anaclet, le president de la Caritas Rwanda relatif le mois de la Charit\u00e9 et de la Mis\u00e9rcorde est aussi lu dans chaque c\u00e9l\u00e9bration de la Messe, de m\u00eame que la campagne est men\u00e9e dans les \u00e9coles.<\/p>\n<p>A la fin de la r\u00e9union, le personnel de Caritas Gikongoro a exprim\u00e9 sa gratitude pour de telles r\u00e9unions que Caritas Rwanda organise dans les Caritas dioc\u00e9saines, car l\u2019\u00e9change d\u2019id\u00e9es leur permettra d\u2019am\u00e9liorer ce qu\u2019ils font.<\/p>\n<figure id=\"attachment_15254\" aria-describedby=\"caption-attachment-15254\" style=\"width: 570px\" class=\"wp-caption aligncenter\"><img loading=\"lazy\" decoding=\"async\" class=\"size-medium wp-image-15254\" src=\"https:\/\/caritasrwanda.org\/fr\/wp-content\/uploads\/2024\/09\/162A7350-570x430.jpg\" alt=\"\" width=\"570\" height=\"430\" \/><figcaption id=\"caption-attachment-15254\" class=\"wp-caption-text\">L&#8217;\u00e9quipe de Caritas Gikongoro et Caritas Rwanda lors de leur visite aux enfants en r\u00e9\u00e9ducation au Centre Saint Fran\u00e7ois d&#8217;Assise Kitabi.<\/figcaption><\/figure>\n<p>Apr\u00e8s la r\u00e9union, l\u2019\u00e9quipe de Caritas Rwanda et Caritas Gikongoro a effectu\u00e9 une visite au Centre Saint Fran\u00e7ois d&#8217;Assise Kitabi, qui assiste les enfants handicap\u00e9s, sous la gestion des Soeurs P\u00e9nitentes de Saint Fran\u00e7ois d&#8217;Assise.<\/p>\n","protected":false},"excerpt":{"rendered":"<p>On the 3rd of June, the steering committee meeting of the Slovenia Government and Karitas Slovenija-funded Tube Aheza, Amazi Hafi Project was held at Home Saint-Jean. The meeting was graced by the Karongi district Vice Mayor in charge of Finance and Economic Development Mr NIRAGIRE Th\u00e9ophile, Mr NIYONSABA Cyriack, the Executive Secretary of the Rugabano sector and priests from the Gisovu, Nyange and Mukungu parishes located in the sectors<\/p>\n","protected":false},"author":1,"featured_media":15253,"comment_status":"open","ping_status":"open","sticky":false,"template":"","format":"standard","meta":{"footnotes":""},"categories":[30],"tags":[7,10],"class_list":["post-15251","post","type-post","status-publish","format-standard","has-post-thumbnail","hentry","category-news","tag-business","tag-travel"],"_links":{"self":[{"href":"https:\/\/caritasrwanda.org\/fr\/wp-json\/wp\/v2\/posts\/15251","targetHints":{"allow":["GET"]}}],"collection":[{"href":"https:\/\/caritasrwanda.org\/fr\/wp-json\/wp\/v2\/posts"}],"about":[{"href":"https:\/\/caritasrwanda.org\/fr\/wp-json\/wp\/v2\/types\/post"}],"author":[{"embeddable":true,"href":"https:\/\/caritasrwanda.org\/fr\/wp-json\/wp\/v2\/users\/1"}],"replies":[{"embeddable":true,"href":"https:\/\/caritasrwanda.org\/fr\/wp-json\/wp\/v2\/comments?post=15251"}],"version-history":[{"count":1,"href":"https:\/\/caritasrwanda.org\/fr\/wp-json\/wp\/v2\/posts\/15251\/revisions"}],"predecessor-version":[{"id":15255,"href":"https:\/\/caritasrwanda.org\/fr\/wp-json\/wp\/v2\/posts\/15251\/revisions\/15255"}],"wp:featuredmedia":[{"embeddable":true,"href":"https:\/\/caritasrwanda.org\/fr\/wp-json\/wp\/v2\/media\/15253"}],"wp:attachment":[{"href":"https:\/\/caritasrwanda.org\/fr\/wp-json\/wp\/v2\/media?parent=15251"}],"wp:term":[{"taxonomy":"category","embeddable":true,"href":"https:\/\/caritasrwanda.org\/fr\/wp-json\/wp\/v2\/categories?post=15251"},{"taxonomy":"post_tag","embeddable":true,"href":"https:\/\/caritasrwanda.org\/fr\/wp-json\/wp\/v2\/tags?post=15251"}],"curies":[{"name":"wp","href":"https:\/\/api.w.org\/{rel}","templated":true}]}}