{"id":15245,"date":"2024-09-09T13:15:09","date_gmt":"2024-09-09T13:15:09","guid":{"rendered":"https:\/\/caritasrwanda.org\/fr\/?p=15245"},"modified":"2024-09-09T13:15:09","modified_gmt":"2024-09-09T13:15:09","slug":"reunion-de-collaboration-entre-caritas-cyangugu-et-de-caritas-rwanda","status":"publish","type":"post","link":"https:\/\/caritasrwanda.org\/fr\/reunion-de-collaboration-entre-caritas-cyangugu-et-de-caritas-rwanda\/","title":{"rendered":"R\u00e9union de collaboration entre Caritas Cyangugu et de Caritas Rwanda"},"content":{"rendered":"<p>Dans le cadre d\u2019\u00e9valuer la mise en \u0153uvre des recommandations de l&#8217;Assembl\u00e9e G\u00e9n\u00e9rale de Caritas Rwanda 2023 et d&#8217;\u00e9changer les id\u00e9es, l\u2019\u00e9quipe de Caritas Cyangugu et de Caritas Rwanda s\u2019est r\u00e9uni le 05 novembre 2024, au siege de la Caritas Cyangugu.<\/p>\n<p>Concernant l\u2019animation au Mois de la Charit\u00e9 et de la Mis\u00e9rcorde, Caritas Cyangugu a tenu une r\u00e9union avec les Aum\u00f4niers, afin de les encourager \u00e0 faire la sensibilisation. Caritas Cyangugu a \u00e9galement produit des d\u00e9pliants donnant plus de details au Mois de la Charit\u00e9 et de la Mis\u00e9rcorde, et appelant tout un chacun \u00e0 y contribuer, qui ont \u00e9t\u00e9 distribu\u00e9s dans les milieux de travail, les institutions financi\u00e8res, les maisons de commerce et dans d\u2019autres endroits. Chaque depliant a \u00e9t\u00e9 accompagn\u00e9 d&#8217;une lettre de demande de contribution.<\/p>\n<p>Lors de cette r\u00e9union, les employ\u00e9s de Caritas Cyangugu ont pu pr\u00e9senter les diff\u00e9rentes activit\u00e9s de Caritas Cyangugu, notamment le paiement des frais de scolarit\u00e9 des enfants vuln\u00e9rables, la prise en charge des handicap\u00e9s, l\u2019assistance aux pauvres, les projets d&#8217;autonomisation des pauvres, la construction des maisons pour les familles pauvres, les projets de jeunesse et le suivi des maison du D\u00e9veloppement de la Petite Enfance.<\/p>\n<p>Dans toutes ses activit\u00e9s, Caritas Cyangugu encourage les participants des projets \u00e0 aider les autres, les jeunes \u00e9tant les premier \u00e0 adopter cet Esprit Caritas en participant dans des activit\u00e9s caritatives et b\u00e9n\u00e9voles. L&#8217;exemple est le forum annuel de la jeunesse, o\u00f9 les jeunes qui y participent mettent de c\u00f4t\u00e9 un peu argent apr\u00e8s avoir re\u00e7u les frais de transport, ach\u00e8tent les t\u00f4les et construisent les maisons de familles pauvres s\u00e9l\u00e9ctionn\u00e9es. Il y a aussi des activit\u00e9s de visite aux malades faites par les jeunes.<\/p>\n<figure id=\"attachment_15247\" aria-describedby=\"caption-attachment-15247\" style=\"width: 570px\" class=\"wp-caption aligncenter\"><img loading=\"lazy\" decoding=\"async\" class=\"size-medium wp-image-15247\" src=\"https:\/\/caritasrwanda.org\/fr\/wp-content\/uploads\/2024\/09\/162A7253-570x430.jpg\" alt=\"\" width=\"570\" height=\"430\" \/><figcaption id=\"caption-attachment-15247\" class=\"wp-caption-text\">La r\u00e9union a \u00e9galement \u00e9t\u00e9 une occasion pour \u00e9changer les id\u00e9es sur les diff\u00e9rentes activit\u00e9s de la Caritas Cyangugu.<\/figcaption><\/figure>\n<p>Afin de promouvoir la visibilit\u00e9 de Caritas, durant la reunion les membres du personnel de Caritas Cyangugu ont b\u00e9n\u00e9fici\u00e9 d\u2019une courte formation sur la r\u00e9daction d\u2019un bon article. La connaissance acquise permettra \u00e0 tous les d\u00e9partements de la Caritas Cyangugu de produire de bons articles qui seront diffus\u00e9s dans la Caritas Contact 2024.<\/p>\n<p>En ce qui concerne la c\u00e9l\u00e9bration de la Journ\u00e9e Caritas et de la Journ\u00e9e mondiale des pauvres, chaque ann\u00e9e, Caritas Cyangugu organise la Semaine Caritas, o\u00f9 les jeunes sont appel\u00e9s \u00e0 participer dans les activit\u00e9s b\u00e9n\u00e9voles tandis que les comit\u00e9s Caritas sont redynamis\u00e9s. Au dernier jour de la semaine Caritas, il y a la c\u00e9l\u00e9bration de la Journ\u00e9e Mondiale des Pauvres et de la Journ\u00e9e de Caritas, les personnes ayant contribu\u00e9 dans l\u2019organisation de cette semaines sont reconnues et les pauvres recoivent l\u2019assistance pour leur faire soirtir de la pauvr\u00e9t\u00e9.<\/p>\n<p>Apr\u00e8s la r\u00e9union, l&#8217;\u00e9quipe conjointe de Caritas Rwanda et Caritas Cyangugu a rendu visite au Centre Saint Fran\u00e7ois d\u2019Assise de Rusizi qui assiste les enfants handicap\u00e9s, sous la gestion des Soeurs P\u00e9nitentes de St Fran\u00e7ois d&#8217;Assise.<\/p>\n<figure id=\"attachment_15249\" aria-describedby=\"caption-attachment-15249\" style=\"width: 570px\" class=\"wp-caption aligncenter\"><img loading=\"lazy\" decoding=\"async\" class=\"size-medium wp-image-15249\" src=\"https:\/\/caritasrwanda.org\/fr\/wp-content\/uploads\/2024\/09\/Ubugororangingo-picture-570x430.png\" alt=\"\" width=\"570\" height=\"430\" \/><figcaption id=\"caption-attachment-15249\" class=\"wp-caption-text\">Centre Saint Fran\u00e7ois d\u2019Assise de Rusizi assure la r\u00e9habilitation des enfants handicap\u00e9s.<\/figcaption><\/figure>\n","protected":false},"excerpt":{"rendered":"<p>On the 3rd of June, the steering committee meeting of the Slovenia Government and Karitas Slovenija-funded Tube Aheza, Amazi Hafi Project was held at Home Saint-Jean. The meeting was graced by the Karongi district Vice Mayor in charge of Finance and Economic Development Mr NIRAGIRE Th\u00e9ophile, Mr NIYONSABA Cyriack, the Executive Secretary of the Rugabano sector and priests from the Gisovu, Nyange and Mukungu parishes located in the sectors<\/p>\n","protected":false},"author":1,"featured_media":15246,"comment_status":"open","ping_status":"open","sticky":false,"template":"","format":"standard","meta":{"footnotes":""},"categories":[30],"tags":[7,10],"class_list":["post-15245","post","type-post","status-publish","format-standard","has-post-thumbnail","hentry","category-news","tag-business","tag-travel"],"_links":{"self":[{"href":"https:\/\/caritasrwanda.org\/fr\/wp-json\/wp\/v2\/posts\/15245","targetHints":{"allow":["GET"]}}],"collection":[{"href":"https:\/\/caritasrwanda.org\/fr\/wp-json\/wp\/v2\/posts"}],"about":[{"href":"https:\/\/caritasrwanda.org\/fr\/wp-json\/wp\/v2\/types\/post"}],"author":[{"embeddable":true,"href":"https:\/\/caritasrwanda.org\/fr\/wp-json\/wp\/v2\/users\/1"}],"replies":[{"embeddable":true,"href":"https:\/\/caritasrwanda.org\/fr\/wp-json\/wp\/v2\/comments?post=15245"}],"version-history":[{"count":1,"href":"https:\/\/caritasrwanda.org\/fr\/wp-json\/wp\/v2\/posts\/15245\/revisions"}],"predecessor-version":[{"id":15250,"href":"https:\/\/caritasrwanda.org\/fr\/wp-json\/wp\/v2\/posts\/15245\/revisions\/15250"}],"wp:featuredmedia":[{"embeddable":true,"href":"https:\/\/caritasrwanda.org\/fr\/wp-json\/wp\/v2\/media\/15246"}],"wp:attachment":[{"href":"https:\/\/caritasrwanda.org\/fr\/wp-json\/wp\/v2\/media?parent=15245"}],"wp:term":[{"taxonomy":"category","embeddable":true,"href":"https:\/\/caritasrwanda.org\/fr\/wp-json\/wp\/v2\/categories?post=15245"},{"taxonomy":"post_tag","embeddable":true,"href":"https:\/\/caritasrwanda.org\/fr\/wp-json\/wp\/v2\/tags?post=15245"}],"curies":[{"name":"wp","href":"https:\/\/api.w.org\/{rel}","templated":true}]}}