{"id":15224,"date":"2024-08-23T16:41:13","date_gmt":"2024-08-23T16:41:13","guid":{"rendered":"https:\/\/caritasrwanda.org\/fr\/?p=15224"},"modified":"2024-08-26T06:54:20","modified_gmt":"2024-08-26T06:54:20","slug":"reunion-de-collaboration-entre-caritas-rwanda-et-caritas-kabgayi","status":"publish","type":"post","link":"https:\/\/caritasrwanda.org\/fr\/reunion-de-collaboration-entre-caritas-rwanda-et-caritas-kabgayi\/","title":{"rendered":"R\u00e9union de collaboration entre Caritas Rwanda et Caritas Kabgayi"},"content":{"rendered":"<p>Dans le cadre des r\u00e9unions de collaboration que Caritas Rwanda est en train de mener avec les Caritas dioc\u00e9saines, une \u00e9quipe de Caritas Rwanda et de Caritas Kabgayi s\u2019est r\u00e9unie ce 22\/08\/2024 pour \u00e9valuer la mise en \u0153uvre des recommandations de l&#8217;Assembl\u00e9e G\u00e9n\u00e9rale de Caritas Rwanda de 2023 (pour le d\u00e9partement des Oeuvres Socio-Caritative) et \u00e9changer les id\u00e9es.<\/p>\n<p>Dans son mot d\u2019ouverture, Abb\u00e9 Jean Berchmans Gasasira, Directeur de la Caritas Kabgayi, a rappel\u00e9 que comme les autres Caritas dioc\u00e9saines, Caritas Kabgayi fait partie de la famille Caritas Rwanda. Abb\u00e9 Jean Berchmans a remerci\u00e9 Caritas Rwanda pour la bonne coordination et les conseils pour le bon fonctionnement des Caritas membres de la famille Caritas Rwanda.<\/p>\n<p>Les participants ont ensuite discut\u00e9 de la visibilit\u00e9 de Caritas Rwanda par le biais des m\u00e9dias de l&#8217;\u00c9glise Catholique et le magazine annuel de Caritas Rwanda appel\u00e9 Caritas Contact. Ainsi, ils ont profit\u00e9 pour revoir ensemble comment \u00e9crire un bon un article.<\/p>\n<p><strong>C\u00e9l\u00e9bration de la Journ\u00e9e Caritas et de la Journ\u00e9e Mondiale des Pauvres<\/strong><\/p>\n<p>Dans la zone de Caritas Kabgayi, lors de la c\u00e9l\u00e9bration de la Journ\u00e9e Mondiale des Pauvres, le message du Saint P\u00e8re pour cette journ\u00e9e est lu dans tous les paroisses, et les pauvres s\u00e9l\u00e9ctionn\u00e9s re\u00e7oivent de l\u2019aide. Chaque paroisse d\u00e9cide de la fa\u00e7on de c\u00e9l\u00e9brer cette journ\u00e9e en fonction de ses capacit\u00e9s, mais jusqu&#8217;\u00e0 pr\u00e9sent, toutes ne sont pas en mesure d&#8217;aider les pauvres.<\/p>\n<p>Concernant la c\u00e9l\u00e9bration de la Journ\u00e9e Caritas, Caritas Kabgayi organise une semaine pour aider les pauvres o\u00f9 diverses actes de charit\u00e9 sont faites au niveau paroissial telles que cultiver les champs de pauvres, leur donner les vivres, leurs construire des maisons, etc&#8230; A la fin de cette semaine il y a la c\u00e9l\u00e9bration de la Journ\u00e9e Caritas, o\u00f9 on rend homage \u00e0 ceux qui f\u00fbrent les b\u00e9n\u00e9voles de Caritas mais qui ne le sont plus \u00e0 cause de leur \u00e2ge avanc\u00e9, tandis qu\u2019on prie pour les \u00e2mes des b\u00e9n\u00e9voles d\u00e9c\u00e9d\u00e9s pendant la messe. Cette journ\u00e9e est une occasion pour s\u2019auto-\u00e9valuer et planifier pour l\u2019avenir.<\/p>\n<p><strong>Encourager les jeunes \u00e0 devenir les b\u00e9n\u00e9voles de Caritas<\/strong><\/p>\n<p>Afin d&#8217;encourager les jeunes \u00e0 participer dans les activit\u00e9s de b\u00e9n\u00e9volat de Caritas, Caritas Kabgayi encourage les membres des comit\u00e9s des Caritas paroissiales \u00e0 faire les campagnes de sensibilisation dans les \u00e9coles primaires et secondaires au moins une fois par an dans chacune d\u2019elles, et aider \u00e0 mettre en place un comit\u00e9 Caritas pour chaque \u00e9cole.<\/p>\n<figure id=\"attachment_15231\" aria-describedby=\"caption-attachment-15231\" style=\"width: 570px\" class=\"wp-caption aligncenter\"><img loading=\"lazy\" decoding=\"async\" class=\"size-medium wp-image-15231\" src=\"https:\/\/caritasrwanda.org\/fr\/wp-content\/uploads\/2024\/08\/162A7175-570x430.jpg\" alt=\"\" width=\"570\" height=\"430\" \/><figcaption id=\"caption-attachment-15231\" class=\"wp-caption-text\">L&#8217;\u00e9quipe de Caritas Kabgayi et Caritas Rwanda en r\u00e9union.<\/figcaption><\/figure>\n<p><strong>Le mois de la charit\u00e9 et de la mis\u00e9ricorde<\/strong><\/p>\n<p>Durant la campagne du mois de la charit\u00e9 et de la mis\u00e9ricorde, le personnel de Caritas Kabgayi s\u2019est rendu dans toutes les paroisses pour faire la sensibilisation. Cette campagne a re\u00e7u le nom de \u201cTwese Tujyanemo\u201d (Tous Ensemble).<\/p>\n<p>En plus de mener la sensibilisation dans les paroisses, le message invitant toute personne \u00e0 contribuer au mois de la charit\u00e9 et de la mis\u00e9ricorde est \u00e9galement diffus\u00e9 sur la radio \u201cIjwi rya Gare\u201d (La Voix de la Gare) et sur la radio du march\u00e9.<\/p>\n<p>Le personnel de Caritas Kabgayi a \u00e9galement effectu\u00e9 une voyage d\u2019\u00e9tude dans le Dioc\u00e8se de Ruhengeri, pour apprendre comment la Caritas Ruhengeri a men\u00e9 la campagne de sensibilisation au mois charit\u00e9 et de la mis\u00e9ricorde l&#8217;ann\u00e9e derni\u00e8re, o\u00f9 25.198.908 Frw ont \u00e9t\u00e9 collect\u00e9s.<\/p>\n<p>En cl\u00f4turant la r\u00e9union, Abb\u00e9 Gasasira Jean Berchmans a d\u00e9clar\u00e9 que le Dioc\u00e8se de Kabgayi a nomm\u00e9 la Commission pour Les Personnes Porteuses de Handicap afin de leur accorder la dignit\u00e9. Comme les projets qui s\u2019occupent de ces personnes ont une certaine p\u00e9riodicit\u00e9, cette commission permettra \u00e0 la Caritas Kabgayi de leur venir en aide r\u00e9guli\u00e8rement. Abb\u00e9 Jean Berchmans est \u00e9galement revenu sur la vision de Caritas en disant: <em>\u201cNous voulons que le pauvre<\/em><em> ait <\/em><em>une vie comme celle des autres et qu&#8217;il <\/em><em>ait <\/em><em>la dignit\u00e9 comme les autres, c&#8217;est pourquoi Caritas existe. C&#8217;est le combat que nous devons mener ensemble\u201d<\/em>.<\/p>\n<figure id=\"attachment_15232\" aria-describedby=\"caption-attachment-15232\" style=\"width: 570px\" class=\"wp-caption aligncenter\"><img loading=\"lazy\" decoding=\"async\" class=\"size-medium wp-image-15232\" src=\"https:\/\/caritasrwanda.org\/fr\/wp-content\/uploads\/2024\/08\/162A7237-570x430.jpg\" alt=\"\" width=\"570\" height=\"430\" \/><figcaption id=\"caption-attachment-15232\" class=\"wp-caption-text\">L&#8217;\u00e9quipe conjointe de Caritas Kabgayi et Caritas Rwanda a rendu visite aux personnes \u00e2g\u00e9es assist\u00e9es \u00e0 la Maison Saint Joseph Kabgayi.<\/figcaption><\/figure>\n<p>A la fin de la r\u00e9union, l&#8217;\u00e9quipe conjointe de Caritas Kabgayi et Caritas Rwanda a rendu visite au Home Saint Joseph Kabgayi ger\u00e9 par la Communaut\u00e9 des S\u0153urs Abizeramariya, qui s&#8217;occupe des personnes \u00e2g\u00e9es vuln\u00e9rables, qui ont donn\u00e9 des t\u00e9moignages touchants, racontant comment elles sont arriv\u00e9es dans de mauvais \u00e9tats, ont \u00e9t\u00e9 soign\u00e9es et gu\u00e9ries de leurs blessures physiques et \u00e9motionnelles.<\/p>\n<p>Lors de cette visite, Caritas Kabgayi a fait un don de vivres au Home Saint Joseph Kabgayi.<\/p>\n","protected":false},"excerpt":{"rendered":"<p>On the 3rd of June, the steering committee meeting of the Slovenia Government and Karitas Slovenija-funded Tube Aheza, Amazi Hafi Project was held at Home Saint-Jean. The meeting was graced by the Karongi district Vice Mayor in charge of Finance and Economic Development Mr NIRAGIRE Th\u00e9ophile, Mr NIYONSABA Cyriack, the Executive Secretary of the Rugabano sector and priests from the Gisovu, Nyange and Mukungu parishes located in the sectors<\/p>\n","protected":false},"author":1,"featured_media":15230,"comment_status":"open","ping_status":"open","sticky":false,"template":"","format":"standard","meta":{"footnotes":""},"categories":[30],"tags":[7,10],"class_list":["post-15224","post","type-post","status-publish","format-standard","has-post-thumbnail","hentry","category-news","tag-business","tag-travel"],"_links":{"self":[{"href":"https:\/\/caritasrwanda.org\/fr\/wp-json\/wp\/v2\/posts\/15224","targetHints":{"allow":["GET"]}}],"collection":[{"href":"https:\/\/caritasrwanda.org\/fr\/wp-json\/wp\/v2\/posts"}],"about":[{"href":"https:\/\/caritasrwanda.org\/fr\/wp-json\/wp\/v2\/types\/post"}],"author":[{"embeddable":true,"href":"https:\/\/caritasrwanda.org\/fr\/wp-json\/wp\/v2\/users\/1"}],"replies":[{"embeddable":true,"href":"https:\/\/caritasrwanda.org\/fr\/wp-json\/wp\/v2\/comments?post=15224"}],"version-history":[{"count":6,"href":"https:\/\/caritasrwanda.org\/fr\/wp-json\/wp\/v2\/posts\/15224\/revisions"}],"predecessor-version":[{"id":15237,"href":"https:\/\/caritasrwanda.org\/fr\/wp-json\/wp\/v2\/posts\/15224\/revisions\/15237"}],"wp:featuredmedia":[{"embeddable":true,"href":"https:\/\/caritasrwanda.org\/fr\/wp-json\/wp\/v2\/media\/15230"}],"wp:attachment":[{"href":"https:\/\/caritasrwanda.org\/fr\/wp-json\/wp\/v2\/media?parent=15224"}],"wp:term":[{"taxonomy":"category","embeddable":true,"href":"https:\/\/caritasrwanda.org\/fr\/wp-json\/wp\/v2\/categories?post=15224"},{"taxonomy":"post_tag","embeddable":true,"href":"https:\/\/caritasrwanda.org\/fr\/wp-json\/wp\/v2\/tags?post=15224"}],"curies":[{"name":"wp","href":"https:\/\/api.w.org\/{rel}","templated":true}]}}