{"id":15221,"date":"2024-08-20T13:03:34","date_gmt":"2024-08-20T13:03:34","guid":{"rendered":"https:\/\/caritasrwanda.org\/fr\/?p=15221"},"modified":"2024-08-23T13:20:05","modified_gmt":"2024-08-23T13:20:05","slug":"dici-2027-la-fondation-bk-aura-soutenu-200-jeunes-dans-la-poursuite-du-programme-tvet-a-travers-le-programme-igire","status":"publish","type":"post","link":"https:\/\/caritasrwanda.org\/fr\/dici-2027-la-fondation-bk-aura-soutenu-200-jeunes-dans-la-poursuite-du-programme-tvet-a-travers-le-programme-igire\/","title":{"rendered":"D&#8217;ici 2027, la Fondation BK aura soutenu 200 jeunes dans la poursuite du programme TVET \u00e0 travers le Programme Igire"},"content":{"rendered":"<p>Un m\u00e9morandum a \u00e9t\u00e9 sign\u00e9 le 6 ao\u00fbt 2024 entre la Fondation BK et les partenaires de mise en \u0153uvre du Programme Igire \u00e0 l&#8217;h\u00f4tel Ubumwe Grande, marquant un partenariat important pour soutenir 200 jeunes en provenance de 5 districts pour poursuivre les formations professionnelles (TVET) d\u2019ici 2027.<\/p>\n<p>En tant que phase pilote, cette activit\u00e9 sera mise en \u0153uvre dans les districts de Muhanga, Kayonza, Kicukiro, Rwamagana et Nyamasheke, ciblant 200 jeunes soutenus dans les programmes de OVC (qui soutient les enfants orphelins et vulnerables) et DREAMS (qui cible les adolescentes et jeunes femmes). Ces districts ont \u00e9t\u00e9 prioritis\u00e9s car ils ont une grande population de jeunes qui ont besoin de bourses en formation professionnelle, et la majorit\u00e9 sont des adolescentes et des jeunes femmes.<\/p>\n<p>La s\u00e9lection des participants impliquera la Fondation BK et les autorit\u00e9s locales pour garantir que les plus n\u00e9cessiteux sont prioritis\u00e9s et \u00e9viter que les b\u00e9n\u00e9ficiaires sont s\u00e9l\u00e9ctionn\u00e9s par plusieurs partenaires dans les districts cibl\u00e9s.<\/p>\n<p>Cette cohorte de 200 jeunes sera accompagn\u00e9e sur une p\u00e9riode de 12 mois, dont six mois de formations intensives, trois mois de stage et trois autres de suivi et \u00e9laboration du rapport.<\/p>\n<p>Igire est un programme quinquennal (2022-2027) financ\u00e9 par le Programme pr\u00e9sidentiel d&#8217;aide d&#8217;urgence \u00e0 la lutte contre le sida (PEPFAR), par l&#8217;interm\u00e9diaire de l&#8217;Agence des \u00c9tats-Unis pour le d\u00e9veloppement international (USAID). Il est mis en oeuvre par cinq partenaires \u00e0 savoir FXB, Duhamic ADRI, YWCA, AEE et Caritas Rwanda.<\/p>\n","protected":false},"excerpt":{"rendered":"<p>On the 3rd of June, the steering committee meeting of the Slovenia Government and Karitas Slovenija-funded Tube Aheza, Amazi Hafi Project was held at Home Saint-Jean. The meeting was graced by the Karongi district Vice Mayor in charge of Finance and Economic Development Mr NIRAGIRE Th\u00e9ophile, Mr NIYONSABA Cyriack, the Executive Secretary of the Rugabano sector and priests from the Gisovu, Nyange and Mukungu parishes located in the sectors<\/p>\n","protected":false},"author":1,"featured_media":15222,"comment_status":"open","ping_status":"open","sticky":false,"template":"","format":"standard","meta":{"footnotes":""},"categories":[30],"tags":[7,10],"class_list":["post-15221","post","type-post","status-publish","format-standard","has-post-thumbnail","hentry","category-news","tag-business","tag-travel"],"_links":{"self":[{"href":"https:\/\/caritasrwanda.org\/fr\/wp-json\/wp\/v2\/posts\/15221","targetHints":{"allow":["GET"]}}],"collection":[{"href":"https:\/\/caritasrwanda.org\/fr\/wp-json\/wp\/v2\/posts"}],"about":[{"href":"https:\/\/caritasrwanda.org\/fr\/wp-json\/wp\/v2\/types\/post"}],"author":[{"embeddable":true,"href":"https:\/\/caritasrwanda.org\/fr\/wp-json\/wp\/v2\/users\/1"}],"replies":[{"embeddable":true,"href":"https:\/\/caritasrwanda.org\/fr\/wp-json\/wp\/v2\/comments?post=15221"}],"version-history":[{"count":1,"href":"https:\/\/caritasrwanda.org\/fr\/wp-json\/wp\/v2\/posts\/15221\/revisions"}],"predecessor-version":[{"id":15223,"href":"https:\/\/caritasrwanda.org\/fr\/wp-json\/wp\/v2\/posts\/15221\/revisions\/15223"}],"wp:featuredmedia":[{"embeddable":true,"href":"https:\/\/caritasrwanda.org\/fr\/wp-json\/wp\/v2\/media\/15222"}],"wp:attachment":[{"href":"https:\/\/caritasrwanda.org\/fr\/wp-json\/wp\/v2\/media?parent=15221"}],"wp:term":[{"taxonomy":"category","embeddable":true,"href":"https:\/\/caritasrwanda.org\/fr\/wp-json\/wp\/v2\/categories?post=15221"},{"taxonomy":"post_tag","embeddable":true,"href":"https:\/\/caritasrwanda.org\/fr\/wp-json\/wp\/v2\/tags?post=15221"}],"curies":[{"name":"wp","href":"https:\/\/api.w.org\/{rel}","templated":true}]}}