{"id":15185,"date":"2024-07-30T06:33:28","date_gmt":"2024-07-30T06:33:28","guid":{"rendered":"https:\/\/caritasrwanda.org\/fr\/?p=15185"},"modified":"2024-08-01T14:58:31","modified_gmt":"2024-08-01T14:58:31","slug":"cloture-officielle-du-projet-prm-pac-dans-le-camp-de-refugies-de-nyabiheke","status":"publish","type":"post","link":"https:\/\/caritasrwanda.org\/fr\/cloture-officielle-du-projet-prm-pac-dans-le-camp-de-refugies-de-nyabiheke\/","title":{"rendered":"Cl\u00f4ture officielle du projet PRM\/PAC dans le camp de r\u00e9fugi\u00e9s de Nyabiheke"},"content":{"rendered":"<p>Apr\u00e8s trois ans de mise en \u0153uvre par Caritas Rwanda sous la coordination de World Vision Rwanda, le projet PRM\/PAC a \u00e9t\u00e9 clotur\u00e9 officiellement le 23 juillet 2024 dans le camp de r\u00e9fugi\u00e9s de Nyabiheke.<\/p>\n<p>Le projet PRM\/PAC s&#8217;est concentr\u00e9 sur quatre piliers principaux: la protection sociale, les moyens de subsistance, l&#8217;inclusion financi\u00e8re et l&#8217;inclusion sociale. Il visait \u00e0 aider 800 m\u00e9nages, dont 550 m\u00e9nages du camp de r\u00e9fugi\u00e9s de Nyabiheke et 250 m\u00e9nages de la communaut\u00e9 d&#8217;accueil en utilisant l&#8217;approche de graduation.<\/p>\n<p>En guise de r\u00e9alisations, le projet PRM\/PAC a cr\u00e9\u00e9 27 groupes d&#8217;\u00e9pargne et de cr\u00e9dit interne avec 768 participants. Sur les 800 participants cibl\u00e9s, 768 ont \u00e9t\u00e9 form\u00e9s et ont re\u00e7u l\u2019aide financi\u00e8re, tandis que 47 jeunes ont \u00e9t\u00e9 soutenus dans le programme TVET. 95 % des activit\u00e9s g\u00e9n\u00e9ratrices de revenus cr\u00e9\u00e9es par les participants du projet sont r\u00e9ussies. \u00a0En plus, 65 m\u00e9nages, dont 25 des r\u00e9fugi\u00e9s et 40 des Rwandais, ont re\u00e7u des frais de subvention mensuels.<\/p>\n<p>Depuis avril 2023 jusqu\u2019\u00e0 mars 2024, les 27 groupes d\u2019\u00e9pargne ont partag\u00e9 97.193.690 Frw, dont 11.386.984 Frw d\u2019int\u00e9r\u00eats. Chaque groupe SILC a \u00e9t\u00e9 connect\u00e9 avec l\u2019institution financi\u00e8re pour l\u2019ouverture d\u2019un compte bancaire.<\/p>\n<p>L\u2019une des participants du projet PRM\/PAC, Esp\u00e9rance Ahadi, a t\u00e9moign\u00e9 qu\u2019elle avait re\u00e7u une formation et une subvention en esp\u00e8ces de 800.000 Frw, ce qui lui a permis d\u2019ouvrir une grande boutique. Actuellement, elle dispose de 3.500.000 Frw de capital. <em>\u201cAu d\u00e9but, dans nos groupes d\u2019\u00e9pargne, nous \u00e9pargnions 200 Frw par semaine, mais aujourd\u2019hui nous \u00e9conomisons de 6 000 \u00e0 10 000 Frw\u201d<\/em>, a-t-elle r\u00e9v\u00e9l\u00e9.<\/p>\n<figure id=\"attachment_15187\" aria-describedby=\"caption-attachment-15187\" style=\"width: 570px\" class=\"wp-caption aligncenter\"><img loading=\"lazy\" decoding=\"async\" class=\"size-medium wp-image-15187\" src=\"https:\/\/caritasrwanda.org\/fr\/wp-content\/uploads\/2024\/07\/Ahadi-Esperance-570x430.png\" alt=\"\" width=\"570\" height=\"430\" \/><figcaption id=\"caption-attachment-15187\" class=\"wp-caption-text\">Apr\u00e8s avoir re\u00e7u une formation et une subvention en esp\u00e8ces de 800 000 Frw, Esp\u00e9rance a ouvert une boutique. Elle dispose actuellement d&#8217;un capital de 3 500 000 Frw.<\/figcaption><\/figure>\n<p>Quant \u00e0 Jean De Dieu Habarukize, un autre participant au projet qui met en \u0153uvre un projet agricole, a d\u00e9clar\u00e9 qu\u2019il a gagn\u00e9 4.000.000 Frw gr\u00e2ce \u00e0 la premi\u00e8re r\u00e9colte de sa plantation de piment de cayenne. Ensuite, il a commence \u00e0 cultiver des l\u00e9gumes, notamment des concombres et des haricots verts. Jean de Dieu dit que le soutien qu\u2019il a re\u00e7u a chang\u00e9 sa vie: <em>\u201cAujourd\u2019hui, j\u2019ai construit une belle maison, qui convient \u00e0 un partenaire du projet PAC\u201d<\/em>, s\u2019est-il r\u00e9joui.<\/p>\n<p>Les diff\u00e9rents discours des invit\u00e9s sont revenus sur l\u2019approche de graduation utilis\u00e9e par le projet PRM\/PAC, rappelant aux participants que l\u2019objectif du projet \u00e9tait de les aider \u00e0 devenir autonomes et les ont encourag\u00e9s \u00e0 continuer dans cette voie en travaillant ensemble dans des groupes d\u2019\u00e9pargne.<\/p>\n<p>S\u2019adressant aux participants, le Secr\u00e9taire G\u00e9n\u00e9ral de Caritas Rwanda, Monsieur l\u2019Abb\u00e9 Oscar Kagimbura, a remerci\u00e9 les diff\u00e9rents partenaires qui ont contribu\u00e9 \u00e0 la mise en \u0153uvre du Projet PRM\/PAC. Il a \u00e9galement expliqu\u00e9 que Caritas signifie \u201cCharit\u00e9\u201d et que m\u00eame si ce projet prend fin, Caritas restera, car elle est op\u00e9rationnelle partout m\u00eame au niveau de la communaut\u00e9 eccl\u00e9siale de base.<\/p>\n<figure id=\"attachment_15188\" aria-describedby=\"caption-attachment-15188\" style=\"width: 570px\" class=\"wp-caption aligncenter\"><img loading=\"lazy\" decoding=\"async\" class=\"size-medium wp-image-15188\" src=\"https:\/\/caritasrwanda.org\/fr\/wp-content\/uploads\/2024\/07\/162A6370-570x430.jpg\" alt=\"\" width=\"570\" height=\"430\" \/><figcaption id=\"caption-attachment-15188\" class=\"wp-caption-text\">Abb\u00e9 Oscar Kagimbura, Secr\u00e9taire G\u00e9n\u00e9ral de Caritas Rwanda, a appel\u00e9 les participants du projet PRM\/PAC \u00e0 former des coop\u00e9ratives.<\/figcaption><\/figure>\n<p>En outre, le Secr\u00e9taire G\u00e9n\u00e9ral de Caritas Rwanda a encourag\u00e9 les participants qui ont des activit\u00e9s g\u00e9n\u00e9ratrices de revenus similaires \u00e0 former des coop\u00e9ratives et \u00e0 collaborer avec des institutions financi\u00e8res. \u201cLes autorit\u00e9s locales depuis le District jusqu\u2019au niveau du village, les repr\u00e9sentants des organes de s\u00e9curit\u00e9, s&#8217;il vous pla\u00eet, soyez proches de ces participants, aidez-les \u00e0 former des cooperatives\u201d, a-t-il exhort\u00e9 tout le monde, soulignant la n\u00e9cessit\u00e9 de garder un \u0153il sur les r\u00e9alisations.<\/p>\n<p>Nzayisenga Gilbert, qui repr\u00e9sentait le Maire du District de Gatsibo, a remerci\u00e9 les participants <span style=\"text-decoration: line-through;\">au<\/span> du projet qui ont commenc\u00e9 \u00e0 fournir des emplois et les a assur\u00e9s que les autorit\u00e9s locales garderont un \u0153il sur leurs progr\u00e8s pour s&#8217;assurer qu&#8217;ils ne se retrouvent pas en d\u00e9ficit, d&#8217;autant plus qu&#8217;ils ont une liste de personnes qui ont re\u00e7u des subventions financi\u00e8res.<\/p>\n<figure id=\"attachment_15189\" aria-describedby=\"caption-attachment-15189\" style=\"width: 570px\" class=\"wp-caption aligncenter\"><img loading=\"lazy\" decoding=\"async\" class=\"size-medium wp-image-15189\" src=\"https:\/\/caritasrwanda.org\/fr\/wp-content\/uploads\/2024\/07\/162A6395-570x430.jpg\" alt=\"\" width=\"570\" height=\"430\" \/><figcaption id=\"caption-attachment-15189\" class=\"wp-caption-text\">Nzayisenga Gilbert, qui repr\u00e9sentait le Maire du District de Gatsibo lors de la c\u00e9r\u00e9monie.<\/figcaption><\/figure>\n<p>D&#8217;un commun accord, Caritas Rwanda et World Vision Rwanda ont donn\u00e9 \u00e0 27 volontaires du projet les v\u00e9los qu&#8217;ils utilisaient pour faciliter leur travail quotidien. \u00c0 la fin de la c\u00e9r\u00e9monie, les invit\u00e9s dans cette c\u00e9r\u00e9monie ont explor\u00e9 les stands d&#8217;exposition et ont discut\u00e9 avec les participants.<\/p>\n","protected":false},"excerpt":{"rendered":"<p>On the 3rd of June, the steering committee meeting of the Slovenia Government and Karitas Slovenija-funded Tube Aheza, Amazi Hafi Project was held at Home Saint-Jean. The meeting was graced by the Karongi district Vice Mayor in charge of Finance and Economic Development Mr NIRAGIRE Th\u00e9ophile, Mr NIYONSABA Cyriack, the Executive Secretary of the Rugabano sector and priests from the Gisovu, Nyange and Mukungu parishes located in the sectors<\/p>\n","protected":false},"author":1,"featured_media":15186,"comment_status":"open","ping_status":"open","sticky":false,"template":"","format":"standard","meta":{"footnotes":""},"categories":[30],"tags":[7,10],"class_list":["post-15185","post","type-post","status-publish","format-standard","has-post-thumbnail","hentry","category-news","tag-business","tag-travel"],"_links":{"self":[{"href":"https:\/\/caritasrwanda.org\/fr\/wp-json\/wp\/v2\/posts\/15185","targetHints":{"allow":["GET"]}}],"collection":[{"href":"https:\/\/caritasrwanda.org\/fr\/wp-json\/wp\/v2\/posts"}],"about":[{"href":"https:\/\/caritasrwanda.org\/fr\/wp-json\/wp\/v2\/types\/post"}],"author":[{"embeddable":true,"href":"https:\/\/caritasrwanda.org\/fr\/wp-json\/wp\/v2\/users\/1"}],"replies":[{"embeddable":true,"href":"https:\/\/caritasrwanda.org\/fr\/wp-json\/wp\/v2\/comments?post=15185"}],"version-history":[{"count":4,"href":"https:\/\/caritasrwanda.org\/fr\/wp-json\/wp\/v2\/posts\/15185\/revisions"}],"predecessor-version":[{"id":15193,"href":"https:\/\/caritasrwanda.org\/fr\/wp-json\/wp\/v2\/posts\/15185\/revisions\/15193"}],"wp:featuredmedia":[{"embeddable":true,"href":"https:\/\/caritasrwanda.org\/fr\/wp-json\/wp\/v2\/media\/15186"}],"wp:attachment":[{"href":"https:\/\/caritasrwanda.org\/fr\/wp-json\/wp\/v2\/media?parent=15185"}],"wp:term":[{"taxonomy":"category","embeddable":true,"href":"https:\/\/caritasrwanda.org\/fr\/wp-json\/wp\/v2\/categories?post=15185"},{"taxonomy":"post_tag","embeddable":true,"href":"https:\/\/caritasrwanda.org\/fr\/wp-json\/wp\/v2\/tags?post=15185"}],"curies":[{"name":"wp","href":"https:\/\/api.w.org\/{rel}","templated":true}]}}