{"id":15181,"date":"2024-07-25T16:10:21","date_gmt":"2024-07-25T16:10:21","guid":{"rendered":"https:\/\/caritasrwanda.org\/fr\/?p=15181"},"modified":"2024-07-25T16:10:21","modified_gmt":"2024-07-25T16:10:21","slug":"reunion-de-collaboration-entre-le-personnel-de-caritas-rwanda-et-de-la-caritas-byumba-du-departement-des-osc","status":"publish","type":"post","link":"https:\/\/caritasrwanda.org\/fr\/reunion-de-collaboration-entre-le-personnel-de-caritas-rwanda-et-de-la-caritas-byumba-du-departement-des-osc\/","title":{"rendered":"R\u00e9union de collaboration entre le personnel de Caritas Rwanda et de la Caritas Byumba du D\u00e9partement des OSC"},"content":{"rendered":"<p>En date du 17 juillet 2024, les Responsables du D\u00e9partement des \u0152uvres Socio- Caritatives \u00e0 la Caritas Rwanda et \u00e0 la Caritas dioc\u00e9saine de \u00a0Byumba ont tenu une r\u00e9union ayant le but d\u2019\u00e9changer d\u2019id\u00e9es sur les strat\u00e9gies de collecte de fonds pour le Mois de la Charit\u00e9 et de la Mis\u00e9ricorde, passer en revue la mise en \u0153uvre des r\u00e9solutions de l&#8217;Assembl\u00e9e G\u00e9n\u00e9rale de la Caritas Rwanda 2023 (concernant le D\u00e9partement OSC), faire le point sur la mise en \u0153uvre du plan strat\u00e9gique de Caritas Rwanda 2020-2024 \/ \u0152uvres socio-caritatives, et commencer \u00e0 r\u00e9fl\u00e9chir sur les activit\u00e9s du plan strat\u00e9gique de 2025-2030.<\/p>\n<p>Dans le cadre de la visibilit\u00e9 de Caritas, les participants ont convenu que la Caritas Byumba r\u00e9digera r\u00e9gulier\u00e8ment des articles qui seront diffus\u00e9s dans le Journal Kinyamateka (version en ligne et version imprim\u00e9e<span style=\"text-decoration: line-through;\">s<\/span>) ainsi que dans la Caritas Contact, un magazine de Caritas Rwanda publi\u00e9 chaque ann\u00e9e. \u00a0Concernant les programmes sur la Radio Maria Rwanda, la Caritas dioc\u00e9saine de Byumba est d\u00e9j\u00e0 active comme d&#8217;autres Caritas dioc\u00e9saines.<\/p>\n<p>Toujours dans le but de promouvoir l\u2019image de la Caritas, cette r\u00e9union est revenue sur la recommandation de l&#8217;Assembl\u00e9e G\u00e9n\u00e9rale de Caritas Rwanda concernant la c\u00e9l\u00e9bration de la Journ\u00e9e Caritas et celle de la Journ\u00e9e des Pauvres o\u00f9 il a \u00e9t\u00e9 constat\u00e9 que beaucoup de paroisses c\u00e9l\u00e8brent ces journ\u00e9es le m\u00eame jour faute de moyens. Les deux parties ont rappel\u00e9 que la Journ\u00e9e Caritas vise \u00e0 reconna\u00eetre le travail des volontaires et \u00e0 encourager les jeunes \u00e0 avoir l\u2019Esprit Caritas et participer aux activit\u00e9s de b\u00e9n\u00e9volat. Quant \u00e0 la Journ\u00e9e des pauvres, elle focalise sur 3 activit\u00e9s principales \u00e0 savoir: la c\u00e9l\u00e9bration de la messe avec les pauvres, partager le repas avec eux et donner des cadeaux, et celapour leur redonner la dignit\u00e9.<\/p>\n<p>Concernant la recommandation de renforcer l\u2019animation au d\u00e9veloppement int\u00e9gral humain en mettant l\u2019accent sur les jeunes, le c\u00f4t\u00e9 de Caritas dioc\u00e9saine de Byumba a fait savoir que Caritas est op\u00e9rationnelle dans les \u00e9coles et les universit\u00e9s. Certes, toutes n&#8217;ont pas de comit\u00e9s, raison pour laquelle la Caritas dioc\u00e9saine de Byumba a d\u00e9j\u00e0 entam\u00e9 le processus de de connecter les volontaires avec les \u00e9tablissements afin qu&#8217;ils puissent mener \u00e0 bien la sensibilisation \u00e0 l\u2019Esprit Caritas.<\/p>\n<p>En ce qui concerne les strat\u00e9gies de collecte de fonds durant le Mois de la Charit\u00e9 et de la Mis\u00e9ricorde, l\u2019\u00e9quipe de la Caritas Byumba a affirm\u00e9 que chaque paroisse s&#8217;est fix\u00e9 un objectif de fonds \u00e0 collecter durant cette p\u00e9riode, les volontaires qui repr\u00e9sentent les autres devant \u00e9laborer des rapports sur les fonds collect\u00e9s, tandis que les paroisses enverront imm\u00e9diatement des photos de bordereaux de versement d\u00e8s que l\u2019argent est d\u00e9pos\u00e9 \u00e0 la banque. Cependant, le souci est que parfois les volontaires transmettent leurs rapports avec retard ou carr\u00e9ment ne les donnent pas.<\/p>\n<p>Une autre strat\u00e9gie pour augmenter la productivit\u00e9 du Mois de la Charit\u00e9 et Mis\u00e9ricorde est de r\u00e9aliser des \u00e9missions de sensibilisation sur Radio Maria Rwanda, sur Pacis TV et d&#8217;autres canaux de communication.<\/p>\n<p>Sur le point concernant l\u2019\u00e9valuation \u00e0 mi-parcours des activit\u00e9s planifi\u00e9es en 2024 au sein du <span style=\"text-decoration: line-through;\">le<\/span> D\u00e9partement des \u0153uvres socio-caritatives, <span style=\"text-decoration: line-through;\">le<\/span> L\u2019equipe de la Caritas dioc\u00e9saine de Byumba reconnu qu&#8217;ils n\u2019ont pas pu rassembler tous les rapports pour le moment afin de pouvoir faire l\u2019\u00e9valuation de ce qui a \u00e9t\u00e9 r\u00e9alis\u00e9 ou pas. N\u00e9anmoins, ils ont promis que tout sera pr\u00eat lors de la r\u00e9union pr\u00e9vue en dates du 12 et 13 ao\u00fbt 2024 \u00e0 Kigali, pour faire le point sur ce qui aura \u00e9t\u00e9 fait.<\/p>\n<p>Quant au plan strat\u00e9gique de Caritas Rwanda 2025-2030, les participants ont sugg\u00e9r\u00e9 qu\u2019il devrait \u00eatre harmonis\u00e9 avec celui du Gouvernement rwandais, parce que le chr\u00e9tien est aussi un citoyen de l&#8217;\u00c9tat. Ils ont ajout\u00e9 que le canevas de rapportage sur ce plan devrait \u00eatre court pour qu&#8217;il soit facile \u00e0 lire.<\/p>\n<figure id=\"attachment_15183\" aria-describedby=\"caption-attachment-15183\" style=\"width: 570px\" class=\"wp-caption aligncenter\"><img loading=\"lazy\" decoding=\"async\" class=\"size-medium wp-image-15183\" src=\"https:\/\/caritasrwanda.org\/fr\/wp-content\/uploads\/2024\/07\/1-570x430.jpg\" alt=\"\" width=\"570\" height=\"430\" \/><figcaption id=\"caption-attachment-15183\" class=\"wp-caption-text\">Le personnel de Caritas Rwanda et de Caritas Byumba a effectu\u00e9 une visite au Home Sainte Th\u00e9r\u00e8se de l&#8217;Enfant J\u00e9sus, un centre qui prend en charge les personnes \u00e2g\u00e9es vuln\u00e9rables et handicap\u00e9es.<\/figcaption><\/figure>\n<p>Apr\u00e8s cette r\u00e9union, l&#8217;\u00e9quipe conjointe de Caritas Rwanda et de Caritas Byumba a effectu\u00e9 une visite au Home Sainte Th\u00e9r\u00e8se de l&#8217;Enfant J\u00e9sus, un centre qui prend en charge les personnes \u00e2g\u00e9es vuln\u00e9rables et handicap\u00e9es. Ceux qui sont pris en charge dans ce centre ont donn\u00e9 un message \u00e9mouvant, exprimant aux visiteurs de la Caritas qui leur ont apport\u00e9 des messages d&#8217;amour et de r\u00e9confort qu&#8217;ils ont trouv\u00e9 l&#8217;amour et la compassion dans ce centre, gr\u00e2ce aux soins des s\u0153urs Abizeramariya.<\/p>\n<p>&nbsp;<\/p>\n","protected":false},"excerpt":{"rendered":"<p>On the 3rd of June, the steering committee meeting of the Slovenia Government and Karitas Slovenija-funded Tube Aheza, Amazi Hafi Project was held at Home Saint-Jean. The meeting was graced by the Karongi district Vice Mayor in charge of Finance and Economic Development Mr NIRAGIRE Th\u00e9ophile, Mr NIYONSABA Cyriack, the Executive Secretary of the Rugabano sector and priests from the Gisovu, Nyange and Mukungu parishes located in the sectors<\/p>\n","protected":false},"author":1,"featured_media":15182,"comment_status":"open","ping_status":"open","sticky":false,"template":"","format":"standard","meta":{"footnotes":""},"categories":[30],"tags":[7,10],"class_list":["post-15181","post","type-post","status-publish","format-standard","has-post-thumbnail","hentry","category-news","tag-business","tag-travel"],"_links":{"self":[{"href":"https:\/\/caritasrwanda.org\/fr\/wp-json\/wp\/v2\/posts\/15181","targetHints":{"allow":["GET"]}}],"collection":[{"href":"https:\/\/caritasrwanda.org\/fr\/wp-json\/wp\/v2\/posts"}],"about":[{"href":"https:\/\/caritasrwanda.org\/fr\/wp-json\/wp\/v2\/types\/post"}],"author":[{"embeddable":true,"href":"https:\/\/caritasrwanda.org\/fr\/wp-json\/wp\/v2\/users\/1"}],"replies":[{"embeddable":true,"href":"https:\/\/caritasrwanda.org\/fr\/wp-json\/wp\/v2\/comments?post=15181"}],"version-history":[{"count":1,"href":"https:\/\/caritasrwanda.org\/fr\/wp-json\/wp\/v2\/posts\/15181\/revisions"}],"predecessor-version":[{"id":15184,"href":"https:\/\/caritasrwanda.org\/fr\/wp-json\/wp\/v2\/posts\/15181\/revisions\/15184"}],"wp:featuredmedia":[{"embeddable":true,"href":"https:\/\/caritasrwanda.org\/fr\/wp-json\/wp\/v2\/media\/15182"}],"wp:attachment":[{"href":"https:\/\/caritasrwanda.org\/fr\/wp-json\/wp\/v2\/media?parent=15181"}],"wp:term":[{"taxonomy":"category","embeddable":true,"href":"https:\/\/caritasrwanda.org\/fr\/wp-json\/wp\/v2\/categories?post=15181"},{"taxonomy":"post_tag","embeddable":true,"href":"https:\/\/caritasrwanda.org\/fr\/wp-json\/wp\/v2\/tags?post=15181"}],"curies":[{"name":"wp","href":"https:\/\/api.w.org\/{rel}","templated":true}]}}