{"id":15167,"date":"2024-07-12T17:05:19","date_gmt":"2024-07-12T17:05:19","guid":{"rendered":"https:\/\/caritasrwanda.org\/fr\/?p=15167"},"modified":"2024-07-19T10:37:03","modified_gmt":"2024-07-19T10:37:03","slug":"lancement-officiel-du-projet-tubeho-neza-aheza","status":"publish","type":"post","link":"https:\/\/caritasrwanda.org\/fr\/lancement-officiel-du-projet-tubeho-neza-aheza\/","title":{"rendered":"Lancement officiel du projet Tubeho Neza Aheza"},"content":{"rendered":"<p>Tubeho Neza Aheza, un projet qui vise \u00e0 promouvoir une vie d\u00e9cente et l&#8217;\u00e9galit\u00e9 dans un environnement sain au Rwanda, a \u00e9t\u00e9 officiellement lanc\u00e9 le 5 juillet 2024 dans le district de Karongi par Pascasie Umuhoza, vice-maire charg\u00e9e des Affaires Sociales. Ce projet est financ\u00e9 par Caritas Slov\u00e9nie et le Minist\u00e8re slov\u00e8ne des Affaires \u00e9trang\u00e8res et sera mis en \u0153uvre par Caritas Nyundo\/Kibuye sous la coordination de Caritas Rwanda.<\/p>\n<p>Tubeho Neza Aheza vise \u00e0 relever les d\u00e9fis li\u00e9s \u00e0 l&#8217;acc\u00e8s aux ressources naturelles et financi\u00e8res et \u00e0 r\u00e9duire les in\u00e9galit\u00e9s entre les sexes et la violence bas\u00e9e sur le genre (VBG), en mettant l&#8217;accent sur les femmes et les filles dans 1.595 m\u00e9nages pauvres des secteurs de Rugabano, Gashari, Rwankuba et Mutuntu.<\/p>\n<p>L&#8217;\u00e9v\u00e9nement a commenc\u00e9 par une br\u00e8ve pri\u00e8re dirig\u00e9e par Monsieur l\u2019Abb\u00e9 Elie Hatangimbabazi, directeur de la Caritas Nyundo\/Kibuye, qui a \u00e9galement prononc\u00e9 un discours de bienvenue. Apr\u00e8s la pri\u00e8re, une pr\u00e9sentation du nouveau projet d\u00e9crivant les principales activit\u00e9s qui seront mises en \u0153uvre dans le cadre de six r\u00e9sultats principaux a \u00e9t\u00e9 faite. Il s\u2019agit de:<\/p>\n<ol>\n<li>Am\u00e9liorer les pratiques agricoles durables et r\u00e9silientes au climat pour augmenter la production d&#8217;aliments riches en nutriments pour les personnes les plus vuln\u00e9rables;<\/li>\n<li>Sensibiliser \u00e0 la protection de l&#8217;environnement et offrir un meilleur acc\u00e8s aux \u00e9quipements et aux mat\u00e9riaux qui favorisent l&#8217;utilisation durable des ressources naturelles, r\u00e9duisant ainsi les \u00e9missions de gaz \u00e0 effet de serre;<\/li>\n<li>Utiliser et surveiller efficacement les ressources en eau disponibles, am\u00e9liorer l&#8217;approvisionnement en eau potable, l&#8217;assainissement, l&#8217;hygi\u00e8ne et l&#8217;irrigation des champs;<\/li>\n<li>Renforcer les capacit\u00e9s et les comp\u00e9tences des personnes vuln\u00e9rables et des autorit\u00e9s en les rendant capables d\u2019utiliser et surveiller efficacement les ressources naturelles pour g\u00e9n\u00e9rer des revenus;<\/li>\n<li>Fournir aux adultes et aux jeunes vuln\u00e9rables, en particulier aux femmes et aux filles, un meilleur acc\u00e8s aux ressources financi\u00e8res pour contribuer au budget familial;<\/li>\n<li>Am\u00e9liorer les connaissances et la r\u00e9ponse \u00e0 la violence bas\u00e9e sur le genre et aux autres formes de violence, ainsi que r\u00e9soudre les conflits par la communication non violente.<\/li>\n<\/ol>\n<p>Apr\u00e8s la pr\u00e9sentation d\u00e9taillant l&#8217;objectif du projet visant \u00e0 donner aux personnes et les communaut\u00e9s vuln\u00e9rables les moyens d&#8217;atteindre l&#8217;autosuffisance, la conscience environnementale et la r\u00e9silience face aux d\u00e9fis, une discussion a \u00e9t\u00e9 ouverte pour plus de pr\u00e9cisions et de conseils.<\/p>\n<p>Au cours de cet \u00e9v\u00e9nement, Madame la vice-maire Umuhoza Pascasie a exprim\u00e9 sa reconnaissance pour la contribution escompt\u00e9e du projet \u00e0 l&#8217;am\u00e9lioration de la vie des b\u00e9n\u00e9ficiaires gr\u00e2ce \u00e0 ses activit\u00e9s pr\u00e9vues. Elle a exprim\u00e9 sa gratitude au Minist\u00e8re des Affaires \u00e9trang\u00e8res de Slov\u00e9nie, \u00e0 Caritas Slov\u00e9nie, \u00e0 Caritas Rwanda et \u00e0 Caritas Nyundo\/Kibuye pour leurs contributions pass\u00e9es, qui ont consid\u00e9rablement am\u00e9lior\u00e9 la vie des populations du district de Karongi. Elle a \u00e9galement promis leur collaboration continue tout au long de la mise en \u0153uvre de ce projet.<\/p>\n<figure id=\"attachment_15169\" aria-describedby=\"caption-attachment-15169\" style=\"width: 570px\" class=\"wp-caption aligncenter\"><img loading=\"lazy\" decoding=\"async\" class=\"size-medium wp-image-15169\" src=\"https:\/\/caritasrwanda.org\/fr\/wp-content\/uploads\/2024\/07\/WhatsApp-Image-2024-07-05-at-13.09.35-4-570x430.jpeg\" alt=\"\" width=\"570\" height=\"430\" \/><figcaption id=\"caption-attachment-15169\" class=\"wp-caption-text\">Pascasie Umuhoza, Madame la vice-maire du district de Karongi des charg\u00e9e des affaires sociales, a inaugur\u00e9 le projet Tubeho Neza Aheza.<\/figcaption><\/figure>\n<p>L&#8217;\u00e9v\u00e9nement a r\u00e9uni diverses personnalit\u00e9s cl\u00e9s, dont l&#8217;agronome du district, des repr\u00e9sentants de quatre secteurs (Rugabano, Gashari, Mutuntu et Rwankuba), des cur\u00e9s des paroisses de Birambo, Mubuga, Nyange, Mukungu et Gisovu, ainsi que des repr\u00e9sentants des S\u0153urs Fille de la Charit\u00e9, dont une est originaire de Slov\u00e9nie.<\/p>\n<p>\u00c9taient \u00e9galement presents, le directeur de Caritas Nyundo\/Kibuye (Monsieur l\u2019Abb\u00e9 Elie Hatangimbabazi), le coordinateur du d\u00e9partement de d\u00e9veloppement de Caritas Nyundo Kibuye, le responsable de l&#8217;\u00e9galit\u00e9 des genres et de l&#8217;inclusion sociale et les membres du personnel du projet Tubeho Neza Aheza.<\/p>\n","protected":false},"excerpt":{"rendered":"<p>On the 3rd of June, the steering committee meeting of the Slovenia Government and Karitas Slovenija-funded Tube Aheza, Amazi Hafi Project was held at Home Saint-Jean. The meeting was graced by the Karongi district Vice Mayor in charge of Finance and Economic Development Mr NIRAGIRE Th\u00e9ophile, Mr NIYONSABA Cyriack, the Executive Secretary of the Rugabano sector and priests from the Gisovu, Nyange and Mukungu parishes located in the sectors<\/p>\n","protected":false},"author":1,"featured_media":15168,"comment_status":"open","ping_status":"open","sticky":false,"template":"","format":"standard","meta":{"footnotes":""},"categories":[30],"tags":[7,10],"class_list":["post-15167","post","type-post","status-publish","format-standard","has-post-thumbnail","hentry","category-news","tag-business","tag-travel"],"_links":{"self":[{"href":"https:\/\/caritasrwanda.org\/fr\/wp-json\/wp\/v2\/posts\/15167","targetHints":{"allow":["GET"]}}],"collection":[{"href":"https:\/\/caritasrwanda.org\/fr\/wp-json\/wp\/v2\/posts"}],"about":[{"href":"https:\/\/caritasrwanda.org\/fr\/wp-json\/wp\/v2\/types\/post"}],"author":[{"embeddable":true,"href":"https:\/\/caritasrwanda.org\/fr\/wp-json\/wp\/v2\/users\/1"}],"replies":[{"embeddable":true,"href":"https:\/\/caritasrwanda.org\/fr\/wp-json\/wp\/v2\/comments?post=15167"}],"version-history":[{"count":3,"href":"https:\/\/caritasrwanda.org\/fr\/wp-json\/wp\/v2\/posts\/15167\/revisions"}],"predecessor-version":[{"id":15177,"href":"https:\/\/caritasrwanda.org\/fr\/wp-json\/wp\/v2\/posts\/15167\/revisions\/15177"}],"wp:featuredmedia":[{"embeddable":true,"href":"https:\/\/caritasrwanda.org\/fr\/wp-json\/wp\/v2\/media\/15168"}],"wp:attachment":[{"href":"https:\/\/caritasrwanda.org\/fr\/wp-json\/wp\/v2\/media?parent=15167"}],"wp:term":[{"taxonomy":"category","embeddable":true,"href":"https:\/\/caritasrwanda.org\/fr\/wp-json\/wp\/v2\/categories?post=15167"},{"taxonomy":"post_tag","embeddable":true,"href":"https:\/\/caritasrwanda.org\/fr\/wp-json\/wp\/v2\/tags?post=15167"}],"curies":[{"name":"wp","href":"https:\/\/api.w.org\/{rel}","templated":true}]}}