{"id":15157,"date":"2024-07-02T18:30:46","date_gmt":"2024-07-02T18:30:46","guid":{"rendered":"https:\/\/caritasrwanda.org\/fr\/?p=15157"},"modified":"2024-07-06T11:27:04","modified_gmt":"2024-07-06T11:27:04","slug":"reunion-de-coordination-medicale-des-services-de-sante-de-leglise-catholique-au-niveau-national","status":"publish","type":"post","link":"https:\/\/caritasrwanda.org\/fr\/reunion-de-coordination-medicale-des-services-de-sante-de-leglise-catholique-au-niveau-national\/","title":{"rendered":"R\u00e9union de Coordination M\u00e9dicale des Services de Sant\u00e9 de l&#8217;\u00c9glise Catholique au niveau national"},"content":{"rendered":"<p>Du 19 au 21 juin 2024, \u00e0 Karongi, s\u2019est tenue une R\u00e9union de Coordination M\u00e9dicale des Services de Sant\u00e9 de l&#8217;\u00c9glise Catholique au niveau national, qui avait pour objectif principal d\u2019\u00e9valuer la mise en \u0153uvre du plan strat\u00e9gique de Caritas Rwanda 2020-2024\/D\u00e9partment sant\u00e9, et la collecte d&#8217;id\u00e9es qui seront la base d\u00e9v\u00e9lopper un nouveau plan strat\u00e9gique 2025-2030.<\/p>\n<p>Cette r\u00e9union visait \u00e9galement \u00e0 \u00e9xaminer la mise en \u0153uvre des recommandations de l&#8217;Assembl\u00e9e G\u00e9n\u00e9rale 2023 de la Caritas Rwanda pour le D\u00e9partement de la Sant\u00e9, \u00e0 partager les r\u00e9alisations des projets de sant\u00e9 communautaires, et \u00e0 \u00e9changer les id\u00e9es sur la collaboration entre la Commission Episcopale pour la pastorale de la sant\u00e9 et les services de sant\u00e9 de l&#8217;\u00c9glise Catholique.<\/p>\n<p>Dans son allocution de l&#8217;ouverture officielle de cette r\u00e9union, Son Excellence Monseigneur Anaclet Mwumvaneza, Ev\u00eaque du Dioc\u00e8se Catholique de Nyundo et Pr\u00e9sident de la Caritas Rwanda, a d\u00e9clar\u00e9 que gr\u00e2ce \u00e0 la coop\u00e9ration avec le Gouvernement du Rwanda, l&#8217;\u00c9glise Catholique contribue \u00e0 l&#8217;am\u00e9lioration de la bonne sant\u00e9 des citoyens gr\u00e2ce \u00e0 ses 10 h\u00f4pitaux et 110 centres de sant\u00e9. C&#8217;est dans ce contexte que l&#8217;\u00c9glise a un accord de coop\u00e9ration avec le Minist\u00e8re de la Sant\u00e9. S.E. Mgr Anaclet a \u00e9galement rappel\u00e9 que: <em>\u201cLa mission de l&#8217;\u00c9glise dans ses \u00e9tablissements sanitaires est bas\u00e9e sur la promotion de la sant\u00e9 humaine sans discrimination\u201d<\/em>.<\/p>\n<figure id=\"attachment_15159\" aria-describedby=\"caption-attachment-15159\" style=\"width: 570px\" class=\"wp-caption aligncenter\"><img loading=\"lazy\" decoding=\"async\" class=\"size-medium wp-image-15159\" src=\"https:\/\/caritasrwanda.org\/fr\/wp-content\/uploads\/2024\/07\/162A5449-570x430.jpg\" alt=\"\" width=\"570\" height=\"430\" \/><figcaption id=\"caption-attachment-15159\" class=\"wp-caption-text\">Son Excellence Monseigneur Anaclet Mwumvaneza, Ev\u00eaque du Dioc\u00e8se Catholique de Nyundo et Pr\u00e9sident de la Caritas Rwanda, a inaugur\u00e9 la r\u00e9union.<\/figcaption><\/figure>\n<p>Quant \u00e0 Monsieur Donatien Bajyanama qui repr\u00e9sentait le Minist\u00e8re de la Sant\u00e9, dans son discours, a d\u00e9clar\u00e9 que cette r\u00e9union a \u00e9t\u00e9 organis\u00e9e \u00e0 un moment propice \u00a0\u00e9tant donn\u00e9 que justement c\u2019est dans ce \u00a0mois de juin 2024 que le Gouvernement va cl\u00f4turer le quatri\u00e8me plan strat\u00e9gique du secteur de la sant\u00e9 (HSSB4) et la strat\u00e9gie nationale d&#8217;acc\u00e9l\u00e9ration du d\u00e9veloppement dans sa premi\u00e8re phase (NST1), pour ensuite en commencer les nouveaux, o\u00f9 les activit\u00e9s non-realis\u00e9es seront prioritis\u00e9es.<\/p>\n<p>Monsieur Bajyanama a \u00e9galement inform\u00e9 les participants \u00e0 la r\u00e9union qu&#8217;une prime serait accord\u00e9e au personnel travaillant dans les zones les plus \u00e9loign\u00e9es pour leur motivation. <em>\u201cDans peu de temps, le montant de ces primes sera communiqu\u00e9 aux centres de sant\u00e9 qui se trouvent dans les zones \u00e9loign\u00e9es. Concernant les vieux b\u00e2timents, nous continuerons \u00e0 coop\u00e9rer pour qu&#8217;ils puissent \u00eatre r\u00e9nov\u00e9s\u201d<\/em>, a-t-il ajout\u00e9. Il a recommand\u00e9 \u00e0 l&#8217;\u00c9glise de conserver toujours des projets de r\u00e9novation pour les b\u00e2timents anciens afin qu&#8217;ils puissent \u00eatre r\u00e9nov\u00e9s si le Gouvernement trouve les fonds.<\/p>\n<p>Sur le point concernant la collaboration entre la Commission Episcopale <span style=\"text-decoration: line-through;\">de<\/span> pour la pastorale de la sant\u00e9 et les services de sant\u00e9 de l&#8217;\u00c9glise Catholique, Monsieur l\u2019Abb\u00e9 Senani Callixte, le secr\u00e9taire de cette commission, a rappel\u00e9 que et les patients, et les familles des patients ainsi que le personnel m\u00e9dical, ont besoin d&#8217;un soutien spirituel et moral. Au cours de cette discussion, il f\u00fbt d\u00e9cid\u00e9 que dans tous les h\u00f4pitaux et centres de sant\u00e9 de l&#8217;\u00c9glise Catholique y ait des chapelles; et que ceux qui n\u2019en ont pas encore, devraient disponibiliser une pi\u00e8ce qui doit servir comme une place de pri\u00e8re pour les gens qui sont \u00e0 l\u2019h\u00f4pital ou le centre de sant\u00e9.<\/p>\n<p>En ce qui concerne les membres des commissions de sant\u00e9 dans les zones des h\u00f4pitaux de l\u2019Eglise Catholique, ceux qui participaient \u00e0 la r\u00e9union se sont convenu que les membres en provenance de l&#8217;\u00c9glise soient 50% et que ceux de l&#8217;ext\u00e9rieur soient 50% (ce qui n\u2019\u00e9tait pas le cas: 40% contre 60%). Bien que dans sa pr\u00e9sentation Monsieur Donatien Bajyanama avait dit que le repr\u00e9sentant du propri\u00e9taire de l&#8217;h\u00f4pital ne figure plus dans le comit\u00e9 de gestion de l&#8217;h\u00f4pital en raison de la crainte qu&#8217;il revienne au comit\u00e9 sup\u00e9rieur, les participants ont demand\u00e9 qu&#8217;il soit r\u00e9int\u00e9gr\u00e9, et qu\u2019il, soit pr\u00e9cis\u00e9 que c\u2019est l\u2019aum\u00f4nier qui prendra cette place (chaplain).<\/p>\n<figure id=\"attachment_15160\" aria-describedby=\"caption-attachment-15160\" style=\"width: 570px\" class=\"wp-caption aligncenter\"><img loading=\"lazy\" decoding=\"async\" class=\"size-medium wp-image-15160\" src=\"https:\/\/caritasrwanda.org\/fr\/wp-content\/uploads\/2024\/07\/162A5533-570x430.jpg\" alt=\"\" width=\"570\" height=\"430\" \/><figcaption id=\"caption-attachment-15160\" class=\"wp-caption-text\">Monsieur Donatien Bajyanama qui repr\u00e9sentait le Minist\u00e8re de la Sant\u00e9 dans la r\u00e9union.<\/figcaption><\/figure>\n<p>Quant aux \u00e9ducatrices familiales, cette r\u00e9union a conclu qu&#8217;au niveau paroissial, elles seront s\u00e9lectionn\u00e9es en fonction de la volont\u00e9 qu\u2019elles auront manifest\u00e9 pour cette responsabilit\u00e9, puis elles seront form\u00e9es.<\/p>\n<p>Au cours de cette r\u00e9union il a \u00e9t\u00e9 \u00e9galement l\u2019occasion d\u2019examiner les recommendations de l&#8217;Assembl\u00e9e G\u00e9n\u00e9rale 2023 de Caritas Rwanda, o\u00f9 il a \u00e9t\u00e9 constat\u00e9 qu&#8217;elles sont en train d\u2019\u00eatre mises en \u0153uvre comme il faut. Ce f\u00fbt alors l\u2019occasion de r\u00e9fl\u00e9chir sur les points qui seront la base d\u2019un nouveau plan strat\u00e9gique de la Caritas Rwanda 2025-2030.<\/p>\n<p>Les repr\u00e9sentants du Conseil de s\u00e9curit\u00e9 Sociale du Rwanda (RSSB) ont fait une pr\u00e9sentation sur les r\u00e9formes relatives \u00e0 la r\u00e9ception et au paiement des factures de la mutuelle de sant\u00e9. Les participants ont montr\u00e9 qu&#8217;ils avaient besoin de ces informations en posant de nombreuses questions, ce qui leur a fait comprendre que les paiements tardent parce que les documents ne remplissent pas des conditions requises.<\/p>\n<figure id=\"attachment_15161\" aria-describedby=\"caption-attachment-15161\" style=\"width: 570px\" class=\"wp-caption aligncenter\"><img loading=\"lazy\" decoding=\"async\" class=\"size-medium wp-image-15161\" src=\"https:\/\/caritasrwanda.org\/fr\/wp-content\/uploads\/2024\/07\/162A5478-570x430.jpg\" alt=\"\" width=\"570\" height=\"430\" \/><figcaption id=\"caption-attachment-15161\" class=\"wp-caption-text\">Les participants durant la r\u00e9union.<\/figcaption><\/figure>\n<p>Lors de cette conf\u00e9rence, il y a eu \u00e9galement des pr\u00e9sentations sur les r\u00e9alisations de diff\u00e9rents projets de sant\u00e9 communautaire, ainsi qu\u2019une br\u00e8ve formation sur la protection des donn\u00e9es.<\/p>\n","protected":false},"excerpt":{"rendered":"<p>On the 3rd of June, the steering committee meeting of the Slovenia Government and Karitas Slovenija-funded Tube Aheza, Amazi Hafi Project was held at Home Saint-Jean. The meeting was graced by the Karongi district Vice Mayor in charge of Finance and Economic Development Mr NIRAGIRE Th\u00e9ophile, Mr NIYONSABA Cyriack, the Executive Secretary of the Rugabano sector and priests from the Gisovu, Nyange and Mukungu parishes located in the sectors<\/p>\n","protected":false},"author":1,"featured_media":15158,"comment_status":"open","ping_status":"open","sticky":false,"template":"","format":"standard","meta":{"footnotes":""},"categories":[30],"tags":[7,10],"class_list":["post-15157","post","type-post","status-publish","format-standard","has-post-thumbnail","hentry","category-news","tag-business","tag-travel"],"_links":{"self":[{"href":"https:\/\/caritasrwanda.org\/fr\/wp-json\/wp\/v2\/posts\/15157","targetHints":{"allow":["GET"]}}],"collection":[{"href":"https:\/\/caritasrwanda.org\/fr\/wp-json\/wp\/v2\/posts"}],"about":[{"href":"https:\/\/caritasrwanda.org\/fr\/wp-json\/wp\/v2\/types\/post"}],"author":[{"embeddable":true,"href":"https:\/\/caritasrwanda.org\/fr\/wp-json\/wp\/v2\/users\/1"}],"replies":[{"embeddable":true,"href":"https:\/\/caritasrwanda.org\/fr\/wp-json\/wp\/v2\/comments?post=15157"}],"version-history":[{"count":1,"href":"https:\/\/caritasrwanda.org\/fr\/wp-json\/wp\/v2\/posts\/15157\/revisions"}],"predecessor-version":[{"id":15162,"href":"https:\/\/caritasrwanda.org\/fr\/wp-json\/wp\/v2\/posts\/15157\/revisions\/15162"}],"wp:featuredmedia":[{"embeddable":true,"href":"https:\/\/caritasrwanda.org\/fr\/wp-json\/wp\/v2\/media\/15158"}],"wp:attachment":[{"href":"https:\/\/caritasrwanda.org\/fr\/wp-json\/wp\/v2\/media?parent=15157"}],"wp:term":[{"taxonomy":"category","embeddable":true,"href":"https:\/\/caritasrwanda.org\/fr\/wp-json\/wp\/v2\/categories?post=15157"},{"taxonomy":"post_tag","embeddable":true,"href":"https:\/\/caritasrwanda.org\/fr\/wp-json\/wp\/v2\/tags?post=15157"}],"curies":[{"name":"wp","href":"https:\/\/api.w.org\/{rel}","templated":true}]}}