{"id":15152,"date":"2024-06-05T08:50:44","date_gmt":"2024-06-05T08:50:44","guid":{"rendered":"https:\/\/caritasrwanda.org\/fr\/?p=15152"},"modified":"2024-06-24T08:31:26","modified_gmt":"2024-06-24T08:31:26","slug":"karongi-les-leaders-religieux-les-autorites-locales-et-les-employes-des-etablissements-de-sante-de-leglise-catholiques-ont-ete-formes-sur-le-vih-pediatrique","status":"publish","type":"post","link":"https:\/\/caritasrwanda.org\/fr\/karongi-les-leaders-religieux-les-autorites-locales-et-les-employes-des-etablissements-de-sante-de-leglise-catholiques-ont-ete-formes-sur-le-vih-pediatrique\/","title":{"rendered":"Karongi: Les leaders religieux, les autorit\u00e9s locales et les employ\u00e9s des \u00e9tablissements de sant\u00e9 de l\u2019Eglise Catholiques ont \u00e9t\u00e9 form\u00e9s sur le VIH p\u00e9diatrique"},"content":{"rendered":"<p>Afin d&#8217;am\u00e9liorer l&#8217;identification, mettre sous traitement, la prise en charge et la suppression de la charge virale chez les enfants, les sages-femmes et le personnel responsable d\u2019accompagnement psychologique et du d\u00e9pistage volontaire du VIH dans les \u00e9tablissements de sant\u00e9 catholiques du district de Karongi, ont suivi une formation de deux jours sur le VIH p\u00e9diatrique, organis\u00e9e par Caritas Rwanda \u00e0 travers son projet Faith Initiative du 30 au 31 mai 2024. Le district de Karongi a \u00e9t\u00e9 choisi pour son taux \u00e9lev\u00e9 de positivit\u00e9 au d\u00e9pistage du VIH, compris entre 2,84 % et 3,66 %<a href=\"#_ftn1\" name=\"_ftnref1\">[1]<\/a> (source : HIMS juillet 2022-juin 2023).<\/p>\n<p>Cette formation a \u00e9t\u00e9 organis\u00e9e dans le cadre du projet Faith Initiative finance par Caritas Internationalis \u00e0 travers PEPFAR. Elle s\u2019est tenu \u00e0 l\u2019H\u00f4tel Home Saint Jean et portait sur les trois th\u00e9matiques suivantes:<\/p>\n<ol>\n<li>Sensibilisation contre la stigmatisation et la discrimination;<\/li>\n<li>Pr\u00e9vention de la transmission du VIH de la m\u00e8re \u00e0 l&#8217;enfant;<\/li>\n<li>Renforcement du d\u00e9pistage, des soins et de l&#8217;orientation vers le traitement.<\/li>\n<\/ol>\n<p>Apr\u00e8s la formation, les professionnels de sant\u00e9 ont \u00e9t\u00e9 invit\u00e9s \u00e0 promouvoir un diagnostic pr\u00e9coce, \u00e0 mettre sous traitement ceux dont les tests sont positifs, \u00e0 fournir un soutien \u00e0 l\u2019observance, \u00e0 renforcer les syst\u00e8mes de sant\u00e9, \u00e0 favoriser l\u2019engagement communautaire et \u00e0 respecter un engagement politique, en particulier dans les \u00e9tablissements de sant\u00e9 et lors de divers rassemblements communautaires (Inteko z\u2019abaturage), de r\u00e9unions de parents (Umugoroba w\u2019ababyeyi), etc. Ils m\u00e8neront \u00e9galement des campagnes de sensibilisation cibl\u00e9es comprenant des tests volontaires du VIH et des visites \u00e0 domicile, en mettant l\u2019accent sur l\u2019encouragement des hommes \u00e0 soutenir leur partenaires lors des huit visites de soins pr\u00e9natals.<\/p>\n<figure id=\"attachment_15153\" aria-describedby=\"caption-attachment-15153\" style=\"width: 570px\" class=\"wp-caption aligncenter\"><img loading=\"lazy\" decoding=\"async\" class=\"size-medium wp-image-15153\" src=\"https:\/\/caritasrwanda.org\/fr\/wp-content\/uploads\/2024\/06\/162A5222-570x430.jpg\" alt=\"\" width=\"570\" height=\"430\" \/><figcaption id=\"caption-attachment-15153\" class=\"wp-caption-text\">Les professionels de la sant\u00e9 en groupes, en train d&#8217;\u00e9laborer le calendrier des descentes sur terrain.<\/figcaption><\/figure>\n<p>En plus, les leaders religieux du district de Karongi ont suivi une formation sur le VIH p\u00e9diatrique et l&#8217;application mobile CaritasCare du 23 au 25 avril 2024. Cette formation visait \u00e0 les \u00e9quiper pour sensibiliser contre la stigmatisation et la discrimination li\u00e9es au VIH, collecter et signaler des donn\u00e9es \u00e0 l&#8217;aide de l&#8217;application mobile CaritasCare, identifier les enfants non diagnostiqu\u00e9s au niveau communautaire et faciliter leur d\u00e9pistage et leur traitement dans les \u00e9tablissements de sant\u00e9 dans le cadre de leurs responsabilit\u00e9s quotidiennes.<\/p>\n<p>Par ailleurs, le 23 mai 2024, l\u2019\u00e9quipe du d\u00e9partement de la sant\u00e9 de Caritas Rwanda s\u2019est entretenue avec les autorit\u00e9s locales du district de Karongi pour souligner leur r\u00f4le essentiel et leur contribution dans l\u2019augmentation du d\u00e9pistage des enfants vivant avec le VIH et leur r\u00f4le de les connecter avec les \u00e9tablissements de sant\u00e9 pour le traitement. Cet effort de collaboration implique \u00e9galement une coop\u00e9ration \u00e9troite avec les leaders religieux et les professionnels de la sant\u00e9 dans ce cadre.<\/p>\n<p>Le projet Faith Initiative est mis en oeuvre dans quatre pays \u00e0 savoir le Nigeria, la C\u00f4te d&#8217;Ivoire, la R\u00e9publique d\u00e9mocratique du Congo et le Rwanda.<\/p>\n<p>&nbsp;<\/p>\n<p><a href=\"https:\/\/www.rbc.gov.rw\/fileadmin\/user_upload\/report23\/HIV%20Annual%20report%202022%20-2023.pdf\">https:\/\/www.rbc.gov.rw\/fileadmin\/user_upload\/report23\/HIV%20Annual%20report%202022%20-2023.pdf<\/a> \u2013 page 13<\/p>\n","protected":false},"excerpt":{"rendered":"<p>On the 3rd of June, the steering committee meeting of the Slovenia Government and Karitas Slovenija-funded Tube Aheza, Amazi Hafi Project was held at Home Saint-Jean. The meeting was graced by the Karongi district Vice Mayor in charge of Finance and Economic Development Mr NIRAGIRE Th\u00e9ophile, Mr NIYONSABA Cyriack, the Executive Secretary of the Rugabano sector and priests from the Gisovu, Nyange and Mukungu parishes located in the sectors<\/p>\n","protected":false},"author":1,"featured_media":15154,"comment_status":"open","ping_status":"open","sticky":false,"template":"","format":"standard","meta":{"footnotes":""},"categories":[30],"tags":[7,10],"class_list":["post-15152","post","type-post","status-publish","format-standard","has-post-thumbnail","hentry","category-news","tag-business","tag-travel"],"_links":{"self":[{"href":"https:\/\/caritasrwanda.org\/fr\/wp-json\/wp\/v2\/posts\/15152","targetHints":{"allow":["GET"]}}],"collection":[{"href":"https:\/\/caritasrwanda.org\/fr\/wp-json\/wp\/v2\/posts"}],"about":[{"href":"https:\/\/caritasrwanda.org\/fr\/wp-json\/wp\/v2\/types\/post"}],"author":[{"embeddable":true,"href":"https:\/\/caritasrwanda.org\/fr\/wp-json\/wp\/v2\/users\/1"}],"replies":[{"embeddable":true,"href":"https:\/\/caritasrwanda.org\/fr\/wp-json\/wp\/v2\/comments?post=15152"}],"version-history":[{"count":1,"href":"https:\/\/caritasrwanda.org\/fr\/wp-json\/wp\/v2\/posts\/15152\/revisions"}],"predecessor-version":[{"id":15155,"href":"https:\/\/caritasrwanda.org\/fr\/wp-json\/wp\/v2\/posts\/15152\/revisions\/15155"}],"wp:featuredmedia":[{"embeddable":true,"href":"https:\/\/caritasrwanda.org\/fr\/wp-json\/wp\/v2\/media\/15154"}],"wp:attachment":[{"href":"https:\/\/caritasrwanda.org\/fr\/wp-json\/wp\/v2\/media?parent=15152"}],"wp:term":[{"taxonomy":"category","embeddable":true,"href":"https:\/\/caritasrwanda.org\/fr\/wp-json\/wp\/v2\/categories?post=15152"},{"taxonomy":"post_tag","embeddable":true,"href":"https:\/\/caritasrwanda.org\/fr\/wp-json\/wp\/v2\/tags?post=15152"}],"curies":[{"name":"wp","href":"https:\/\/api.w.org\/{rel}","templated":true}]}}