{"id":15146,"date":"2024-06-14T10:43:10","date_gmt":"2024-06-14T10:43:10","guid":{"rendered":"https:\/\/caritasrwanda.org\/fr\/?p=15146"},"modified":"2024-06-14T10:43:10","modified_gmt":"2024-06-14T10:43:10","slug":"mahama-les-groupes-depargne-assistes-par-le-projet-de-graduation-ont-partage-plus-de-285-millions-frw-epargnes-pendant-un-an","status":"publish","type":"post","link":"https:\/\/caritasrwanda.org\/fr\/mahama-les-groupes-depargne-assistes-par-le-projet-de-graduation-ont-partage-plus-de-285-millions-frw-epargnes-pendant-un-an\/","title":{"rendered":"Mahama: Les groupes d&#8217;\u00e9pargne assist\u00e9s par le Projet de Graduation ont partag\u00e9 plus de 285 millions Frw epargn\u00e9s pendant un an"},"content":{"rendered":"<p>Apr\u00e8s une ann\u00e9e \u00e9pargn\u00e9, 48 groupes d&#8217;\u00e9pargne et de cr\u00e9dit compos\u00e9s de 944 b\u00e9n\u00e9ficiaires du Projet de Graduation de Caritas Rwanda, financ\u00e9 par le Haut Commissariat des Refugi\u00e9s (HCR) ont partag\u00e9 285.519.800 Frw le 5 juin 2024. C\u2019est un montant comprends une \u00e9pargne de 225.149.230 Frw et des int\u00e9r\u00eats sur les pr\u00eats internes de 60.370.570 Frw. Ces groupes ont \u00e9galement commenc\u00e9 une d\u00e9marche visant \u00e0 devenir des coop\u00e9ratives, dans un le but d\u2019\u00eatre autonomes.<\/p>\n<p>L&#8217;un des b\u00e9n\u00e9ficiaires qui a partag\u00e9 son t\u00e9moignage pendant la c\u00e9r\u00e9monie, Azabe Sosth\u00e8ne, a d\u00e9clar\u00e9 qu&#8217;avant d&#8217;\u00eatre identifi\u00e9 par le Projet de Graduation, lui et sa famille vivaient dans une pauvr\u00e9t\u00e9 extr\u00eame, de sorte qu&#8217;il f\u00fbt un temps o\u00f9 il a quitt\u00e9 le camp pour aller chercher un emploi d\u2019aide-ma\u00e7on dans le district de Bugesera, o\u00f9 il a travaill\u00e9 pendant deux mois. Pendant cette p\u00e9riode, il a perdu 10 kg. Mais apr\u00e8s avoir \u00e9t\u00e9 form\u00e9 et re\u00e7u une aide financi\u00e8re de la part du Projet de Graduation, sa vie a positivement chang\u00e9. <em>\u201cAlors, j&#8217;ai investi les 800.000 Frw re\u00e7u dans la vente du miel, de s\u00e9sames, d&#8217;huile d&#8217;olive, etc. Je les ach\u00e8te \u00e0 Kigali pour les revendre ici. Derni\u00e8rement, nous avons cl\u00f4tur\u00e9 l\u2019ann\u00e9e d\u2019\u00e9pargne, et j&#8217;ai constat\u00e9 que j&#8217;avais \u00e9conomis\u00e9 600.000 Frw, qui ont g\u00e9n\u00e9r\u00e9 un profit de 185.000 Frw\u201d<\/em>, a dit Sosth\u00e8ne avec un sourire.<\/p>\n<figure id=\"attachment_15148\" aria-describedby=\"caption-attachment-15148\" style=\"width: 570px\" class=\"wp-caption aligncenter\"><img loading=\"lazy\" decoding=\"async\" class=\"size-medium wp-image-15148\" src=\"https:\/\/caritasrwanda.org\/fr\/wp-content\/uploads\/2024\/06\/162A5366-570x430.jpg\" alt=\"\" width=\"570\" height=\"430\" \/><figcaption id=\"caption-attachment-15148\" class=\"wp-caption-text\">Sosth\u00e8ne Azabe, l&#8217;un des b\u00e9n\u00e9ficiaires du Projet de Graduation, a investi l&#8217;aide financi\u00e8re re\u00e7ue dans la vente de miel, de s\u00e9same et d&#8217;huile d&#8217;Olive.<\/figcaption><\/figure>\n<p>Quant \u00e0 Solange Umukiza, une des b\u00e9n\u00e9ficiaires du Projet de Graduation et membre de la communaut\u00e9 d\u2019accueil du camp de Mahama, a dit que m\u00eame si elle a fait des \u00e9tudes v\u00e9t\u00e9rinaires au S\u00e9condaire, elle a longtemps \u00e9t\u00e9 au ch\u00f4mage et quand elle a trouv\u00e9 de l\u2019emploi, il n\u2019etait pas tr\u00e8s payant pour subvenir aux besoins de sa famille. Apr\u00e8s avoir re\u00e7u l\u2019aide financi\u00e8re et les diff\u00e9rentes formations de la part du Projet de Graduation, Solange a ouvert une pharmacie v\u00e9t\u00e9rinaire. Pour cette ann\u00e9e, elle a \u00e9conomis\u00e9 655.500 Frw et sa pharmacie est prosp\u00e8re comme elle l\u2019a affirm\u00e9. Dans son groupe d\u2019\u00e9pargne, elle et les 19 autres membres de son groupe d\u2019\u00e9pargne ont form\u00e9 une coop\u00e9rative de culture de ma\u00efs et ont deja depos\u00e9 510.000 Frw sur leur compte bancaire.<\/p>\n<p>A cette occasion, il a \u00e9t\u00e9 rappel\u00e9 aux membres de ces groupes que le mod\u00e8le utilis\u00e9 par le Projet de Graduation a une dur\u00e9e de trois ans, pendant laquelle le projet forme le b\u00e9n\u00e9ficiaire, lui apporte un soutien financier et continue de lui donner des conseils sur son activit\u00e9 g\u00e9n\u00e9ratrice de revenu ainsi qu\u2019aux groupes d\u2019\u00e9pargne et de pr\u00eats internes. \u00a0Dans son discours, Samuel Bigirimana, le fonctionnaire du HCR charg\u00e9 de la protection des r\u00e9fugi\u00e9s dans le camp de r\u00e9fugi\u00e9s de Mahama, a dit: <em>\u201cAu bout de trois ans, vous ne demandez plus d\u2019aide financi\u00e8re. Vous ne vous demandez plus de quoi vous allez vivre, vous ne posez plus des questions comme: quoi d\u2019autre vous allez me donner? Au lieu de cela, en trois ans, nous esp\u00e9rons une personne qui a cr\u00e9\u00e9 un emploi, gagne bien sa vie et embauche les autres\u201d<\/em>.<\/p>\n<p>Mukandayisenga Janvi\u00e8re, la Vice-Maire du District de Kirehe charg\u00e9e des Affaires Sociale, a d\u00e9clar\u00e9 qu&#8217;il existe de nombreuses organisations non gouvernementales ou projets qui accordent aux b\u00e9n\u00e9ficiaires de l&#8217;aide financi\u00e8re ou d&#8217;autre sorte d\u2019aide pour les sortir de la pauvret\u00e9, mais qui ne font pas de suivi et \u00e9valuation. <em>\u201cNous remercions Caritas Rwanda \u00e0 travers son Projet de Graduation. Car en plus d\u2019aide financi\u00e8re que vous donnez aux b\u00e9n\u00e9ficiaires, vous cr\u00e9ez aussi des groupes d\u2019\u00e9pargne et de pr\u00eats internes. Si les gens n\u2019avaient pas form\u00e9 des groupes, nous n&#8217;aurions pas vu ces r\u00e9sultats\u201d<\/em>, a dit Madame la Vice-Maire.<\/p>\n<figure id=\"attachment_15149\" aria-describedby=\"caption-attachment-15149\" style=\"width: 570px\" class=\"wp-caption aligncenter\"><img loading=\"lazy\" decoding=\"async\" class=\"size-medium wp-image-15149\" src=\"https:\/\/caritasrwanda.org\/fr\/wp-content\/uploads\/2024\/06\/Mayor-2-570x430.jpg\" alt=\"\" width=\"570\" height=\"430\" \/><figcaption id=\"caption-attachment-15149\" class=\"wp-caption-text\">Janvi\u00e8re Mukandayisenga, Madame la Vice-Maire du District de Kirehe charg\u00e9e des Affaires Sociale, a remerci\u00e9 Caritas Rwanda pour le soutien financier et la mise sur pied des groupes d&#8217;\u00e9pargne et de pr\u00eats internes des b\u00e9n\u00e9ficiaires.<\/figcaption><\/figure>\n<p>Pour cl\u00f4turer l\u2019\u00e9v\u00e9nement, Abb\u00e9 Emmanuel Nteziryayo, le cur\u00e9 de la paroisse de Kiyanzi, a demand\u00e9 \u00e0 ceux qui ont particip\u00e9 dans cet \u00e9v\u00e9nement de travailler dur pour se d\u00e9veloper \u00e9conomiquement, mais de ne pas oublier de prier Dieu. <em>\u201cLes deux doivent aller de pair. Saint Beno\u00eet, le patriarche des moines, leur disait: priez et travaillez, car Dieu doit \u00eatre plac\u00e9 avant tout\u201d<\/em>, a soulign\u00e9 Abb\u00e9 Emmanuel Nteziryayo.<\/p>\n<p>Le groupe qui a \u00e9conomis\u00e9 plus est <em>Abadahigwa Saruhembe<\/em>, qui a partag\u00e9 11.64.800 Frw. Ce groupe est compos\u00e9 par Rwandais membres de la communaut\u00e9 d\u2019accueil du camp de Mahama. Le premier groupe dans le camp de Mahama est <em>Ejoheza Mahama V15<\/em>, qui a partag\u00e9 8.443.000 Frw. Le membre du groupe qui a \u00e9pargn\u00e9 plus que les autres est Etane Jean Bosco (un rwandais), qui a \u00e9conomis\u00e9 1.242.250 Frw pendant une ann\u00e9e et son commerce de vente de fruits est aussi florissant. La plus petite \u00e9pargne pour cette ann\u00e9e a \u00e9t\u00e9 180.000 Frw.<\/p>\n<p>C&#8217;est la deuxi\u00e8me ann\u00e9e que des groupes d\u2019\u00e9pargne et de pr\u00eats internes assist\u00e9s par le Projet de Graduation dans le camp de Mahama et de sa communaut\u00e9 d\u2019accueil ont partag\u00e9 leurs \u00e9pargnes. Certains sont dans leur deuxi\u00e8me ann\u00e9e d\u2019\u00e9pargne, tandis que pour les autres c\u2019est la premi\u00e8re ann\u00e9e. Les \u00e9conomies r\u00e9alis\u00e9es durant ces deux ann\u00e9es \u00e9quivalent \u00e0 395.000.000 Frw.<\/p>\n<p>Parmi les 944 membres des 48 groupes figurent 669 r\u00e9fugi\u00e9s Burundais et Congolais (r\u00e9partis en 36 groupes) et 287 Rwandais membres de la communaut\u00e9 d\u2019accueil (r\u00e9partis en 12 groupes).<\/p>\n","protected":false},"excerpt":{"rendered":"<p>On the 3rd of June, the steering committee meeting of the Slovenia Government and Karitas Slovenija-funded Tube Aheza, Amazi Hafi Project was held at Home Saint-Jean. The meeting was graced by the Karongi district Vice Mayor in charge of Finance and Economic Development Mr NIRAGIRE Th\u00e9ophile, Mr NIYONSABA Cyriack, the Executive Secretary of the Rugabano sector and priests from the Gisovu, Nyange and Mukungu parishes located in the sectors<\/p>\n","protected":false},"author":1,"featured_media":15139,"comment_status":"open","ping_status":"open","sticky":false,"template":"","format":"standard","meta":{"footnotes":""},"categories":[30],"tags":[7,10],"class_list":["post-15146","post","type-post","status-publish","format-standard","has-post-thumbnail","hentry","category-news","tag-business","tag-travel"],"_links":{"self":[{"href":"https:\/\/caritasrwanda.org\/fr\/wp-json\/wp\/v2\/posts\/15146","targetHints":{"allow":["GET"]}}],"collection":[{"href":"https:\/\/caritasrwanda.org\/fr\/wp-json\/wp\/v2\/posts"}],"about":[{"href":"https:\/\/caritasrwanda.org\/fr\/wp-json\/wp\/v2\/types\/post"}],"author":[{"embeddable":true,"href":"https:\/\/caritasrwanda.org\/fr\/wp-json\/wp\/v2\/users\/1"}],"replies":[{"embeddable":true,"href":"https:\/\/caritasrwanda.org\/fr\/wp-json\/wp\/v2\/comments?post=15146"}],"version-history":[{"count":1,"href":"https:\/\/caritasrwanda.org\/fr\/wp-json\/wp\/v2\/posts\/15146\/revisions"}],"predecessor-version":[{"id":15150,"href":"https:\/\/caritasrwanda.org\/fr\/wp-json\/wp\/v2\/posts\/15146\/revisions\/15150"}],"wp:featuredmedia":[{"embeddable":true,"href":"https:\/\/caritasrwanda.org\/fr\/wp-json\/wp\/v2\/media\/15139"}],"wp:attachment":[{"href":"https:\/\/caritasrwanda.org\/fr\/wp-json\/wp\/v2\/media?parent=15146"}],"wp:term":[{"taxonomy":"category","embeddable":true,"href":"https:\/\/caritasrwanda.org\/fr\/wp-json\/wp\/v2\/categories?post=15146"},{"taxonomy":"post_tag","embeddable":true,"href":"https:\/\/caritasrwanda.org\/fr\/wp-json\/wp\/v2\/tags?post=15146"}],"curies":[{"name":"wp","href":"https:\/\/api.w.org\/{rel}","templated":true}]}}