{"id":15138,"date":"2024-06-13T15:26:33","date_gmt":"2024-06-13T15:26:33","guid":{"rendered":"https:\/\/caritasrwanda.org\/fr\/?p=15138"},"modified":"2024-06-14T10:23:35","modified_gmt":"2024-06-14T10:23:35","slug":"celebration-de-la-journee-du-developpement-de-la-petite-enfance-dpe-dans-district-bugesera-les-parents-des-enfants-en-dessous-de-6-ans-appeles-a-les-faire-participer-dans-les-dpe","status":"publish","type":"post","link":"https:\/\/caritasrwanda.org\/fr\/celebration-de-la-journee-du-developpement-de-la-petite-enfance-dpe-dans-district-bugesera-les-parents-des-enfants-en-dessous-de-6-ans-appeles-a-les-faire-participer-dans-les-dpe\/","title":{"rendered":"Bugesera: Les parents des enfants en dessous de 6 ans sont appel\u00e9s \u00e0 les faire tous participer dans les DPE"},"content":{"rendered":"<p>A travers son projet ECD financ\u00e9 par Plan International Rwanda, Caritas Rwanda avec plusieurs autres partenaires ont joint le district de Bugesera pour c\u00e9l\u00e9brer la journ\u00e9e du DPE le 27\/05\/2024. Cet \u00e9v\u00e9nement qui s\u2019est d\u00e9roul\u00e9 dans le secteur de Kamabuye a cl\u00f4tur\u00e9 la semaine du DPE, organis\u00e9e sous le th\u00e8me: Isibo, la base solide du d\u00e9veloppement de la petite enfance.<\/p>\n<p>La Semaine du DPE dans le district de Bugesera d\u00e9but\u00e9 au 20 mai 2024, a \u00e9t\u00e9 caract\u00e9ris\u00e9e par diverses activit\u00e9s, notamment la prise des mesures du poids et de la taille des enfants, collecter les vivres alimentaires pour les nourrir, faire les campagnes de sensibilisation sur l\u2019hygi\u00e8ne et la sanitation, la sant\u00e9 et sur l\u2019usage d\u2019eau propre par les parents, apprendre aux parents \u00e0 pr\u00e9parer des repas \u00e9quilibr\u00e9s dans leurs familles, rendre visite aux parents \u00e0 la maison, les encourager \u00e0 promouvoir la parentalit\u00e9 positive, etc.<\/p>\n<p>Comme l\u2019a soulign\u00e9 Madame Yvette Imanishimwe, Vice-Maire du district de Bugesera charg\u00e9e des Affaires Sociales, parmi les 1.756 enfants dont on a pris des mesures, 99 souffraient de malnutrition: 79 d\u2019entre eux qui ne souffraient pas de la malnutrition s\u00e9v\u00e8re (en jaune), ont commenc\u00e9 \u00e0 \u00eatre nourris avec une alimentation saine dans les cuisines communautaires de leurs villages (Igikoni cy\u2019umudugudu). Les 20 autres souffraient de la malnutrition a\u00efgu et ont \u00e9t\u00e9 plac\u00e9s dans un lieu o\u00f9 ils sont pris en charge par des p\u00e9diatres qui leur rendent visite quotidiennement et sont nourris avec une alimentation \u00e9quilibr\u00e9e jusqu&#8217;\u00e0 leur r\u00e9cup\u00e9ration.<\/p>\n<figure id=\"attachment_15140\" aria-describedby=\"caption-attachment-15140\" style=\"width: 570px\" class=\"wp-caption aligncenter\"><img loading=\"lazy\" decoding=\"async\" class=\"size-medium wp-image-15140\" src=\"https:\/\/caritasrwanda.org\/fr\/wp-content\/uploads\/2024\/06\/WhatsApp-Image-2024-05-28-at-12.30.14-570x430.jpeg\" alt=\"\" width=\"570\" height=\"430\" \/><figcaption id=\"caption-attachment-15140\" class=\"wp-caption-text\">Madame Yvette Imanishimwe, Vice-Maire du District de Bugesera, charg\u00e9e des Affaires Sociales, en pr\u00e9sentant les r\u00e9sultats de la semaine DPE dans le District de Bugesera.<\/figcaption><\/figure>\n<p>L&#8217;une des responsables d\u2019une maison de la petite enfance soutenue par le Projet ECD de Caritas Rwanda, Mukantwari Alphonsine, a temoign\u00e9 comment les parents leur aident \u00e0 prendre soin des enfants tout en suivant les six piliers du DPE \u00e0 savoir: la nutrition, la bonne sant\u00e9, l\u2019hygi\u00e8ne et assainissement, l\u2019\u00e9ducation positive, pr\u00e9parer l\u2019enfant pour l\u2019\u00e9cole, ainsi que la protection et l\u2019inclusion enfantine. Alphonsine a remerci\u00e9 les autorit\u00e9s locales ainsi que les autres partenaires dont Caritas Rwanda et Plan International Rwanda pour leur soutien aux parents dans les maisons du DPE et a appel\u00e9 tous les parents qui ont des enfants de moins de 6 ans de les y placer car elles sont b\u00e9n\u00e9fiques pour eux (les enfants).<\/p>\n<p>Lors de cet \u00e9v\u00e9nement, 3 parents (hommes) au niveau du district et 15 au niveau des secteurs ont re\u00e7u des sacs \u00e0 mains pour hommes et des registres comme r\u00e9compenses pour \u00a0\u00a0leur contribution aux maisons du DPE.<\/p>\n<figure id=\"attachment_15141\" aria-describedby=\"caption-attachment-15141\" style=\"width: 570px\" class=\"wp-caption aligncenter\"><img loading=\"lazy\" decoding=\"async\" class=\"size-medium wp-image-15141\" src=\"https:\/\/caritasrwanda.org\/fr\/wp-content\/uploads\/2024\/06\/WhatsApp-Image-2024-05-28-at-12.33.20-570x430.jpeg\" alt=\"\" width=\"570\" height=\"430\" \/><figcaption id=\"caption-attachment-15141\" class=\"wp-caption-text\">Les parents (hommes) qui ont re\u00e7u des sacs \u00e0 mains pour hommes et des registres comme r\u00e9compenses pour leur contribution aux maisons du DPE.<\/figcaption><\/figure>\n<p>Dans son discours du jour, Robert Sengarama, charg\u00e9 du Programme de D\u00e9veloppement de la Petite Enfance et de l\u2019Education \u00e0 la Plan International Rwanda, a d\u00e9clar\u00e9 qu&#8217;en plus d\u2019\u00e9taler les \u00e9loges des DPE, la journ\u00e9e DPE vise \u00e0 encourager les parents d\u2019enfants de moins de 6 ans qui n\u2019ont pas encore fait recours aux maisons du DPE de les y emmenez pour qu\u2019ils en b\u00e9n\u00e9ficient. Il a ajout\u00e9 que ces maisons du DPE ont besoin d\u2019espaces de r\u00e9cr\u00e9ation pour les enfants. <em>\u201cEn collaboration avec Caritas Rwanda, nous avons visit\u00e9 des maisons de developpement de la Petite Enfance et avons d\u00e9couvert que les enfants n&#8217;ont pas acc\u00e8s aux divertissements. Un enfant apprends beaucoup en jouant. En utilisant des jouets, son cerveau est stimul\u00e9\u201d<\/em>, a-t-il dit. Dans ce contexte, Caritas Rwanda, avec le soutien de Plan International Rwanda, \u00e0 travers son Projet ECD, a distribu\u00e9 des jeux qui stimulent le cerveau des enfants dans les 20 maisons du DPE qu&#8217;elle soutient dans le district de Bugesera.<\/p>\n<p>La Directrice G\u00e9n\u00e9rale de l\u2019Agence Nationale du D\u00e9veloppement de l&#8217;Enfant (NCDA), Madame Ingabire Assumpta, qui \u00e9tait l&#8217;invit\u00e9e d&#8217;honneur de la c\u00e9r\u00e9monie, a expliqu\u00e9 que le programme des maisons du DPE a \u00e9t\u00e9 initi\u00e9 par Son Excellence le Pr\u00e9sident de la R\u00e9publique du Rwanda Paul Kagame, apr\u00e8s avoir pris conscience qu\u2019un grand nombre des enfants rwandais ont un retard de croissance et ne re\u00e7oivent pas une \u00e9ducation adequate. Madame Assumpta a appel\u00e9 les reponsables de DPE et les parents \u00e0 am\u00e9liorer les services des maisons du DPE et aux parent qui ont des enfants de moins de 6 ans de les y amener. <em>\u201cLorsqu&#8217;un enfant est pris en charge comme il faut, il\/elle devient un(e) bon citoyen(ne) qui est autonome et donne sa contribution dans le d\u00e9veloppement de son pays\u201d<\/em>, a-t-elle dit.<\/p>\n<figure id=\"attachment_15142\" aria-describedby=\"caption-attachment-15142\" style=\"width: 570px\" class=\"wp-caption aligncenter\"><img loading=\"lazy\" decoding=\"async\" class=\"size-medium wp-image-15142\" src=\"https:\/\/caritasrwanda.org\/fr\/wp-content\/uploads\/2024\/06\/WhatsApp-Image-2024-05-28-at-12.34.14-1-570x430.jpeg\" alt=\"\" width=\"570\" height=\"430\" \/><figcaption id=\"caption-attachment-15142\" class=\"wp-caption-text\">Dans son discours, La Directrice G\u00e9n\u00e9rale de l\u2019Agence Nationale du D\u00e9veloppement de l&#8217;Enfant (NCDA), Madame Ingabire Assumpta a appel\u00e9 les responsables et les parents dans les DPE, d&#8217;am\u00e9liorer la qualit\u00e9 des services qu&#8217;ils donnent dans les DPE.<\/figcaption><\/figure>\n<p>Comme il a \u00e9t\u00e9 annonc\u00e9 lors de cet \u00e9v\u00e9nement, il y a 1.625 maisons de D\u00e9veloppement de la Petite Enfance dans le district de Bugesera avec 57.303 enfants. Parmi eux, 1.160 sont bas\u00e9es dans les maisons familiales (23.161 enfants). Avec le financement du Plan International Rwanda, le Projet ECD de Caritas Rwanda soutient 20 maisons de D\u00e9veloppement de la Petite Enfance dans le district de Bugesera.<\/p>\n","protected":false},"excerpt":{"rendered":"<p>On the 3rd of June, the steering committee meeting of the Slovenia Government and Karitas Slovenija-funded Tube Aheza, Amazi Hafi Project was held at Home Saint-Jean. The meeting was graced by the Karongi district Vice Mayor in charge of Finance and Economic Development Mr NIRAGIRE Th\u00e9ophile, Mr NIYONSABA Cyriack, the Executive Secretary of the Rugabano sector and priests from the Gisovu, Nyange and Mukungu parishes located in the sectors<\/p>\n","protected":false},"author":1,"featured_media":15147,"comment_status":"open","ping_status":"open","sticky":false,"template":"","format":"standard","meta":{"footnotes":""},"categories":[30],"tags":[7,10],"class_list":["post-15138","post","type-post","status-publish","format-standard","has-post-thumbnail","hentry","category-news","tag-business","tag-travel"],"_links":{"self":[{"href":"https:\/\/caritasrwanda.org\/fr\/wp-json\/wp\/v2\/posts\/15138","targetHints":{"allow":["GET"]}}],"collection":[{"href":"https:\/\/caritasrwanda.org\/fr\/wp-json\/wp\/v2\/posts"}],"about":[{"href":"https:\/\/caritasrwanda.org\/fr\/wp-json\/wp\/v2\/types\/post"}],"author":[{"embeddable":true,"href":"https:\/\/caritasrwanda.org\/fr\/wp-json\/wp\/v2\/users\/1"}],"replies":[{"embeddable":true,"href":"https:\/\/caritasrwanda.org\/fr\/wp-json\/wp\/v2\/comments?post=15138"}],"version-history":[{"count":3,"href":"https:\/\/caritasrwanda.org\/fr\/wp-json\/wp\/v2\/posts\/15138\/revisions"}],"predecessor-version":[{"id":15145,"href":"https:\/\/caritasrwanda.org\/fr\/wp-json\/wp\/v2\/posts\/15138\/revisions\/15145"}],"wp:featuredmedia":[{"embeddable":true,"href":"https:\/\/caritasrwanda.org\/fr\/wp-json\/wp\/v2\/media\/15147"}],"wp:attachment":[{"href":"https:\/\/caritasrwanda.org\/fr\/wp-json\/wp\/v2\/media?parent=15138"}],"wp:term":[{"taxonomy":"category","embeddable":true,"href":"https:\/\/caritasrwanda.org\/fr\/wp-json\/wp\/v2\/categories?post=15138"},{"taxonomy":"post_tag","embeddable":true,"href":"https:\/\/caritasrwanda.org\/fr\/wp-json\/wp\/v2\/tags?post=15138"}],"curies":[{"name":"wp","href":"https:\/\/api.w.org\/{rel}","templated":true}]}}