{"id":15085,"date":"2024-03-20T14:25:40","date_gmt":"2024-03-20T14:25:40","guid":{"rendered":"https:\/\/caritasrwanda.org\/fr\/?p=15085"},"modified":"2024-03-20T14:32:41","modified_gmt":"2024-03-20T14:32:41","slug":"assemblee-generale-de-la-caritas-rwanda-2024","status":"publish","type":"post","link":"https:\/\/caritasrwanda.org\/fr\/assemblee-generale-de-la-caritas-rwanda-2024\/","title":{"rendered":"Assembl\u00e9e G\u00e9n\u00e9rale de la Caritas Rwanda 2024"},"content":{"rendered":"<p>Du 11 au 12 mars 2024, l&#8217;Assembl\u00e9e G\u00e9n\u00e9rale de Caritas Rwanda s&#8217;est r\u00e9unie \u00e0 l&#8217;H\u00f4tel Cenetra\/Kabuga, pour \u00e9valuer la mise en \u0153uvre des recommandations de 2023, la pr\u00e9sentation du rapport des activit\u00e9s 2023 et du plan op\u00e9rationnel 2024, ainsi que la formulation des recommandations.<\/p>\n<p>Cette Assembl\u00e9e G\u00e9n\u00e9rale a r\u00e9uni les Ev\u00eaques du Rwanda, le Nonce Apostolique au Rwanda Arnaldo S\u00e1nchez Catal\u00e1n, divers partenaires de Caritas Rwanda, les Directeurs des Caritas Dioc\u00e9saines ainsi que le personnel de la Caritas Rwanda et des Caritas Dioc\u00e9saines.<\/p>\n<p>Dans son mot d\u2019ouverture, le Pr\u00e9sident de la Caritas Rwanda Mgr Anaclet Mwumvaneza a f\u00e9licit\u00e9 toutes les Caritas (Caritas Rwanda et les Caritas Dioc\u00e9saines) d\u2019avoir c\u00e9l\u00e9br\u00e9 la journ\u00e9e mondiale des pauvres (le 19 novembre 2023) en communion et partage avec les pauvres dans les h\u00f4pitaux, les Formations Sanitaires Catholiques Agr\u00e9\u00e9es (FOSA), les paroisses, ainsi que dans toutes les communaut\u00e9s eccl\u00e9siales. Il a soulign\u00e9 le message du Pape Fran\u00e7ois concernant cette journ\u00e9e qui rappelle que les pauvres ne sont pas des statistiques, mais des personnes qui d\u00e9sirent avant tout la proximit\u00e9 des autres personnes et leur sens de l\u2019humanit\u00e9.<\/p>\n<figure id=\"attachment_15087\" aria-describedby=\"caption-attachment-15087\" style=\"width: 570px\" class=\"wp-caption aligncenter\"><img loading=\"lazy\" decoding=\"async\" class=\"size-medium wp-image-15087\" src=\"https:\/\/caritasrwanda.org\/fr\/wp-content\/uploads\/2024\/03\/162A2603-570x430.jpg\" alt=\"\" width=\"570\" height=\"430\" \/><figcaption id=\"caption-attachment-15087\" class=\"wp-caption-text\">Monseigneur Anaclet Mwumvaneza, pr\u00e9sident de la Caritas Rwanda, en pronon\u00e7ant le discours d&#8217;ouverture de l&#8217;Assembl\u00e9e G\u00e9n\u00e9rale de Caritas Rwanda 2024.<\/figcaption><\/figure>\n<p>Mgr Anaclet Mwumvaneza a pr\u00e9cis\u00e9 que la Caritas est dans sa derni\u00e8re ann\u00e9e de son plan strat\u00e9gique 2020-2024 dont l\u2019\u00e9valuation \u00e0 mi-parcours a montr\u00e9 qu\u2019elle est dans la bonne voix de sa r\u00e9alisation. <em>\u201cC\u2019est gr\u00e2ce \u00e0 votre soutient auquel nous comptons toujours jusqu\u2019\u00e0 terme. Nous reviendrons vers vous au moment opportun pour votre participation dans la formulation du nouveau plan strat\u00e9gique quinquennal 2025-2029\u201d<\/em>, a-t-il ajout\u00e9.<\/p>\n<p>Dans son discours, le Nonce Apostolique au Rwanda, Mgr Arnaldo S\u00e1nchez Catal\u00e1n a soulign\u00e9 que la Caritas ne consiste pas seulement \u00e0 lancer des projets sociaux et des strat\u00e9gies humaines qui s&#8217;av\u00e8rent efficaces et r\u00e9ussies, mais que c\u2019est aussi s\u2019engager dans un processus continu de communion, d&#8217;amour, dans chaque nation. <em>\u201cCaritas vous distingue, fait la diff\u00e9rence par rapport \u00e0 toutes les autres agences travaillant dans le monde. Merci pour votre engagement et que Dieu b\u00e9nisse vos projets pour 2024. Il est essentiel que vous remontiez toujours \u00e0 la source de votre travail, qui est l\u2019amour de Dieu pour nous et notre vocation \u00e0 aimer en retour. Pr\u00e9cis\u00e9ment parce que l&#8217;identit\u00e9 de Caritas d\u00e9pends de la mission qu&#8217;elle a re\u00e7u de cet amour de Dieu et l&#8217;amour de l&#8217;\u00c9glise pour tous les hommes\u201d<\/em>, a-t-il ajout\u00e9.<\/p>\n<figure id=\"attachment_15088\" aria-describedby=\"caption-attachment-15088\" style=\"width: 570px\" class=\"wp-caption aligncenter\"><img loading=\"lazy\" decoding=\"async\" class=\"size-medium wp-image-15088\" src=\"https:\/\/caritasrwanda.org\/fr\/wp-content\/uploads\/2024\/03\/162A2608-570x430.jpg\" alt=\"\" width=\"570\" height=\"430\" \/><figcaption id=\"caption-attachment-15088\" class=\"wp-caption-text\">Monseigneur Arnaldo S\u00e1nchez Catal\u00e1n, Nonce Apostolique au Rwanda, en pronon\u00e7ant le discours devant l&#8217;Assembl\u00e9e G\u00e9n\u00e9rale de la Caritas Rwanda 2024.<\/figcaption><\/figure>\n<p>Le rapport des activit\u00e9s 2023 a \u00e9t\u00e9 pr\u00e9sent\u00e9 suivant les 4 d\u00e9partements de Caritas Rwanda, \u00e0 savoir : le D\u00e9partement Administratif et Financier, le D\u00e9partement des \u0152uvres Socio-Caritatives (OSC), le D\u00e9partement de la Sant\u00e9 et celui du D\u00e9veloppement. En g\u00e9n\u00e9ral, les activit\u00e9s qui \u00e9taient pr\u00e9vues pour 2023 ont \u00e9t\u00e9 r\u00e9alis\u00e9es en moyenne \u00e0 plus de 90 %.<\/p>\n<p>Lors de l&#8217;Assembl\u00e9e G\u00e9n\u00e9rale de Caritas Rwanda 2024, il y a eu des discussions sur le renforcement des strat\u00e9gies visant \u00e0 augmenter les collectes du mois de la charit\u00e9 et \u00e0 les transmettre \u00e0 leur destination. Au cours du mois de la charit\u00e9 en 2023, la Caritas Dioc\u00e9saine de Ruhengeri a \u00e9t\u00e9 la premi\u00e8re en r\u00e9alisant le plus de \u00a0collectes (25.198.908 Frw), suivie par la Caritas Dioc\u00e9saine de Kigali (21.265.925 Frw).<\/p>\n<p>Le programme de Planification Familiale Naturelles (PFN) a \u00e9t\u00e9 \u00e9galement abord\u00e9, ou 37.237 couples ont b\u00e9n\u00e9fici\u00e9 des services PFN (dont 6.544 nouveaux) selon le rapport de 2023 du D\u00e9partement de la Sant\u00e9. Les participants dans l\u2019Assembl\u00e9e G\u00e9n\u00e9rale ont sugg\u00e9r\u00e9 la distribution des cartes pour ceux qui font recourt \u00e0 la PFN, pour servir au cas o\u00f9 on leur demande quelle m\u00e9thode de planification familiale ils utilisent.<\/p>\n<p>L\u2019Assembl\u00e9e G\u00e9n\u00e9rale de la Caritas Rwanda a formul\u00e9 plusieurs recommandations notamment celles li\u00e9es \u00e0 la collaboration et la synergie entre la Caritas et les diverses commissions de la C.EP.R, le renforcement de plusieurs activit\u00e9s existantes et les strat\u00e9gies d\u2019augmenter les fonds propres pour l\u2019auto-prise en charge et la durabilit\u00e9 de la Caritas, la c\u00e9l\u00e9bration la Journ\u00e9e Caritas \/ Journ\u00e9e de les pauvres \u00e0 tous les niveaux, ainsi que l\u2019animation au d\u00e9veloppement int\u00e9gral humain en mettant l\u2019accent sur les jeunes.<\/p>\n<p>&nbsp;<\/p>\n<p>&nbsp;<\/p>\n","protected":false},"excerpt":{"rendered":"<p>On the 3rd of June, the steering committee meeting of the Slovenia Government and Karitas Slovenija-funded Tube Aheza, Amazi Hafi Project was held at Home Saint-Jean. The meeting was graced by the Karongi district Vice Mayor in charge of Finance and Economic Development Mr NIRAGIRE Th\u00e9ophile, Mr NIYONSABA Cyriack, the Executive Secretary of the Rugabano sector and priests from the Gisovu, Nyange and Mukungu parishes located in the sectors<\/p>\n","protected":false},"author":1,"featured_media":15090,"comment_status":"open","ping_status":"open","sticky":false,"template":"","format":"standard","meta":{"footnotes":""},"categories":[30],"tags":[7,10],"class_list":["post-15085","post","type-post","status-publish","format-standard","has-post-thumbnail","hentry","category-news","tag-business","tag-travel"],"_links":{"self":[{"href":"https:\/\/caritasrwanda.org\/fr\/wp-json\/wp\/v2\/posts\/15085","targetHints":{"allow":["GET"]}}],"collection":[{"href":"https:\/\/caritasrwanda.org\/fr\/wp-json\/wp\/v2\/posts"}],"about":[{"href":"https:\/\/caritasrwanda.org\/fr\/wp-json\/wp\/v2\/types\/post"}],"author":[{"embeddable":true,"href":"https:\/\/caritasrwanda.org\/fr\/wp-json\/wp\/v2\/users\/1"}],"replies":[{"embeddable":true,"href":"https:\/\/caritasrwanda.org\/fr\/wp-json\/wp\/v2\/comments?post=15085"}],"version-history":[{"count":1,"href":"https:\/\/caritasrwanda.org\/fr\/wp-json\/wp\/v2\/posts\/15085\/revisions"}],"predecessor-version":[{"id":15089,"href":"https:\/\/caritasrwanda.org\/fr\/wp-json\/wp\/v2\/posts\/15085\/revisions\/15089"}],"wp:featuredmedia":[{"embeddable":true,"href":"https:\/\/caritasrwanda.org\/fr\/wp-json\/wp\/v2\/media\/15090"}],"wp:attachment":[{"href":"https:\/\/caritasrwanda.org\/fr\/wp-json\/wp\/v2\/media?parent=15085"}],"wp:term":[{"taxonomy":"category","embeddable":true,"href":"https:\/\/caritasrwanda.org\/fr\/wp-json\/wp\/v2\/categories?post=15085"},{"taxonomy":"post_tag","embeddable":true,"href":"https:\/\/caritasrwanda.org\/fr\/wp-json\/wp\/v2\/tags?post=15085"}],"curies":[{"name":"wp","href":"https:\/\/api.w.org\/{rel}","templated":true}]}}