{"id":15046,"date":"2023-11-22T11:35:08","date_gmt":"2023-11-22T11:35:08","guid":{"rendered":"https:\/\/caritasrwanda.org\/fr\/?p=15046"},"modified":"2023-11-22T11:35:08","modified_gmt":"2023-11-22T11:35:08","slug":"celebration-de-la-journee-internationale-des-pauvres-a-la-paroisse-saint-charles-lwanga-nyamirambo","status":"publish","type":"post","link":"https:\/\/caritasrwanda.org\/fr\/celebration-de-la-journee-internationale-des-pauvres-a-la-paroisse-saint-charles-lwanga-nyamirambo\/","title":{"rendered":"C\u00e9l\u00e9bration de la Journ\u00e9e Internationale des Pauvres \u00e0 la paroisse Saint Charles Lwanga Nyamirambo"},"content":{"rendered":"<p>Afin de c\u00e9l\u00e9brer la Journ\u00e9e Internationale des Pauvres qui est c\u00e9l\u00e9br\u00e9e pour la 7\u00e8me fois cette ann\u00e9e, ce dimanche le 19\/11\/2023, Caritas Rwanda a joint la Paroisse Saint Charles Lwanga Nyamirambo, o\u00f9 il y a eu la c\u00e9l\u00e9bration de la messe, le partage de la nourriture et des cadeaux avec les pauvres.<\/p>\n<p>Abb\u00e9 Jean Pierre Albert Kaberamanzi qui a c\u00e9l\u00e9br\u00e9 la messe, est revenu sur le message du Pape Fran\u00e7ois concernant la Journ\u00e9e Internationale des Pauvres pour cette ann\u00e9e qui a pour titre : \u201cNe d\u00e9tourne to visage d\u2019aucun pauvre\u201d qu\u2019on trouve dans le livre de Tobi 4,7. Dans ce message, Pape Fran\u00e7ois dit que la c\u00e9l\u00e9bration de la Journ\u00e9e Mondiale des Pauvres, est un signe f\u00e9cond de la mis\u00e9ricorde de Dieu notre P\u00e8re, et que c\u2019est un rendez-vous que l\u2019\u00c9glise enracine progressivement dans sa pastorale, pour d\u00e9couvrir toujours mieux le contenu central de l\u2019\u00c9vangile.<\/p>\n<p>Pape Fran\u00e7ois dit que le vieux Tobit mentionn\u00e9 dans ce livre a demand\u00e9 \u00e0 son fils de ne pas se limiter seulement \u00e0 la pri\u00e8re, mais d\u2019avoir aussi des gestes concrets qui consistent \u00e0 accomplir de bonnes \u0153uvres et \u00e0 vivre avec justice<a href=\"#_ftn1\" name=\"_ftnref1\">[1]<\/a>.<\/p>\n<p>Apr\u00e8s la c\u00e9l\u00e9bration de la messe, il y a eu plusieurs discours, le partage des t\u00e9moignages et du repas ainsi que la remise de cadeaux aux pauvres. Cette \u00e9v\u00e8nement s&#8217;est d\u00e9roul\u00e9 dans la salle de r\u00e9union des Fr\u00e8res Jos\u00e9phites \u00e0 Nyamirambo. Dans son discours, Abb\u00e9 Jean Pierre Albert Kaberamanzi a expliqu\u00e9 que le mot \u201cCaritas\u201d signifie amour, ajoutant que cet amour doit \u00eatre accompagn\u00e9 par les bonnes \u0153uvres envers son prochain.<\/p>\n<figure id=\"attachment_15048\" aria-describedby=\"caption-attachment-15048\" style=\"width: 570px\" class=\"wp-caption aligncenter\"><img loading=\"lazy\" decoding=\"async\" class=\"size-medium wp-image-15048\" src=\"https:\/\/caritasrwanda.org\/fr\/wp-content\/uploads\/2023\/11\/162A7966-570x430.jpg\" alt=\"\" width=\"570\" height=\"430\" \/><figcaption id=\"caption-attachment-15048\" class=\"wp-caption-text\">Abb\u00e9 Jean Pierre Albert Kaberamanzi a expliqu\u00e9 que Caritas signifie amour.<\/figcaption><\/figure>\n<p>Nsabiyaremye Jean d&#8217;Amour, Directeur par int\u00e9rim du D\u00e9partement des \u0152uvres Socio-Caritative (OSC) de Caritas Rwanda, qui a prononc\u00e9 son discours au nom du Secr\u00e9taire G\u00e9n\u00e9ral de Caritas Rwanda, a dit que l&#8217;enseignement de l&#8217;\u00c9glise sur l&#8217;Amour doit \u00eatre propag\u00e9 partout, que la personne qui re\u00e7oit de l\u2019assistance pourrait \u00e9galement aider quelqu&#8217;un d&#8217;autre si elle en est capable, car m\u00eame si une personne se sent pauvre, il y a toujours quelqu&#8217;un d\u2019autre qui peut avoir besoin de son aide. <em>\u201cLe message du secr\u00e9taire de Caritas Rwanda est que chacun devrait compatir pour les pauvres, leur pr\u00eater une oreille attentive et faire quelque chose pour les aider\u201d<\/em>, a-t-il d\u00e9clar\u00e9.<\/p>\n<p>C\u00e9cile Mukandamage, qui a t\u00e9moign\u00e9, a d\u00e9clar\u00e9 que Caritas a fait tout pour lui assister. <em>\u201cVous savez, ce n&#8217;est pas facile dans cette ville \u00e9tant pauvre. Caritas a pay\u00e9 mon loyer, m&#8217;a donn\u00e9 des habits, m&#8217;a donn\u00e9 \u00e0 manger\u201d<\/em>, a-t-il d\u00e9clar\u00e9.<\/p>\n<p>Lors de la distribution des cadeaux, les \u00e9l\u00e8ves de l&#8217;\u00e9cole Les Hirondelles de Don Bosco ont offert du mat\u00e9riel scolaire aux \u00e9l\u00e8ves de l&#8217;Ecole Primaire de Rugarama. Il y a eu aussi la distribution des cadeaux (des vivres) aux pauvres pr\u00e9sents dans la c\u00e9r\u00e9monie. Ils ont \u00e9galement re\u00e7u les frais de transport (2 000 Frw chacun).<\/p>\n<figure id=\"attachment_15049\" aria-describedby=\"caption-attachment-15049\" style=\"width: 570px\" class=\"wp-caption aligncenter\"><img loading=\"lazy\" decoding=\"async\" class=\"size-medium wp-image-15049\" src=\"https:\/\/caritasrwanda.org\/fr\/wp-content\/uploads\/2023\/11\/162A7997-570x430.jpg\" alt=\"\" width=\"570\" height=\"430\" \/><figcaption id=\"caption-attachment-15049\" class=\"wp-caption-text\">Les \u00e9l\u00e8ves de l&#8217;\u00e9cole Les Hirondelles de Don Bosco ont offert du mat\u00e9riel scolaire aux \u00e9l\u00e8ves de l&#8217;Ecole Primaire de Rugarama.<\/figcaption><\/figure>\n<p><a href=\"#_ftnref1\" name=\"_ftn1\">[1]<\/a> <a href=\"https:\/\/www.vatican.va\/content\/francesco\/fr\/messages\/poveri\/documents\/20230613-messaggio-vii-giornatamondiale-poveri-2023.html\">https:\/\/www.vatican.va\/content\/francesco\/fr\/messages\/poveri\/documents\/20230613-messaggio-vii-giornatamondiale-poveri-2023.html<\/a><\/p>\n","protected":false},"excerpt":{"rendered":"<p>On the 3rd of June, the steering committee meeting of the Slovenia Government and Karitas Slovenija-funded Tube Aheza, Amazi Hafi Project was held at Home Saint-Jean. The meeting was graced by the Karongi district Vice Mayor in charge of Finance and Economic Development Mr NIRAGIRE Th\u00e9ophile, Mr NIYONSABA Cyriack, the Executive Secretary of the Rugabano sector and priests from the Gisovu, Nyange and Mukungu parishes located in the sectors<\/p>\n","protected":false},"author":1,"featured_media":15047,"comment_status":"open","ping_status":"open","sticky":false,"template":"","format":"standard","meta":{"footnotes":""},"categories":[30],"tags":[7,10],"class_list":["post-15046","post","type-post","status-publish","format-standard","has-post-thumbnail","hentry","category-news","tag-business","tag-travel"],"_links":{"self":[{"href":"https:\/\/caritasrwanda.org\/fr\/wp-json\/wp\/v2\/posts\/15046","targetHints":{"allow":["GET"]}}],"collection":[{"href":"https:\/\/caritasrwanda.org\/fr\/wp-json\/wp\/v2\/posts"}],"about":[{"href":"https:\/\/caritasrwanda.org\/fr\/wp-json\/wp\/v2\/types\/post"}],"author":[{"embeddable":true,"href":"https:\/\/caritasrwanda.org\/fr\/wp-json\/wp\/v2\/users\/1"}],"replies":[{"embeddable":true,"href":"https:\/\/caritasrwanda.org\/fr\/wp-json\/wp\/v2\/comments?post=15046"}],"version-history":[{"count":1,"href":"https:\/\/caritasrwanda.org\/fr\/wp-json\/wp\/v2\/posts\/15046\/revisions"}],"predecessor-version":[{"id":15050,"href":"https:\/\/caritasrwanda.org\/fr\/wp-json\/wp\/v2\/posts\/15046\/revisions\/15050"}],"wp:featuredmedia":[{"embeddable":true,"href":"https:\/\/caritasrwanda.org\/fr\/wp-json\/wp\/v2\/media\/15047"}],"wp:attachment":[{"href":"https:\/\/caritasrwanda.org\/fr\/wp-json\/wp\/v2\/media?parent=15046"}],"wp:term":[{"taxonomy":"category","embeddable":true,"href":"https:\/\/caritasrwanda.org\/fr\/wp-json\/wp\/v2\/categories?post=15046"},{"taxonomy":"post_tag","embeddable":true,"href":"https:\/\/caritasrwanda.org\/fr\/wp-json\/wp\/v2\/tags?post=15046"}],"curies":[{"name":"wp","href":"https:\/\/api.w.org\/{rel}","templated":true}]}}