{"id":15037,"date":"2023-11-18T14:07:42","date_gmt":"2023-11-18T14:07:42","guid":{"rendered":"https:\/\/caritasrwanda.org\/fr\/?p=15037"},"modified":"2023-11-21T08:59:53","modified_gmt":"2023-11-21T08:59:53","slug":"rubavu-caritas-rwanda-en-collaboration-avec-ses-partenaires-a-conduit-une-campagne-de-lutte-contre-la-grossesse-chez-les-adolescentes-dans-les-ecoles","status":"publish","type":"post","link":"https:\/\/caritasrwanda.org\/fr\/rubavu-caritas-rwanda-en-collaboration-avec-ses-partenaires-a-conduit-une-campagne-de-lutte-contre-la-grossesse-chez-les-adolescentes-dans-les-ecoles\/","title":{"rendered":"Rubavu : Caritas Rwanda en collaboration avec ses partenaires a men\u00e9  une campagne de lutte contre la grossesse chez les adolescentes dans les \u00e9coles"},"content":{"rendered":"<p>En collaboration avec le Minist\u00e8re du genre et la promotion familiale (MIGEPROF) et le district de Rubavu, Caritas Rwanda, \u00e0 travers son programme IGIRE-GIMBUKA, a men\u00e9 une campagne contre la violence bas\u00e9e sur le genre en mettant l&#8217;accent sur la lutte contre la grossesse chez les adolescentes dans les \u00e9coles. Cet \u00e9v\u00e9nement s&#8217;est d\u00e9roul\u00e9 du 15 au 16 novembre 2023, dans les \u00e9coles du District de Rubavu.<\/p>\n<p>Les \u00e9coles qui ont fait\u00a0l\u2019objet de cette campagne sont GS Rubavu II et GS Shwemu du secteur Rugerero (15\/11\/2023) et GS Rambo du secteur Nyamyumba.<\/p>\n<p>Le message a \u00e9t\u00e9 transmis \u00e0 travers des chansons, des pi\u00e8ces de th\u00e9\u00e2tre comiques et des acrobaties, qui visaient \u00e0 appeler les filles dans les \u00e9coles \u00e0 \u00e9viter ce qui peut leur conduire \u00e0 \u00eatre viol\u00e9es, \u00e0 \u00e9viter les manipulateurs, la mauvaise compagnie qui les attirent dans de mauvais comportements et \u00e0 informer les parents si elles constatent un changement sur leur corps ou au cas o\u00f9 elles sont victimes de violence sexuelle. Elles ont \u00e9t\u00e9 aussi inform\u00e9 qu\u2019un enfant qui a \u00e9t\u00e9 viol\u00e9 doit \u00eatre amen\u00e9 imm\u00e9diatement au Centre Isange One Stop pour recevoir les premiers soins et conserver l\u2019\u00e9vidence.<\/p>\n<figure id=\"attachment_15039\" aria-describedby=\"caption-attachment-15039\" style=\"width: 570px\" class=\"wp-caption aligncenter\"><img loading=\"lazy\" decoding=\"async\" class=\"size-medium wp-image-15039\" src=\"https:\/\/caritasrwanda.org\/fr\/wp-content\/uploads\/2023\/11\/23-570x430.jpg\" alt=\"\" width=\"570\" height=\"430\" \/><figcaption id=\"caption-attachment-15039\" class=\"wp-caption-text\">Les acrobates de Vision Jeunesse Nouvelle au GS Rubavu II.<\/figcaption><\/figure>\n<p>Apr\u00e8s les pi\u00e8ces de th\u00e9\u00e2tre jou\u00e9es par le club th\u00e9\u00e2tral de Vision Jeunesse Nouvelle, les \u00e9l\u00e8ves ont r\u00e9pondu aux questions relatives \u00e0 la lutte contre la violence bas\u00e9e sur le genre, en mettant l\u2019accent sur la lutte contre la grossesse chez les adolescentes dans les \u00e9coles. Les \u00e9lev\u00e9s en a aussi profit\u00e9 pour poser des questions de curiosit\u00e9 qu\u2019ils avaient pour une meilleure compr\u00e9hension.<\/p>\n<figure id=\"attachment_15040\" aria-describedby=\"caption-attachment-15040\" style=\"width: 570px\" class=\"wp-caption aligncenter\"><img loading=\"lazy\" decoding=\"async\" class=\"size-medium wp-image-15040\" src=\"https:\/\/caritasrwanda.org\/fr\/wp-content\/uploads\/2023\/11\/12-570x430.jpg\" alt=\"\" width=\"570\" height=\"430\" \/><figcaption id=\"caption-attachment-15040\" class=\"wp-caption-text\">Aur\u00e9lie Nyiransabimana, charg\u00e9e de l&#8217;\u00e9galit\u00e9 des genres et de l&#8217;inclusion sociale (dans le Programme Igire-Gimbuka de Caritas Rwanda) en train de poser des questions aux \u00e9l\u00e8ves sur la pr\u00e9vention des grossesses chez les adolescentes.<\/figcaption><\/figure>\n<p>Dans ses discours prononc\u00e9s lors de cette campagne dans les diff\u00e9rentes \u00e9coles, Madame Aline Umutoni, Directrice G\u00e9n\u00e9rale de la promotion familiale et la protection de l\u2019enfant au MIGEPROF, a encourag\u00e9 les filles \u00e0 prendre de bonnes mesures pour pr\u00e9venir la violence sexuelle dont elles peuvent \u00eatre victimes et par cons\u00e9quent devenir parents alors qu\u2019elles sont encore enfants, ce qui peut faire g\u00e2cher leur avenir.<\/p>\n<p>Dans cette campagne, les \u00e9l\u00e8ves ayant obtenu les meilleurs r\u00e9sultats au cours de l&#8217;ann\u00e9e scolaire 2022-2023 ont \u00e9t\u00e9 r\u00e9compens\u00e9s. Ils ont re\u00e7u des cahiers, des registres et des stylos qui ont \u00e9t\u00e9 donn\u00e9 par le programme IGIRE-GIMBUKA finance par PEPFAR \u00e0 travers USAID et mis en \u0153uvre par Caritas Rwanda. Les filles ont \u00e9galement re\u00e7u des serviettes hygi\u00e9niques \u00e0 utiliser pendant leurs r\u00e8gles. Pour chaque \u00e9tablissement, cinq filles et cinq gar\u00e7ons \u00e9t\u00e9 r\u00e9compens\u00e9s.<\/p>\n<figure id=\"attachment_15041\" aria-describedby=\"caption-attachment-15041\" style=\"width: 570px\" class=\"wp-caption aligncenter\"><img loading=\"lazy\" decoding=\"async\" class=\"size-medium wp-image-15041\" src=\"https:\/\/caritasrwanda.org\/fr\/wp-content\/uploads\/2023\/11\/162A7675-A-570x430.jpg\" alt=\"\" width=\"570\" height=\"430\" \/><figcaption id=\"caption-attachment-15041\" class=\"wp-caption-text\">Les \u00e9l\u00e8ves les plus brillants de l&#8217;ann\u00e9e scolaire 2022-2023 ont re\u00e7u des cahiers, des registres, des stylos et des serviettes hygi\u00e9niques pour les filles.<\/figcaption><\/figure>\n<p>Les statistiques publi\u00e9s par le recensement g\u00e9n\u00e9ral de la population et sant\u00e9 2019-2020 montrent que la grossesse chez les adolescentes concerne 5,1% des femmes \u00e2g\u00e9es de 15 \u00e0 19 ans \u00e0 travers le pays, soit 4,1% dans la province de l&#8217;Ouest (Rubavu arrive en t\u00eate avec 5,5%, Karongi avec 0,5%, Rutsiro : 2,1% et Nyamasheke avec 2,2%).<\/p>\n<p>Cette campagne a \u00e9t\u00e9 r\u00e9alis\u00e9e en pr\u00e9paration <em>de 16 jours contre la violence bas\u00e9e sur le genre<\/em>, qui d\u00e9buteront ce 25 novembre pour se terminer le 10 d\u00e9cembre 2023. Le th\u00e8me de cette ann\u00e9e sur le plan national est : <strong>\u201cUnissons nos forces ! Investissons dans la lutter contre la Violence Bas\u00e9e sur le Genre!\u201d<\/strong>.<\/p>\n","protected":false},"excerpt":{"rendered":"<p>On the 3rd of June, the steering committee meeting of the Slovenia Government and Karitas Slovenija-funded Tube Aheza, Amazi Hafi Project was held at Home Saint-Jean. The meeting was graced by the Karongi district Vice Mayor in charge of Finance and Economic Development Mr NIRAGIRE Th\u00e9ophile, Mr NIYONSABA Cyriack, the Executive Secretary of the Rugabano sector and priests from the Gisovu, Nyange and Mukungu parishes located in the sectors<\/p>\n","protected":false},"author":1,"featured_media":15038,"comment_status":"open","ping_status":"open","sticky":false,"template":"","format":"standard","meta":{"footnotes":""},"categories":[30],"tags":[7,10],"class_list":["post-15037","post","type-post","status-publish","format-standard","has-post-thumbnail","hentry","category-news","tag-business","tag-travel"],"_links":{"self":[{"href":"https:\/\/caritasrwanda.org\/fr\/wp-json\/wp\/v2\/posts\/15037","targetHints":{"allow":["GET"]}}],"collection":[{"href":"https:\/\/caritasrwanda.org\/fr\/wp-json\/wp\/v2\/posts"}],"about":[{"href":"https:\/\/caritasrwanda.org\/fr\/wp-json\/wp\/v2\/types\/post"}],"author":[{"embeddable":true,"href":"https:\/\/caritasrwanda.org\/fr\/wp-json\/wp\/v2\/users\/1"}],"replies":[{"embeddable":true,"href":"https:\/\/caritasrwanda.org\/fr\/wp-json\/wp\/v2\/comments?post=15037"}],"version-history":[{"count":3,"href":"https:\/\/caritasrwanda.org\/fr\/wp-json\/wp\/v2\/posts\/15037\/revisions"}],"predecessor-version":[{"id":15045,"href":"https:\/\/caritasrwanda.org\/fr\/wp-json\/wp\/v2\/posts\/15037\/revisions\/15045"}],"wp:featuredmedia":[{"embeddable":true,"href":"https:\/\/caritasrwanda.org\/fr\/wp-json\/wp\/v2\/media\/15038"}],"wp:attachment":[{"href":"https:\/\/caritasrwanda.org\/fr\/wp-json\/wp\/v2\/media?parent=15037"}],"wp:term":[{"taxonomy":"category","embeddable":true,"href":"https:\/\/caritasrwanda.org\/fr\/wp-json\/wp\/v2\/categories?post=15037"},{"taxonomy":"post_tag","embeddable":true,"href":"https:\/\/caritasrwanda.org\/fr\/wp-json\/wp\/v2\/tags?post=15037"}],"curies":[{"name":"wp","href":"https:\/\/api.w.org\/{rel}","templated":true}]}}