{"id":15023,"date":"2023-11-07T11:23:35","date_gmt":"2023-11-07T11:23:35","guid":{"rendered":"https:\/\/caritasrwanda.org\/fr\/?p=15023"},"modified":"2023-11-08T06:51:00","modified_gmt":"2023-11-08T06:51:00","slug":"le-travail-fait-par-les-employes-de-caritas-est-une-mission-commune-devangelisation-avec-leglise-catholique-mgr-vincent-harorimana","status":"publish","type":"post","link":"https:\/\/caritasrwanda.org\/fr\/le-travail-fait-par-les-employes-de-caritas-est-une-mission-commune-devangelisation-avec-leglise-catholique-mgr-vincent-harorimana\/","title":{"rendered":"\u201cLe travail fait par les employ\u00e9s de Caritas est une mission commune d\u2019\u00e9vang\u00e9lisation avec l&#8217;\u00c9glise catholique\u201d &#8211; Mgr Vincent Harolimana"},"content":{"rendered":"<p>Dans le but de r\u00e9viser les politiques et autres documents de l\u2019organisation, 19 employ\u00e9s de Caritas Rwanda ayant diff\u00e9rentes responsabilit\u00e9s se sont r\u00e9unis dans le district de Musanze (H\u00f4tel Fatima), du 29 octobre au 3 novembre 2023. Durant cet atelier, le vice-pr\u00e9sident de Caritas Rwanda, Mgr Vincent Harolimana, qui leur a rendu visite, leur a remerci\u00e9 pour le travail remarquable qu\u2019ils font, et les a invit\u00e9s \u00e0 accorder plus d&#8217;attention aux pauvres.<\/p>\n<p>Plus d&#8217;une vingtaine de politiques et autres documents li\u00e9s \u00e0 l&#8217;\u00e9thique des employ\u00e9s, au renforcement des capacit\u00e9s des employ\u00e9s, a l\u2019approvisionnement, \u00e0 la lutte contre la corruption, \u00e0 la r\u00e9solution des conflits, \u00e0 la technologie, \u00e0 la communication de Caritas Rwanda et d&#8217;autres ont fait l\u2019objet de r\u00e9vision par les employ\u00e9s en quatre groupes.<\/p>\n<figure id=\"attachment_15025\" aria-describedby=\"caption-attachment-15025\" style=\"width: 570px\" class=\"wp-caption aligncenter\"><img loading=\"lazy\" decoding=\"async\" class=\"size-medium wp-image-15025\" src=\"https:\/\/caritasrwanda.org\/fr\/wp-content\/uploads\/2023\/11\/162A7518-570x430.jpg\" alt=\"\" width=\"570\" height=\"430\" \/><figcaption id=\"caption-attachment-15025\" class=\"wp-caption-text\">Chaque matin, les groupes partageaient ce dont ils ont discut\u00e9 en groupe la veille.<\/figcaption><\/figure>\n<p>Vers la fin de la journ\u00e9e du jeudi du 2 novembre, les employ\u00e9s de la Caritas Rwanda qui participait dans cet atelier ont re\u00e7u la visite du vice-pr\u00e9sident de Caritas Rwanda et Ev\u00eaque du Dioc\u00e8se de Ruhengeri, Monseigneur Vincent Harolimana, qui les a remerci\u00e9s pour le travail remarquable qu&#8217;ils font, mais leur a rappel\u00e9 que ce n\u2019est pas un travail comme les autres plut\u00f4t une mission commune d\u2019\u00e9vang\u00e9lisation avec l&#8217;\u00c9glise catholique, ce qu&#8217;ils devraient bien faire pour que les vies des personnes qui ont besoin d&#8217;amour puissent s\u2019am\u00e9liorer en grand nombre.<\/p>\n<p>Mgr Vincent Harolimana est revenu sur les conclusions du synode qui a eu lieu du 4 au 29 octobre 2023, o\u00f9 il a \u00e9t\u00e9 d\u00e9clar\u00e9 que les pauvres qui demandent \u00e0 l\u2019Eglise l\u2019amour, respect, acceptation et reconnaissance, m\u00e9ritent plus d&#8217;attention. Il a ajout\u00e9 qu&#8217;il existe d&#8217;autres cat\u00e9gories de personnes qui ont besoin d&#8217;amour, y compris les victimes de la violence, en particulier les femmes, les victimes de la traite des \u00eatres humains, les personnes \u00e2g\u00e9es, des enfants \u00e0 na\u00eetre et autres personnes qui ont besoin de plus d\u2019attention. Il leur a demand\u00e9 de faire preuve de tendresse pour les participants dans divers programmes mises en \u0153uvres par la Caritas.<\/p>\n<figure id=\"attachment_15026\" aria-describedby=\"caption-attachment-15026\" style=\"width: 570px\" class=\"wp-caption aligncenter\"><img loading=\"lazy\" decoding=\"async\" class=\"size-medium wp-image-15026\" src=\"https:\/\/caritasrwanda.org\/fr\/wp-content\/uploads\/2023\/11\/162A7541-570x430.jpg\" alt=\"\" width=\"570\" height=\"430\" \/><figcaption id=\"caption-attachment-15026\" class=\"wp-caption-text\">Mgr Visenti Harorimana a rappel\u00e9 au personnel de Caritas Rwanda que la mission qu&#8217;ils ont re\u00e7ue est unique, une mission d&#8217;\u00e9vangelisation commune avec la Caritas Rwanda.<\/figcaption><\/figure>\n<p>Les politiques de Caritas Rwanda sont r\u00e9vis\u00e9es tous les cinq ans. Cette \u00e9quipe d\u2019employ\u00e9s a r\u00e9vis\u00e9 15 politiques existant, en a \u00e9labor\u00e9 2 nouveaux politiques et autres documents utilis\u00e9s par Caritas Rwanda.<\/p>\n","protected":false},"excerpt":{"rendered":"<p>On the 3rd of June, the steering committee meeting of the Slovenia Government and Karitas Slovenija-funded Tube Aheza, Amazi Hafi Project was held at Home Saint-Jean. The meeting was graced by the Karongi district Vice Mayor in charge of Finance and Economic Development Mr NIRAGIRE Th\u00e9ophile, Mr NIYONSABA Cyriack, the Executive Secretary of the Rugabano sector and priests from the Gisovu, Nyange and Mukungu parishes located in the sectors<\/p>\n","protected":false},"author":1,"featured_media":15024,"comment_status":"open","ping_status":"open","sticky":false,"template":"","format":"standard","meta":{"footnotes":""},"categories":[30],"tags":[7,10],"class_list":["post-15023","post","type-post","status-publish","format-standard","has-post-thumbnail","hentry","category-news","tag-business","tag-travel"],"_links":{"self":[{"href":"https:\/\/caritasrwanda.org\/fr\/wp-json\/wp\/v2\/posts\/15023","targetHints":{"allow":["GET"]}}],"collection":[{"href":"https:\/\/caritasrwanda.org\/fr\/wp-json\/wp\/v2\/posts"}],"about":[{"href":"https:\/\/caritasrwanda.org\/fr\/wp-json\/wp\/v2\/types\/post"}],"author":[{"embeddable":true,"href":"https:\/\/caritasrwanda.org\/fr\/wp-json\/wp\/v2\/users\/1"}],"replies":[{"embeddable":true,"href":"https:\/\/caritasrwanda.org\/fr\/wp-json\/wp\/v2\/comments?post=15023"}],"version-history":[{"count":3,"href":"https:\/\/caritasrwanda.org\/fr\/wp-json\/wp\/v2\/posts\/15023\/revisions"}],"predecessor-version":[{"id":15028,"href":"https:\/\/caritasrwanda.org\/fr\/wp-json\/wp\/v2\/posts\/15023\/revisions\/15028"}],"wp:featuredmedia":[{"embeddable":true,"href":"https:\/\/caritasrwanda.org\/fr\/wp-json\/wp\/v2\/media\/15024"}],"wp:attachment":[{"href":"https:\/\/caritasrwanda.org\/fr\/wp-json\/wp\/v2\/media?parent=15023"}],"wp:term":[{"taxonomy":"category","embeddable":true,"href":"https:\/\/caritasrwanda.org\/fr\/wp-json\/wp\/v2\/categories?post=15023"},{"taxonomy":"post_tag","embeddable":true,"href":"https:\/\/caritasrwanda.org\/fr\/wp-json\/wp\/v2\/tags?post=15023"}],"curies":[{"name":"wp","href":"https:\/\/api.w.org\/{rel}","templated":true}]}}