{"id":15010,"date":"2023-10-06T06:52:56","date_gmt":"2023-10-06T06:52:56","guid":{"rendered":"https:\/\/caritasrwanda.org\/fr\/?p=15010"},"modified":"2023-10-06T06:52:56","modified_gmt":"2023-10-06T06:52:56","slug":"renforcement-de-capacite-des-centres-et-maisons-de-developpement-de-la-petite-enfance-dans-le-district-de-gatsibo","status":"publish","type":"post","link":"https:\/\/caritasrwanda.org\/fr\/renforcement-de-capacite-des-centres-et-maisons-de-developpement-de-la-petite-enfance-dans-le-district-de-gatsibo\/","title":{"rendered":"Renforcement de capacit\u00e9 des centres et maisons de d\u00e9veloppement de la petite enfance dans le District de Gatsibo"},"content":{"rendered":"<p>Dans le but de renforcer la capacit\u00e9 de 43 centres et maisons de d\u00e9veloppement de la petite enfance du District Gatsibo, Caritas Rwanda \u00e0 travers son Projet ECD, financ\u00e9 par Plan International Rwanda, leur a distribu\u00e9 du mat\u00e9riel n\u00e9cessaire pour leur bon fonctionnement. Cet \u00e9v\u00e9nement a eu lieu mardi le 3 octobre 2023, \u00e0 la Paroisse de Kiziguro.<\/p>\n<p>Le mat\u00e9riel fourni comprend l\u2019\u00e9quipement hygi\u00e9nique tels que les savons, les lavabos portables connus sous le nom de \u201cKandagirukarabe\u201d et les jerrycans \u00e0 attacher sur ces lavabos.\u00a0 Il y a \u00e9galement divers jeux et jouets qui aideront \u00e0 stimuler le cerveau de l&#8217;enfant. Les \u00e9ducateurs ont aussi re\u00e7u du manuel \u00e0 utiliser pour \u00e9duquer et s\u2019occuper des enfants dans les centres et maisons de d\u00e9veloppement de la petite enfance.<\/p>\n<p>En ce qui concerne l&#8217;apprentissage, il y a le mat\u00e9riel didactique mural (grand papiers collants) avec des images, des lettres et des chiffres, des mots dans d&#8217;autres langues accompagn\u00e9es d&#8217;images, qui seront utilis\u00e9s pour l\u2019apprentissage des enfants. Comme compl\u00e9ment alimentaire, les centres et maisons de d\u00e9veloppement de la petite enfance ont re\u00e7u du sucre et de la farine de bouillie (SOSOMA).<\/p>\n<p>Lors de la c\u00e9r\u00e9monie de distribution, Christine Kayitesi, la coordinatrice du Projet ECD de Caritas Rwanda, a rappel\u00e9 tous les centres et maisons de d\u00e9veloppement de la petite enfance que l\u2019hygi\u00e8ne est tr\u00e8s importante, de plus qu\u2019ils ont re\u00e7u tout le mat\u00e9riel qui doit leur faciliter \u00e0 le faire.<\/p>\n<figure id=\"attachment_15012\" aria-describedby=\"caption-attachment-15012\" style=\"width: 570px\" class=\"wp-caption aligncenter\"><img loading=\"lazy\" decoding=\"async\" class=\"size-medium wp-image-15012\" src=\"https:\/\/caritasrwanda.org\/fr\/wp-content\/uploads\/2023\/10\/162A6541-570x430.jpg\" alt=\"\" width=\"570\" height=\"430\" \/><figcaption id=\"caption-attachment-15012\" class=\"wp-caption-text\">S&#8217;addressant aux comit\u00e9s des ECDs, Christine Kayitesi, coordinatrice du Projet ECD, a soulign\u00e9 l&#8217;importance de l&#8217;hygi\u00e8ne dans les ECDs.<\/figcaption><\/figure>\n<p>Il leur a \u00e9t\u00e9 \u00e9galement demand\u00e9 de pr\u00e9parer des repas \u00e9quilibr\u00e9s pour les enfants, et d&#8217;encourager les parents \u00e0 en pr\u00e9parer dans leurs familles. La pr\u00e9sence des parents dans les groupes contribuera \u00e0 acc\u00e9l\u00e9rer ce message.<\/p>\n<p>Le mat\u00e9riel distribu\u00e9 a une valeur de 10.203.500 Frw. Outre ce mat\u00e9riel, les parents et tuteurs sont form\u00e9s sur les six piliers du d\u00e9veloppement de l\u2019enfant que sont la nutrition, la sant\u00e9, l\u2019hygi\u00e8ne, une bonne \u00e9ducation, la protection de l\u2019enfant, et la stimulation c\u00e9r\u00e9brale de l\u2019enfant.<\/p>\n<p>&#8220;Early Childhood Development&#8221; Project (ECD Project) est un Projet de Caritas Rwanda, dont les activit\u00e9s se concentrent sur l\u2019enfant depuis sa conception jusqu\u2019\u00e0 l\u2019\u00e2ge de 6 ans, dans le but de stimuler son cerveau, le\/la pr\u00e9parer \u00e0 l&#8217;apprentissage de l\u2019\u00e9cole, lui fournir une \u00e9ducation \u00e9quitable, le\/la prot\u00e9ger contre les maladies et la malnutrition, ainsi que la violence de tout genre.<\/p>\n<figure id=\"attachment_15013\" aria-describedby=\"caption-attachment-15013\" style=\"width: 570px\" class=\"wp-caption aligncenter\"><img loading=\"lazy\" decoding=\"async\" class=\"size-medium wp-image-15013\" src=\"https:\/\/caritasrwanda.org\/fr\/wp-content\/uploads\/2023\/10\/162A6552-570x430.jpg\" alt=\"\" width=\"570\" height=\"430\" \/><figcaption id=\"caption-attachment-15013\" class=\"wp-caption-text\">43 centres et maisons de d\u00e9veloppement de la petite enfance du district de Gatsibo ont re\u00e7u le mat\u00e9riel, qui a \u00e9t\u00e9 re\u00e7u par les comit\u00e9s de parents.<\/figcaption><\/figure>\n<p>Les comit\u00e9s de parents qui ont re\u00e7u ce mat\u00e9riel, ils ont remerci\u00e9 Caritas Rwanda et Plan International Rwanda pour ce soutien, car il va faciliter l&#8217;am\u00e9lioration du fonctionnement des centres et maisons de d\u00e9veloppement de la petite enfance. En outre, ils ont dit que cela va sensibiliser les parents \u00e0 l&#8217;importance des centres et maisons de d\u00e9veloppement de la petite enfance et les encourageront \u00e0 y envoyer leurs enfants.<\/p>\n<p>Ndagiwenimana Jean Bosco, le responsable d\u2019une des maisons du d\u00e9veloppement de la petite enfance du secteur de Kabarore, a d\u00e9clar\u00e9 qu\u2019ils leur manquaient du mat\u00e9riel re\u00e7u pour leur faciliter le travail. <em>\u201cPar exemple, nous avions un seul lavabo portable, \u00e0 l\u2019entr\u00e9e. Vous savez que les enfants s&#8217;assoient par terre tout le temps et se salissent les mains. Nous allons placer le lavabo re\u00e7u aujourd\u2019hui \u00e0 l\u2019entr\u00e9e de la toilette. Les enfants se laveront les mains en sortant de la toilette et seront propres\u201d<\/em>, a-t-il dit.<\/p>\n","protected":false},"excerpt":{"rendered":"<p>On the 3rd of June, the steering committee meeting of the Slovenia Government and Karitas Slovenija-funded Tube Aheza, Amazi Hafi Project was held at Home Saint-Jean. The meeting was graced by the Karongi district Vice Mayor in charge of Finance and Economic Development Mr NIRAGIRE Th\u00e9ophile, Mr NIYONSABA Cyriack, the Executive Secretary of the Rugabano sector and priests from the Gisovu, Nyange and Mukungu parishes located in the sectors<\/p>\n","protected":false},"author":1,"featured_media":15011,"comment_status":"open","ping_status":"open","sticky":false,"template":"","format":"standard","meta":{"footnotes":""},"categories":[30],"tags":[7,10],"class_list":["post-15010","post","type-post","status-publish","format-standard","has-post-thumbnail","hentry","category-news","tag-business","tag-travel"],"_links":{"self":[{"href":"https:\/\/caritasrwanda.org\/fr\/wp-json\/wp\/v2\/posts\/15010","targetHints":{"allow":["GET"]}}],"collection":[{"href":"https:\/\/caritasrwanda.org\/fr\/wp-json\/wp\/v2\/posts"}],"about":[{"href":"https:\/\/caritasrwanda.org\/fr\/wp-json\/wp\/v2\/types\/post"}],"author":[{"embeddable":true,"href":"https:\/\/caritasrwanda.org\/fr\/wp-json\/wp\/v2\/users\/1"}],"replies":[{"embeddable":true,"href":"https:\/\/caritasrwanda.org\/fr\/wp-json\/wp\/v2\/comments?post=15010"}],"version-history":[{"count":1,"href":"https:\/\/caritasrwanda.org\/fr\/wp-json\/wp\/v2\/posts\/15010\/revisions"}],"predecessor-version":[{"id":15014,"href":"https:\/\/caritasrwanda.org\/fr\/wp-json\/wp\/v2\/posts\/15010\/revisions\/15014"}],"wp:featuredmedia":[{"embeddable":true,"href":"https:\/\/caritasrwanda.org\/fr\/wp-json\/wp\/v2\/media\/15011"}],"wp:attachment":[{"href":"https:\/\/caritasrwanda.org\/fr\/wp-json\/wp\/v2\/media?parent=15010"}],"wp:term":[{"taxonomy":"category","embeddable":true,"href":"https:\/\/caritasrwanda.org\/fr\/wp-json\/wp\/v2\/categories?post=15010"},{"taxonomy":"post_tag","embeddable":true,"href":"https:\/\/caritasrwanda.org\/fr\/wp-json\/wp\/v2\/tags?post=15010"}],"curies":[{"name":"wp","href":"https:\/\/api.w.org\/{rel}","templated":true}]}}