{"id":14972,"date":"2023-08-11T08:15:37","date_gmt":"2023-08-11T08:15:37","guid":{"rendered":"https:\/\/caritasrwanda.org\/fr\/?p=14972"},"modified":"2023-08-11T08:15:37","modified_gmt":"2023-08-11T08:15:37","slug":"karongi-caritas-rwanda-et-ses-partenaires-ont-mene-une-mobilisation-communautaire-sur-la-prevention-de-grossesses-chez-les-adolescentes","status":"publish","type":"post","link":"https:\/\/caritasrwanda.org\/fr\/karongi-caritas-rwanda-et-ses-partenaires-ont-mene-une-mobilisation-communautaire-sur-la-prevention-de-grossesses-chez-les-adolescentes\/","title":{"rendered":"Karongi : Caritas Rwanda et ses partenaires ont men\u00e9 une mobilisation communautaire sur la pr\u00e9vention de grossesses chez les adolescentes"},"content":{"rendered":"<p>En partenariat avec les \u00e9glises du District de Karongi et du secteur de Ruganda, le 10 Ao\u00fbt 2023, Caritas Rwanda, par le biais de son programme USAID Igire-Gimbuka, a men\u00e9 une mobilisation communautaire pour sensibiliser a la prevention de la Violence Bas\u00e9e sur le Genre (VBG) et des grossesses chez les adolescentes. Le message a \u00e9t\u00e9 d\u00e9livr\u00e9 \u00e0 travers des sermons, des matchs de football, des pr\u00e9sentations de clubs SRHR sous le th\u00e8me : \u201cPr\u00e9venir la VBG : \u00c7a commence par moi\u201d.<\/p>\n<p>Cette mobilisation communautaire avait les objectifs suivants :<\/p>\n<p>-Sensibiliser le public \u00e0 la pr\u00e9vention de la VBG en \u00e9duquant les gens sur les ses diff\u00e9rentes formes, ses cons\u00e9quences sur les survivants et l&#8217;importance de la pr\u00e9vention\u00a0;<\/p>\n<p>-Joindre ses forces avec des organisations confessionnelles pour impliquer les participants dans l&#8217;\u00e9ducation et promotion de la sensibilisation \u00e0 l&#8217;importance de s&#8217;abstenir de la fornication, de pr\u00e9venir la VBG et d\u2019\u00e9viter l\u2019abus des enfants, qui contribuent tous au probl\u00e8me des grossesses chez les adolescentes.<\/p>\n<p>-D\u00e9fier les normes et attitudes sociales n\u00e9fastes qui perp\u00e9tuent la GBV\u00a0;<\/p>\n<p>-Sensibiliser sur les services disponibles pour les victimes de VBG, les conseils, l&#8217;aide juridique et l&#8217;assistance m\u00e9dicale\u00a0;<\/p>\n<p>-Engager les hommes et les gar\u00e7ons : Reconnaissant que la VBG n&#8217;est pas uniquement un probl\u00e8me de femmes, la campagne communautaire cherchait \u00e0 engager les hommes et les gar\u00e7ons en tant qu&#8217;alli\u00e9s dans la pr\u00e9vention de la violence. Cela implique de remettre en question les r\u00f4les de genre traditionnels et de promouvoir une masculinit\u00e9 positive.<\/p>\n<p>L&#8217;\u00e9vang\u00e9liste Jacqueline Mukankuranga de l&#8217;\u00e9glise ADEPR, l&#8217;une des invit\u00e9es, a t\u00e9moign\u00e9 de la fa\u00e7on dont elle a commenc\u00e9 \u00e0 prendre de la drogue \u00e0 l&#8217;\u00e2ge de 9 ans et comment elle est devenue une travailleuse du sexe \u00e0 12 ans. Mais un jour, elle a entendu la parole de Dieu, et cela l&#8217;a d\u00e9tourn\u00e9e de faire le mal. Elle a appel\u00e9 les familles \u00e0 \u00e9viter les conflits domestiques car ils sont parfois \u00e0 l&#8217;origine du mauvais comportements des enfants, et a encourag\u00e9 les adolescentes \u00e0 dire non aux hommes qui veulent les abuser sexuellement.<\/p>\n<figure id=\"attachment_14974\" aria-describedby=\"caption-attachment-14974\" style=\"width: 570px\" class=\"wp-caption aligncenter\"><img loading=\"lazy\" decoding=\"async\" class=\"size-medium wp-image-14974\" src=\"https:\/\/caritasrwanda.org\/fr\/wp-content\/uploads\/2023\/08\/162A5076-570x430.jpg\" alt=\"\" width=\"570\" height=\"430\" \/><figcaption id=\"caption-attachment-14974\" class=\"wp-caption-text\">Evang\u00e9liste Jacqueline Mukankuranga qui a pr\u00each\u00e9 la parole de Dieu.<\/figcaption><\/figure>\n<p>Au cours de cette mobilisation communautaire, le Commandant en chef charg\u00e9 d\u2019Investigation dans le district de Karongi, Kamari R\u00e9my, a expliqu\u00e9 les diff\u00e9rentes formes de VBG et comment la survivante de VBG peut obtenir du soutien.<\/p>\n<p>Quant \u00e0 Ntakirutimana Jean, DCOP du programme Igire-Gimbuka, il a appel\u00e9 les gens \u00e0 s&#8217;aimer fraternellement, que les hommes doivent aimer les enfants des autres comme les leurs et \u00e9viter de les abuser.<\/p>\n<p>L\u2019\u00e9quipe de football des filles de la cellule de Rubona a \u00e9limin\u00e9 l\u2019\u00e9quipe de football des filles de la cellule de Rugobagoba avec 1 but contre 0 dans la comp\u00e9tition pr\u00e9par\u00e9e pour cette mobilisation communautaire sur la VBG et la pr\u00e9vention des grossesses chez les adolescentes.<\/p>\n<p>L\u2019\u00e9quipe de football des gar\u00e7ons de la Cellule de Rugobagoba a remport\u00e9 la comp\u00e9tition avec un but contre z\u00e9ro de l\u2019\u00e9quipe de football des gar\u00e7ons de la Cellule de Kabingo. Les deux \u00e9quipe vainqueurs (Filles &amp; Gar\u00e7ons) ont re\u00e7u le prix de 200.000 Frw chacune tandis que les secondes \u00e9quipes (filles et gar\u00e7ons) ont re\u00e7u 100.000 Frw chacune. Cette comp\u00e9tition a r\u00e9uni 16 \u00e9quipe de football de 8 cellules du secteur Rugabano, dont 8 de filles et 8 de gar\u00e7ons.<\/p>\n<figure id=\"attachment_14975\" aria-describedby=\"caption-attachment-14975\" style=\"width: 570px\" class=\"wp-caption aligncenter\"><img loading=\"lazy\" decoding=\"async\" class=\"size-medium wp-image-14975\" src=\"https:\/\/caritasrwanda.org\/fr\/wp-content\/uploads\/2023\/08\/162A5280-570x430.jpg\" alt=\"\" width=\"570\" height=\"430\" \/><figcaption id=\"caption-attachment-14975\" class=\"wp-caption-text\">Equipe de football des gar\u00e7ons de la Cellule de Rugobagoba a remport\u00e9 la comp\u00e9tition en \u00e9liminant\u00a0l\u2019\u00e9quipe de football des gar\u00e7ons de la Cellule de Kabingo (1-0).<\/figcaption><\/figure>\n<p>&nbsp;<\/p>\n<figure id=\"attachment_14976\" aria-describedby=\"caption-attachment-14976\" style=\"width: 570px\" class=\"wp-caption aligncenter\"><img loading=\"lazy\" decoding=\"async\" class=\"size-medium wp-image-14976\" src=\"https:\/\/caritasrwanda.org\/fr\/wp-content\/uploads\/2023\/08\/162A5250-570x430.jpg\" alt=\"\" width=\"570\" height=\"430\" \/><figcaption id=\"caption-attachment-14976\" class=\"wp-caption-text\">L\u2019\u00e9quipe de football des filles de la cellule de Rubona a \u00e9limin\u00e9 l\u2019\u00e9quipe de football des filles de la cellule de Rugobagoba avec 1 but contre 0.<\/figcaption><\/figure>\n","protected":false},"excerpt":{"rendered":"<p>On the 3rd of June, the steering committee meeting of the Slovenia Government and Karitas Slovenija-funded Tube Aheza, Amazi Hafi Project was held at Home Saint-Jean. The meeting was graced by the Karongi district Vice Mayor in charge of Finance and Economic Development Mr NIRAGIRE Th\u00e9ophile, Mr NIYONSABA Cyriack, the Executive Secretary of the Rugabano sector and priests from the Gisovu, Nyange and Mukungu parishes located in the sectors<\/p>\n","protected":false},"author":1,"featured_media":14973,"comment_status":"open","ping_status":"open","sticky":false,"template":"","format":"standard","meta":{"footnotes":""},"categories":[30],"tags":[7,10],"class_list":["post-14972","post","type-post","status-publish","format-standard","has-post-thumbnail","hentry","category-news","tag-business","tag-travel"],"_links":{"self":[{"href":"https:\/\/caritasrwanda.org\/fr\/wp-json\/wp\/v2\/posts\/14972","targetHints":{"allow":["GET"]}}],"collection":[{"href":"https:\/\/caritasrwanda.org\/fr\/wp-json\/wp\/v2\/posts"}],"about":[{"href":"https:\/\/caritasrwanda.org\/fr\/wp-json\/wp\/v2\/types\/post"}],"author":[{"embeddable":true,"href":"https:\/\/caritasrwanda.org\/fr\/wp-json\/wp\/v2\/users\/1"}],"replies":[{"embeddable":true,"href":"https:\/\/caritasrwanda.org\/fr\/wp-json\/wp\/v2\/comments?post=14972"}],"version-history":[{"count":1,"href":"https:\/\/caritasrwanda.org\/fr\/wp-json\/wp\/v2\/posts\/14972\/revisions"}],"predecessor-version":[{"id":14977,"href":"https:\/\/caritasrwanda.org\/fr\/wp-json\/wp\/v2\/posts\/14972\/revisions\/14977"}],"wp:featuredmedia":[{"embeddable":true,"href":"https:\/\/caritasrwanda.org\/fr\/wp-json\/wp\/v2\/media\/14973"}],"wp:attachment":[{"href":"https:\/\/caritasrwanda.org\/fr\/wp-json\/wp\/v2\/media?parent=14972"}],"wp:term":[{"taxonomy":"category","embeddable":true,"href":"https:\/\/caritasrwanda.org\/fr\/wp-json\/wp\/v2\/categories?post=14972"},{"taxonomy":"post_tag","embeddable":true,"href":"https:\/\/caritasrwanda.org\/fr\/wp-json\/wp\/v2\/tags?post=14972"}],"curies":[{"name":"wp","href":"https:\/\/api.w.org\/{rel}","templated":true}]}}