{"id":14968,"date":"2023-08-09T19:30:00","date_gmt":"2023-08-09T19:30:00","guid":{"rendered":"https:\/\/caritasrwanda.org\/fr\/?p=14968"},"modified":"2023-08-09T19:30:00","modified_gmt":"2023-08-09T19:30:00","slug":"caritas-rwanda-a-fourni-lequipement-de-terrain-aux-volontaires-du-projet-pac","status":"publish","type":"post","link":"https:\/\/caritasrwanda.org\/fr\/caritas-rwanda-a-fourni-lequipement-de-terrain-aux-volontaires-du-projet-pac\/","title":{"rendered":"Caritas Rwanda a fourni l\u2019\u00e9quipement de terrain aux volontaires du projet PAC"},"content":{"rendered":"<p>Afin de faciliter leur travail, le 7 Ao\u00fbt 2023, Caritas Rwanda a distribu\u00e9 du mat\u00e9riel de terrain aux 50 volontaires de son projet PAC, travaillant dans les camps de r\u00e9fugi\u00e9s de Kiziba et Nyabiheke. Cet \u00e9quipement comprend des sacs \u00e0 dos, des bottes et des imperm\u00e9ables. Ces volontaires comprennent 23 du camp de r\u00e9fugi\u00e9s de Kiziba dans le district de Karongi et 27 du camp de Nyabiheke dans le district de Gatsibo. En plus de l&#8217;\u00e9quipement mentionn\u00e9 ci-dessus, ceux du camp de Nyabiheke ont re\u00e7u des v\u00e9los qui leur permettront des trajets pour s\u2019occuper des b\u00e9n\u00e9ficiaires du projet.<\/p>\n<p>Vanson Ngarambe, qui dirigeait l&#8217;\u00e9quipe en provenance du si\u00e8ge de Caritas Rwanda qui a livr\u00e9 l\u2019\u00e9quipement aux volontaires du camp de Kiziba, leur a dit que le message qu&#8217;il avait re\u00e7u du Secr\u00e9taire g\u00e9n\u00e9ral de Caritas Rwanda \u00e9tait de les remercier pour le bon travail qu&#8217;ils ont r\u00e9alis\u00e9 pour am\u00e9liorer les conditions de vie des b\u00e9n\u00e9ficiaires au cours des deux derni\u00e8res ann\u00e9es du projet. Il a ajout\u00e9 qu&#8217;ils sont tenus de bien prendre soin de ces outils de travail, et leur a encourag\u00e9 de viser haut pour la performance de la troisi\u00e8me ann\u00e9e qui vient de commencer.<\/p>\n<figure id=\"attachment_14970\" aria-describedby=\"caption-attachment-14970\" style=\"width: 570px\" class=\"wp-caption aligncenter\"><img loading=\"lazy\" decoding=\"async\" class=\"size-medium wp-image-14970\" src=\"https:\/\/caritasrwanda.org\/fr\/wp-content\/uploads\/2023\/08\/162A4725-570x430.jpg\" alt=\"\" width=\"570\" height=\"430\" \/><figcaption id=\"caption-attachment-14970\" class=\"wp-caption-text\">Vanson Ngarambe, s&#8217;adressant aux volontaires du Projet PAC dans le camp de Kiziba.<\/figcaption><\/figure>\n<p>Les b\u00e9n\u00e9ficiaires ont remerci\u00e9 Caritas Rwanda pour l&#8217;\u00e9quipement qu&#8217;ils ont re\u00e7u, comme ils l&#8217;avaient demand\u00e9 au Secr\u00e9taire G\u00e9n\u00e9ral de la Caritas Rwanda lors de sa visite l&#8217;ann\u00e9e derni\u00e8re. Ils ont assur\u00e9 qu&#8217;ils travailleront sans rel\u00e2che pour am\u00e9liorer beaucoup plus la condition de vie des b\u00e9n\u00e9ficiaires.<\/p>\n<p>PRM PAC est un projet de trois ans (Ao\u00fbt 2021 &#8211; Juillet 2024), financ\u00e9 par le Bureau Am\u00e9ricain de la Population, des R\u00e9fugi\u00e9s et des Migrations (connu sous le sigle anglais BPRM) et mis en \u0153uvre par World Vision et Caritas Rwanda.<\/p>\n<p>Ce projet a \u00e9t\u00e9 mis en place pour renforcer les capacit\u00e9s de 1 500 familles de r\u00e9fugi\u00e9s vivant dans les camps de r\u00e9fugi\u00e9s de Nyabiheke et Kiziba et les communaut\u00e9s locales. Un partenariat a \u00e9t\u00e9 \u00e9tabli entre l&#8217;Agence des Nations Unies pour les r\u00e9fugi\u00e9s (HCR) et le Gouvernement du Rwanda, afin de les aider \u00e0 obtenir l\u2019autonomie financi\u00e8re et \u00e0 sortir de la cat\u00e9gorie des personnes vuln\u00e9rables pendant les 3 ans de mise en \u0153uvre du projet.<\/p>\n","protected":false},"excerpt":{"rendered":"<p>On the 3rd of June, the steering committee meeting of the Slovenia Government and Karitas Slovenija-funded Tube Aheza, Amazi Hafi Project was held at Home Saint-Jean. The meeting was graced by the Karongi district Vice Mayor in charge of Finance and Economic Development Mr NIRAGIRE Th\u00e9ophile, Mr NIYONSABA Cyriack, the Executive Secretary of the Rugabano sector and priests from the Gisovu, Nyange and Mukungu parishes located in the sectors<\/p>\n","protected":false},"author":1,"featured_media":14969,"comment_status":"open","ping_status":"open","sticky":false,"template":"","format":"standard","meta":{"footnotes":""},"categories":[30],"tags":[7,10],"class_list":["post-14968","post","type-post","status-publish","format-standard","has-post-thumbnail","hentry","category-news","tag-business","tag-travel"],"_links":{"self":[{"href":"https:\/\/caritasrwanda.org\/fr\/wp-json\/wp\/v2\/posts\/14968","targetHints":{"allow":["GET"]}}],"collection":[{"href":"https:\/\/caritasrwanda.org\/fr\/wp-json\/wp\/v2\/posts"}],"about":[{"href":"https:\/\/caritasrwanda.org\/fr\/wp-json\/wp\/v2\/types\/post"}],"author":[{"embeddable":true,"href":"https:\/\/caritasrwanda.org\/fr\/wp-json\/wp\/v2\/users\/1"}],"replies":[{"embeddable":true,"href":"https:\/\/caritasrwanda.org\/fr\/wp-json\/wp\/v2\/comments?post=14968"}],"version-history":[{"count":1,"href":"https:\/\/caritasrwanda.org\/fr\/wp-json\/wp\/v2\/posts\/14968\/revisions"}],"predecessor-version":[{"id":14971,"href":"https:\/\/caritasrwanda.org\/fr\/wp-json\/wp\/v2\/posts\/14968\/revisions\/14971"}],"wp:featuredmedia":[{"embeddable":true,"href":"https:\/\/caritasrwanda.org\/fr\/wp-json\/wp\/v2\/media\/14969"}],"wp:attachment":[{"href":"https:\/\/caritasrwanda.org\/fr\/wp-json\/wp\/v2\/media?parent=14968"}],"wp:term":[{"taxonomy":"category","embeddable":true,"href":"https:\/\/caritasrwanda.org\/fr\/wp-json\/wp\/v2\/categories?post=14968"},{"taxonomy":"post_tag","embeddable":true,"href":"https:\/\/caritasrwanda.org\/fr\/wp-json\/wp\/v2\/tags?post=14968"}],"curies":[{"name":"wp","href":"https:\/\/api.w.org\/{rel}","templated":true}]}}