{"id":14955,"date":"2023-07-28T17:24:11","date_gmt":"2023-07-28T17:24:11","guid":{"rendered":"https:\/\/caritasrwanda.org\/fr\/?p=14955"},"modified":"2023-07-31T07:27:17","modified_gmt":"2023-07-31T07:27:17","slug":"mahama-les-groupes-soutenus-par-le-projet-graduation-de-caritas-rwanda-ont-economise-plus-de-58-millions","status":"publish","type":"post","link":"https:\/\/caritasrwanda.org\/fr\/mahama-les-groupes-soutenus-par-le-projet-graduation-de-caritas-rwanda-ont-economise-plus-de-58-millions\/","title":{"rendered":"Mahama : Les groupes soutenus par le projet Graduation ont \u00e9conomis\u00e9 plus de 58 millions"},"content":{"rendered":"<p>Un an apr\u00e8s avoir \u00e9t\u00e9 cr\u00e9\u00e9s, 10 groupes d\u2019\u00e9pargne et de pr\u00eat interne connu sous le sigle anglais SILC, soutenus par le projet de Graduation financ\u00e9 par le HCR et mis en \u0153uvre par Caritas Rwanda, ont partag\u00e9 leur \u00e9pargne qui \u00e9quivaut \u00e0 plus de 58 millions de Frw. Ces groupes sont compos\u00e9s de 200 membres dont des r\u00e9fugi\u00e9s du camp de Mahama et des membres du communaut\u00e9 d\u2019accueil dans le district de Kirehe. Cet \u00e9v\u00e9nement a eu lieu dans le camp de r\u00e9fugi\u00e9s de Mahama, ce jeudi le 27 Juillet 2023.<\/p>\n<p>Le chef du camp de Mahama Vuganeza, Andr\u00e9, a f\u00e9licit\u00e9 les membres de ces groupes car ils ont r\u00e9ussi \u00e0 \u00e9conomiser beaucoup d&#8217;argent qui les aidera \u00e0 se d\u00e9velopper davantage en augmentant leur capital, mais leur a rappelle qu&#8217;ils doivent poursuivre dans cette direction en \u00e9vitant le gaspillage, l&#8217;ivresse et d&#8217;autres mauvaises habitudes qui peuvent les freiner au d\u00e9veloppement.<\/p>\n<p>Il s\u2019est r\u00e9joui de la bonne relation entre les r\u00e9fugi\u00e9s et les membres du communaut\u00e9 d\u2019accueil. <em>\u201cIls cultivent ensemble et personne ne vole la r\u00e9colte d\u2019autrui. \u00a0Il y a de quoi \u00eatre fier\u201d<\/em>.<\/p>\n<p>Les messages des autres invit\u00e9s tournaient aussi autour du remerciement aux groupes d\u2019\u00e9pargne pour le travail remarquable d&#8217;\u00e9conomiser 58.860.000 Frw, mais rappelaient qu&#8217;ils ont encore un long chemin \u00e0 parcourir car le progr\u00e8s se fait de jour en jour.<\/p>\n<p>Manzi Murenzi Vincent, le Secr\u00e9taire Ex\u00e9cutif du secteur de Mahama, a rappel\u00e9 aux membres de ces groupes de d\u2019\u00e9pargne qu&#8217;ils devraient travailler plus dur pour avoir un avenir meilleur. Il leur a rappel\u00e9 qu&#8217;ils n&#8217;ont plus besoin d&#8217;aide car ils ont fait un pas en avant pour acqu\u00e9rir leur autonomie financi\u00e8re par rapport au temps o\u00f9 ils n\u2019avaient pas encore commenc\u00e9 leurs activit\u00e9s g\u00e9n\u00e9ratrices de revenu. Faisant r\u00e9f\u00e9rence \u00e0 la culture de l&#8217;\u00e9pargne, il a d\u00e9clar\u00e9 : <em>\u201cD\u00e9pensez moins et \u00e9pargnez beaucoup plus, afin de pouvoir mieux construire votre avenir\u201d<\/em>.<\/p>\n<figure id=\"attachment_14962\" aria-describedby=\"caption-attachment-14962\" style=\"width: 570px\" class=\"wp-caption aligncenter\"><img loading=\"lazy\" decoding=\"async\" class=\"size-medium wp-image-14962\" src=\"https:\/\/caritasrwanda.org\/fr\/wp-content\/uploads\/2023\/07\/162A4419-570x430.jpg\" alt=\"\" width=\"570\" height=\"430\" \/><figcaption id=\"caption-attachment-14962\" class=\"wp-caption-text\">Manzi Murenzi Vincent, le Secr\u00e9taire Ex\u00e9cutif du Secteur Mahama, s&#8217;adressant aux participants.<\/figcaption><\/figure>\n<p><strong>T\u00e9moignages du jour <\/strong><\/p>\n<p>Musoni Innocent, l&#8217;un des b\u00e9n\u00e9ficiaires du projet de Graduation et l\u2019un des membres de la communaut\u00e9 d\u2019accueil a re\u00e7u une formation agricole et une aide financi\u00e8re de 800.000 Frw en Avril 2022. Il est membre du groupe d\u2019\u00e9pargne Icyerekezo Kampombo. Apr\u00e8s avoir re\u00e7u l\u2019aide financi\u00e8re, il a d\u00e9marr\u00e9 la culture de l\u00e9gumes qui lui est rentable. Il dispose aujourd\u2019hui d&#8217;un capital de 2.500.000 Frw.<\/p>\n<p>Musoni dit qu&#8217;avant d&#8217;\u00eatre aid\u00e9 par le projet de Graduation, il cultivait des l\u00e9gumes sur une petite surface et \u00e7a ne lui rapportait pas. Mais, apr\u00e8s la formation, il a cultiv\u00e9 les l\u00e9gumes en suivant les techniques apprises et a gagn\u00e9 beaucoup d\u2019argent. Il cultive actuellement sur un hectare de terre dans un valley, lou\u00e9 \u00e0 350 000 Frw par an. <em>\u201cAujourd\u2019hui, om me propose 400.000 Frw pour les choux que j&#8217;ai plant\u00e9s et 1.900.000 Frw pour les oignons\u201d<\/em>.<\/p>\n<figure id=\"attachment_14963\" aria-describedby=\"caption-attachment-14963\" style=\"width: 570px\" class=\"wp-caption aligncenter\"><img loading=\"lazy\" decoding=\"async\" class=\"size-medium wp-image-14963\" src=\"https:\/\/caritasrwanda.org\/fr\/wp-content\/uploads\/2023\/07\/162A4313-1-570x430.jpg\" alt=\"\" width=\"570\" height=\"430\" \/><figcaption id=\"caption-attachment-14963\" class=\"wp-caption-text\">Musoni Innocent, un des b\u00e9n\u00e9ficiaires du projet de Graduation, cultive des l\u00e9gumes, ce qui lui a permi de se d\u00e9velopper \u00e9conomiquement.<\/figcaption><\/figure>\n<p>Une autre b\u00e9n\u00e9ficiaire au nom de Ndayarinze Marie Louise a d\u00e9clar\u00e9 avoir re\u00e7u une formation avec une aide financi\u00e8re de 800 000 Frw et avoir commenc\u00e9 \u00e0 produire des paniers en plastique. Elle vend et gagne de l&#8217;argent, et a commenc\u00e9 \u00e0 former ceux qui le veulent moyennant paiement. Elle a d\u00e9j\u00e0 particip\u00e9 aux trois expositions.<\/p>\n<p>Au cours de cet \u00e9v\u00e9nement, les invit\u00e9s ont fait le tour de diff\u00e9rentes activit\u00e9s g\u00e9n\u00e9ratrices de revenus de certains membres des groupes d\u2019\u00e9pargn\u00e9. Ils y avaient des commer\u00e7ants, des artisans, divers prestataires de services et des \u00e9leveurs.<\/p>\n<p>Le premier groupe, appel\u00e9 Icyerekezo cy\u2019Iterambere Kamombo, form\u00e9 de 20 membres du communaut\u00e9 d\u2019accueil a \u00e9pargn\u00e9 8.556.650 Frw. Le second s&#8217;appelle Twiyunge Duhindurubuzima, form\u00e9 de 19 r\u00e9fugi\u00e9s a \u00e9pargn\u00e9 8.386.100 Frw. Le troisi\u00e8me a \u00e9pargn\u00e9 6.979.700 Frw. Tous ces 3 premiers groupes ont re\u00e7u le prix d&#8217;appr\u00e9ciation.<\/p>\n<figure id=\"attachment_14964\" aria-describedby=\"caption-attachment-14964\" style=\"width: 570px\" class=\"wp-caption aligncenter\"><img loading=\"lazy\" decoding=\"async\" class=\"size-medium wp-image-14964\" src=\"https:\/\/caritasrwanda.org\/fr\/wp-content\/uploads\/2023\/07\/162A4390-570x430.jpg\" alt=\"\" width=\"570\" height=\"430\" \/><figcaption id=\"caption-attachment-14964\" class=\"wp-caption-text\">Remise du prix d\u2019appr\u00e9ciation au premier groupe Icyerekezo cy\u2019Iterambere Kamombo.<\/figcaption><\/figure>\n<p>Les groupes qui ont fait le partage de leur \u00e9pargne sont au nombre de 10 depuis l&#8217;an dernier. Pour cette ann\u00e9e le Projet de Graduation a cr\u00e9\u00e9 36 autres groupes d\u2019\u00e9pargne.<\/p>\n<p>&nbsp;<\/p>\n","protected":false},"excerpt":{"rendered":"<p>On the 3rd of June, the steering committee meeting of the Slovenia Government and Karitas Slovenija-funded Tube Aheza, Amazi Hafi Project was held at Home Saint-Jean. The meeting was graced by the Karongi district Vice Mayor in charge of Finance and Economic Development Mr NIRAGIRE Th\u00e9ophile, Mr NIYONSABA Cyriack, the Executive Secretary of the Rugabano sector and priests from the Gisovu, Nyange and Mukungu parishes located in the sectors<\/p>\n","protected":false},"author":1,"featured_media":14957,"comment_status":"open","ping_status":"open","sticky":false,"template":"","format":"standard","meta":{"footnotes":""},"categories":[30],"tags":[7,10],"class_list":["post-14955","post","type-post","status-publish","format-standard","has-post-thumbnail","hentry","category-news","tag-business","tag-travel"],"_links":{"self":[{"href":"https:\/\/caritasrwanda.org\/fr\/wp-json\/wp\/v2\/posts\/14955","targetHints":{"allow":["GET"]}}],"collection":[{"href":"https:\/\/caritasrwanda.org\/fr\/wp-json\/wp\/v2\/posts"}],"about":[{"href":"https:\/\/caritasrwanda.org\/fr\/wp-json\/wp\/v2\/types\/post"}],"author":[{"embeddable":true,"href":"https:\/\/caritasrwanda.org\/fr\/wp-json\/wp\/v2\/users\/1"}],"replies":[{"embeddable":true,"href":"https:\/\/caritasrwanda.org\/fr\/wp-json\/wp\/v2\/comments?post=14955"}],"version-history":[{"count":4,"href":"https:\/\/caritasrwanda.org\/fr\/wp-json\/wp\/v2\/posts\/14955\/revisions"}],"predecessor-version":[{"id":14966,"href":"https:\/\/caritasrwanda.org\/fr\/wp-json\/wp\/v2\/posts\/14955\/revisions\/14966"}],"wp:featuredmedia":[{"embeddable":true,"href":"https:\/\/caritasrwanda.org\/fr\/wp-json\/wp\/v2\/media\/14957"}],"wp:attachment":[{"href":"https:\/\/caritasrwanda.org\/fr\/wp-json\/wp\/v2\/media?parent=14955"}],"wp:term":[{"taxonomy":"category","embeddable":true,"href":"https:\/\/caritasrwanda.org\/fr\/wp-json\/wp\/v2\/categories?post=14955"},{"taxonomy":"post_tag","embeddable":true,"href":"https:\/\/caritasrwanda.org\/fr\/wp-json\/wp\/v2\/tags?post=14955"}],"curies":[{"name":"wp","href":"https:\/\/api.w.org\/{rel}","templated":true}]}}