{"id":14934,"date":"2023-07-21T11:02:25","date_gmt":"2023-07-21T11:02:25","guid":{"rendered":"https:\/\/caritasrwanda.org\/fr\/?p=14934"},"modified":"2023-07-21T11:08:16","modified_gmt":"2023-07-21T11:08:16","slug":"karongi-le-personnel-de-la-caritas-rwanda-et-de-la-caritas-nyundo-kibuye-ont-tenu-une-reunion-de-bonne-collaboration","status":"publish","type":"post","link":"https:\/\/caritasrwanda.org\/fr\/karongi-le-personnel-de-la-caritas-rwanda-et-de-la-caritas-nyundo-kibuye-ont-tenu-une-reunion-de-bonne-collaboration\/","title":{"rendered":"Karongi : Le personnel de la Caritas Rwanda et de la Caritas Nyundo-Kibuye ont tenu une r\u00e9union de bonne collaboration"},"content":{"rendered":"<p>Dans le but d&#8217;am\u00e9liorer la collaboration entre Caritas Rwanda et les Caritas du diocesaines, le personnel de la Caritas Rwanda et celui de la Caritas Nyundo-Kibuye ont tenu une r\u00e9union jeudi 13 juillet 2023.<\/p>\n<p>Lors de cette r\u00e9union, il y a eu les expos\u00e9s sur les activit\u00e9s des projets de la Caritas Rwanda op\u00e9rant dans le Dioc\u00e8se de Nyundo-Kibuye, afin que tous les employ\u00e9s puissent mieux comprendre les activit\u00e9s en cours. Comme l&#8217;a expliqu\u00e9 Abb\u00e9 Oscar Kagimbura, le Secr\u00e9taire G\u00e9n\u00e9ral de la Caritas Rwanda, le but de cette rencontre \u00e9tait de renforcer la bonne collaboration entre les deux Caritas. <em>\u201cCette r\u00e9union vise \u00e0 renforcer la bonne coop\u00e9ration entre Caritas Rwanda et Caritas Nyundo-Kibuye. Nous souhaitons que la collaboration soit meilleure car nous partageons tous le m\u00eame lien\u201d<\/em>, a d\u00e9clar\u00e9 Abb\u00e9 Oscar Kagimbura.<\/p>\n<p>Abb\u00e9 Oscar Kagimbura a appel\u00e9 \u00e0 chacun pr\u00e9sent dans la r\u00e9union de bien se comporter, \u00eatre soient honn\u00eates dans ce qu&#8217;ils font afin de continuer \u00e0 promouvoir la bonne image de la Caritas.<\/p>\n<figure id=\"attachment_14936\" aria-describedby=\"caption-attachment-14936\" style=\"width: 570px\" class=\"wp-caption aligncenter\"><img loading=\"lazy\" decoding=\"async\" class=\"size-medium wp-image-14936\" src=\"https:\/\/caritasrwanda.org\/fr\/wp-content\/uploads\/2023\/07\/162A4153-570x430.jpg\" alt=\"\" width=\"570\" height=\"430\" \/><figcaption id=\"caption-attachment-14936\" class=\"wp-caption-text\">Abb\u00e9 Oscar Kagimbura, SG de Caritas Rwanda (\u00e0 droite) et Abb\u00e9 Elie Hatangimbabazi, Directeur de Caritas Nyundo-Kibuye (\u00e0 gauche) s&#8217;adressant au personnel de deux Caritas.<\/figcaption><\/figure>\n<p>Les employ\u00e9s de deux dioc\u00e8ses ont t\u00e9moign\u00e9 de la fa\u00e7on dont ils collaborent les uns avec les autres. Parmi les exemples, figure le fait que dans chaque activit\u00e9 ils collaborent\u00a0les cur\u00e9s des paroisses et que les projets de la Caritas Rwanda envoient les rapports \u00e0 la Caritas du dioc\u00e8se de Nyundo-Kibuye. En plus, ils \u00e9tablissent ensemble le rapport qui est envoy\u00e9 aux partenaires du District de Karongi (JADF Kibuye).<\/p>\n<p>Abb\u00e9 Elie Hatangimbabazi, directeur de la Caritas Nyundo-Kibuye, a d\u00e9clar\u00e9 que la pr\u00e9sence de projets dans le dioc\u00e8se de Nyundo-Kibuye est une b\u00e9n\u00e9diction, est qu&#8217;ils permettent au Dioc\u00e8se de servir les habitants du district de Karongi qui ont besoin d\u2019aide. <em>\u201cQuand il y a un nouveau projet qui va \u00eatre mis en \u0153uvre dans le Dioc\u00e8se, avoir des informations sur ce projet nous aide parce que parfois les chr\u00e9tiens nous posent des questions \u00e0 ce propos alors que nous n&#8217;avons aucune information \u00e0 ce sujet. Ils ne connaissent pas la diff\u00e9rence entre Caritas Rwanda et Caritas Dioc\u00e8se, ce qui est bien parce que nous sommes Un\u201d<\/em>, a dit Abb\u00e9 Elie Hatangimbabazi.<\/p>\n<p>Abb\u00e9 Elie Hatangimbabazi a ajout\u00e9 qu&#8217;il est bon de fournir des informations \u00e0 temps car parfois les chr\u00e9tiens posent des questions sur les nouveaux projets et celui de Caritas Rwanda et ils n&#8217;ont re\u00e7u aucune information.<\/p>\n","protected":false},"excerpt":{"rendered":"<p>On the 3rd of June, the steering committee meeting of the Slovenia Government and Karitas Slovenija-funded Tube Aheza, Amazi Hafi Project was held at Home Saint-Jean. The meeting was graced by the Karongi district Vice Mayor in charge of Finance and Economic Development Mr NIRAGIRE Th\u00e9ophile, Mr NIYONSABA Cyriack, the Executive Secretary of the Rugabano sector and priests from the Gisovu, Nyange and Mukungu parishes located in the sectors<\/p>\n","protected":false},"author":1,"featured_media":14935,"comment_status":"open","ping_status":"open","sticky":false,"template":"","format":"standard","meta":{"footnotes":""},"categories":[30],"tags":[7,10],"class_list":["post-14934","post","type-post","status-publish","format-standard","has-post-thumbnail","hentry","category-news","tag-business","tag-travel"],"_links":{"self":[{"href":"https:\/\/caritasrwanda.org\/fr\/wp-json\/wp\/v2\/posts\/14934","targetHints":{"allow":["GET"]}}],"collection":[{"href":"https:\/\/caritasrwanda.org\/fr\/wp-json\/wp\/v2\/posts"}],"about":[{"href":"https:\/\/caritasrwanda.org\/fr\/wp-json\/wp\/v2\/types\/post"}],"author":[{"embeddable":true,"href":"https:\/\/caritasrwanda.org\/fr\/wp-json\/wp\/v2\/users\/1"}],"replies":[{"embeddable":true,"href":"https:\/\/caritasrwanda.org\/fr\/wp-json\/wp\/v2\/comments?post=14934"}],"version-history":[{"count":3,"href":"https:\/\/caritasrwanda.org\/fr\/wp-json\/wp\/v2\/posts\/14934\/revisions"}],"predecessor-version":[{"id":14938,"href":"https:\/\/caritasrwanda.org\/fr\/wp-json\/wp\/v2\/posts\/14934\/revisions\/14938"}],"wp:featuredmedia":[{"embeddable":true,"href":"https:\/\/caritasrwanda.org\/fr\/wp-json\/wp\/v2\/media\/14935"}],"wp:attachment":[{"href":"https:\/\/caritasrwanda.org\/fr\/wp-json\/wp\/v2\/media?parent=14934"}],"wp:term":[{"taxonomy":"category","embeddable":true,"href":"https:\/\/caritasrwanda.org\/fr\/wp-json\/wp\/v2\/categories?post=14934"},{"taxonomy":"post_tag","embeddable":true,"href":"https:\/\/caritasrwanda.org\/fr\/wp-json\/wp\/v2\/tags?post=14934"}],"curies":[{"name":"wp","href":"https:\/\/api.w.org\/{rel}","templated":true}]}}