{"id":14904,"date":"2023-06-16T15:17:56","date_gmt":"2023-06-16T15:17:56","guid":{"rendered":"https:\/\/caritasrwanda.org\/fr\/?p=14904"},"modified":"2023-06-16T15:18:45","modified_gmt":"2023-06-16T15:18:45","slug":"caritas-rwanda-a-joint-les-autres-partenaires-operant-dans-les-camps-de-nyabiheke-et-kiziba-pour-des-expositions-communes","status":"publish","type":"post","link":"https:\/\/caritasrwanda.org\/fr\/caritas-rwanda-a-joint-les-autres-partenaires-operant-dans-les-camps-de-nyabiheke-et-kiziba-pour-des-expositions-communes\/","title":{"rendered":"Caritas Rwanda a joint les autres partenaires op\u00e9rant dans les camps de Nyabiheke et Kiziba pour des expositions communes"},"content":{"rendered":"<p>Dans les pr\u00e9paratifs de la Journ\u00e9e mondiale des r\u00e9fugi\u00e9s c\u00e9l\u00e9br\u00e9e le 20 juin, Caritas Rwanda \u00e0 travers ses projets PAC et Graduation s&#8217;est joint aux autres partenaires mettant en \u0153uvre des projets dans les camps de Kiziba et Nyabiheke pour deux expositions tenues dans le district de Karongi (14-15 Juin) et dans le district de Gatsibo (15 Juin).<\/p>\n<p>Dans ces expositions, les diff\u00e9rents b\u00e9n\u00e9ficiaires du projet ont pr\u00e9sent\u00e9 leurs r\u00e9alisations gr\u00e2ce aux aides re\u00e7us des projets op\u00e9rant dans les deux camps. Certains d&#8217;entre eux avaient apport\u00e9 des marchandises \u00e0 vendre, des produits artisanaux, des ustensiles de cuisine, des produits agricoles, etc. D&#8217;autres vendaient des produits technologiques.<\/p>\n<p>Outre les b\u00e9n\u00e9ficiaires, les partenaires mettent en \u0153uvres leurs projets dans \u00a0les camps de r\u00e9fugi\u00e9s de Kiziba et Nyabiheke ont \u00e9galement expliqu\u00e9 ce qu&#8217;ils font et les r\u00e9alisations de leurs projets.<\/p>\n<p>Dans les tentes de Caritas Rwanda, les b\u00e9n\u00e9ficiaires du projet PAC (mis en \u0153uvre dans les camps de Kiziba et Nyabiheke) et du projet Graduation (mis en \u0153uvre dans les camps de Nyabiheke et Mahama) ont expos\u00e9 les sacs \u00e0 main qu&#8217;ils ont produits \u00e0 Kitenge (connus sous le nom de Made in Rwanda), ceux qui offrent les services d&#8217;Irembo avaien apport\u00e9 leurs ordinateurs et des machines d&#8217;impression, des couvertures de documents etc. D&#8217;autres ont pr\u00e9sent\u00e9 les tissus Kitenge, les v\u00eatements qu&#8217;ils vendent dans leurs boutiques, les motards ont expos\u00e9 leurs motos offertes par les projets PAC et Graduation, etc\u2026<\/p>\n<figure id=\"attachment_14907\" aria-describedby=\"caption-attachment-14907\" style=\"width: 570px\" class=\"wp-caption aligncenter\"><img loading=\"lazy\" decoding=\"async\" class=\"size-medium wp-image-14907\" src=\"https:\/\/caritasrwanda.org\/fr\/wp-content\/uploads\/2023\/06\/WhatsApp-Image-2023-06-14-at-14.45.02-570x430.jpeg\" alt=\"\" width=\"570\" height=\"430\" \/><figcaption id=\"caption-attachment-14907\" class=\"wp-caption-text\">Tente de Caritas Rwanda dans l&#8217;exposition Kiziba.<\/figcaption><\/figure>\n<p>Ce fut un \u00e9v\u00e9nement anim\u00e9 auquel ont particip\u00e9 les r\u00e9fugi\u00e9s et les membres de la communaut\u00e9 d&#8217;accueil, o\u00f9 ils ont eu l&#8217;occasion d&#8217;acheter ce dont ils avaient besoin. Les partenaires et les b\u00e9n\u00e9ficiaires de leurs projets ont utilis\u00e9 les haut-parleurs pour inviter les gens dans leurs stands.<\/p>\n<figure id=\"attachment_14908\" aria-describedby=\"caption-attachment-14908\" style=\"width: 570px\" class=\"wp-caption aligncenter\"><img loading=\"lazy\" decoding=\"async\" class=\"size-medium wp-image-14908\" src=\"https:\/\/caritasrwanda.org\/fr\/wp-content\/uploads\/2023\/06\/162A3478-570x430.jpg\" alt=\"\" width=\"570\" height=\"430\" \/><figcaption id=\"caption-attachment-14908\" class=\"wp-caption-text\">Tente de Caritas Rwanda dans l&#8217;exposition Nyabiheke.<\/figcaption><\/figure>\n<p>&nbsp;<\/p>\n<p><strong>Journ\u00e9e mondiale des r\u00e9fugi\u00e9s<\/strong><\/p>\n<p>Selon les t\u00e9moignages lors des expositions, les b\u00e9n\u00e9ficiaires des projets mis en \u0153uvre dans les camps sont les r\u00e9fugi\u00e9s et les membres des communaut\u00e9s d&#8217;accueil. Comme ils l&#8217;ont dit, travailler ensemble les a aid\u00e9s \u00e0 s&#8217;unir et \u00e0 partager leurs connaissances.<\/p>\n<p>Le th\u00e8me de la Journ\u00e9e mondiale des r\u00e9fugi\u00e9s pour cette ann\u00e9e est : \u00ab L&#8217;espoir loin de chez soi \u00bb.<\/p>\n<figure id=\"attachment_14906\" aria-describedby=\"caption-attachment-14906\" style=\"width: 570px\" class=\"wp-caption aligncenter\"><img loading=\"lazy\" decoding=\"async\" class=\"size-medium wp-image-14906\" src=\"https:\/\/caritasrwanda.org\/fr\/wp-content\/uploads\/2023\/06\/162A3648-570x430.jpg\" alt=\"\" width=\"570\" height=\"430\" \/><figcaption id=\"caption-attachment-14906\" class=\"wp-caption-text\">Photo du groupe de repr\u00e9sentants d&#8217;organisations partenaires mettant en \u0153uvre des projets dans le camp de r\u00e9fugi\u00e9s de Nyabiheke.<\/figcaption><\/figure>\n<p>Apr\u00e8s avoir visit\u00e9 l&#8217;exposition qui s&#8217;est tenue au march\u00e9 de Mugera dans le district de Gatsibo (15 juin), Evans Omari, le chef du bureau du HCR \u00e0 Kabarore (Gatsibo), a f\u00e9licit\u00e9 les partenaires pour cette activit\u00e9 exceptionnelle. Il a \u00e9galement remerci\u00e9 le Rwanda pour tout le travail accompli dans la promotion \u00e9conomique des r\u00e9fugi\u00e9s, o\u00f9 les b\u00e9n\u00e9ficiaires des projets comprennent \u00e0 la fois les r\u00e9fugi\u00e9s et les membres de la communaut\u00e9 d&#8217;accueil. <em>&#8220;Cela montre \u00e0 quel point le peuple rwandais est accueillant&#8221;<\/em>, a-t-il dit.<\/p>\n<p>La Journ\u00e9e internationale des r\u00e9fugi\u00e9s est organis\u00e9e par les Nations Unies chaque ann\u00e9e le 20 juin. Elle a \u00e9t\u00e9 con\u00e7ue pour c\u00e9l\u00e9brer et honorer les r\u00e9fugi\u00e9s du monde entier. Cette journ\u00e9e a \u00e9t\u00e9 c\u00e9l\u00e9br\u00e9e pour la premi\u00e8re fois le 20 juin 2021, en reconnaissance du 50<sup>\u00e8me<\/sup> anniversaire de la <em>Convention relative au statut des r\u00e9fugi\u00e9s de 1951<\/em>.<\/p>\n","protected":false},"excerpt":{"rendered":"<p>On the 3rd of June, the steering committee meeting of the Slovenia Government and Karitas Slovenija-funded Tube Aheza, Amazi Hafi Project was held at Home Saint-Jean. The meeting was graced by the Karongi district Vice Mayor in charge of Finance and Economic Development Mr NIRAGIRE Th\u00e9ophile, Mr NIYONSABA Cyriack, the Executive Secretary of the Rugabano sector and priests from the Gisovu, Nyange and Mukungu parishes located in the sectors<\/p>\n","protected":false},"author":1,"featured_media":14905,"comment_status":"open","ping_status":"open","sticky":false,"template":"","format":"standard","meta":{"footnotes":""},"categories":[30],"tags":[7,10],"class_list":["post-14904","post","type-post","status-publish","format-standard","has-post-thumbnail","hentry","category-news","tag-business","tag-travel"],"_links":{"self":[{"href":"https:\/\/caritasrwanda.org\/fr\/wp-json\/wp\/v2\/posts\/14904","targetHints":{"allow":["GET"]}}],"collection":[{"href":"https:\/\/caritasrwanda.org\/fr\/wp-json\/wp\/v2\/posts"}],"about":[{"href":"https:\/\/caritasrwanda.org\/fr\/wp-json\/wp\/v2\/types\/post"}],"author":[{"embeddable":true,"href":"https:\/\/caritasrwanda.org\/fr\/wp-json\/wp\/v2\/users\/1"}],"replies":[{"embeddable":true,"href":"https:\/\/caritasrwanda.org\/fr\/wp-json\/wp\/v2\/comments?post=14904"}],"version-history":[{"count":2,"href":"https:\/\/caritasrwanda.org\/fr\/wp-json\/wp\/v2\/posts\/14904\/revisions"}],"predecessor-version":[{"id":14910,"href":"https:\/\/caritasrwanda.org\/fr\/wp-json\/wp\/v2\/posts\/14904\/revisions\/14910"}],"wp:featuredmedia":[{"embeddable":true,"href":"https:\/\/caritasrwanda.org\/fr\/wp-json\/wp\/v2\/media\/14905"}],"wp:attachment":[{"href":"https:\/\/caritasrwanda.org\/fr\/wp-json\/wp\/v2\/media?parent=14904"}],"wp:term":[{"taxonomy":"category","embeddable":true,"href":"https:\/\/caritasrwanda.org\/fr\/wp-json\/wp\/v2\/categories?post=14904"},{"taxonomy":"post_tag","embeddable":true,"href":"https:\/\/caritasrwanda.org\/fr\/wp-json\/wp\/v2\/tags?post=14904"}],"curies":[{"name":"wp","href":"https:\/\/api.w.org\/{rel}","templated":true}]}}