{"id":14898,"date":"2023-06-16T07:46:27","date_gmt":"2023-06-16T07:46:27","guid":{"rendered":"https:\/\/caritasrwanda.org\/fr\/?p=14898"},"modified":"2023-06-16T07:46:27","modified_gmt":"2023-06-16T07:46:27","slug":"gatsibo-caritas-rwanda-plan-international-rwanda-et-le-district-de-gatsibo-ont-effectue-une-visite-aux-maisons-de-developpement-de-la-petite-enfance-ecds-soutenues-par-ecd-projet","status":"publish","type":"post","link":"https:\/\/caritasrwanda.org\/fr\/gatsibo-caritas-rwanda-plan-international-rwanda-et-le-district-de-gatsibo-ont-effectue-une-visite-aux-maisons-de-developpement-de-la-petite-enfance-ecds-soutenues-par-ecd-projet\/","title":{"rendered":"Gatsibo : Caritas Rwanda, Plan International Rwanda et le District de Gatsibo ont effectu\u00e9 une visite aux maisons de D\u00e9veloppement de la Petite Enfance (ECDs) soutenues par ECD Projet"},"content":{"rendered":"<p>Du 12 au 13 juin 2023, Caritas Rwanda, Plan International Rwanda et le District de Gatsibo ont fait une visite conjointe sur le terrain aux maisons de D\u00e9veloppement de la Petite Enfance (commun\u00e9ment connues sous le nom de ECDs) dans les secteurs de Kabarore, Rwimbogo, Kiziguro et Murambi soutenus par le Projet ECD, afin de recueillir les commentaires des b\u00e9n\u00e9ficiaires et parents ; et informer la mise en \u0153uvre du projet.<\/p>\n<p>La visite conjointe sur le terrain avait \u00e9galement les objectifs suivants : identifier les d\u00e9fis rencontr\u00e9s et trouver conjointement des solutions, et faciliter une collaboration harmonieuse entre les dirigeants locaux et le personnel de terrain.<\/p>\n<p>En g\u00e9n\u00e9ral, les ECDs visit\u00e9s ont \u00e9t\u00e9 jug\u00e9s efficaces, mais pas au m\u00eame niveau. Il a \u00e9t\u00e9 conseill\u00e9 aux ECDs dont les enfants \u00e9tudient une fois par semaine de se r\u00e9unir au moins 3 fois par semaine pour assurer le d\u00e9veloppement holistique des enfants. Comme les enfants ont besoin d&#8217;\u00eatre nourris pendant qu&#8217;ils sont dans l&#8217;ECD, les parents ont \u00e9t\u00e9 encourag\u00e9s \u00e0 contribuer pour l\u2019obtention de la bouillie en partenariat avec le Projet ECD.<\/p>\n<p>Lors de cette visite de terrain conjointe, l\u2019ECD <em>\u201cTumurere\u201d<\/em> situ\u00e9 dans le Secteur de Rwimbogo a \u00e9t\u00e9 appr\u00e9ci\u00e9 car les parents s&#8217;occupent des enfants \u00e0 tour de r\u00f4le et ont cr\u00e9\u00e9 ensemble un groupe communautaire d&#8217;\u00e9pargne et de cr\u00e9dit interne qui les aide \u00e0 se d\u00e9velopper \u00e9conomiquement. Apr\u00e8s les discussions, les parents qui ont des enfants dans cet ECD \u00e0 domicile ont d\u00e9cid\u00e9 d&#8217;acheter des uniformes pour leurs enfants dans les deux mois et de leur apprendre \u00e0 se nourrir avec des cuill\u00e8res ou des fourchettes car jusqu&#8217;\u00e0 pr\u00e9sent, les enfants se nourrissaient avec leurs mains.<\/p>\n<p>Pour que les enfants aient une alimentation \u00e9quilibr\u00e9e, les ECD \u00e0 domicile ont cultiv\u00e9 des l\u00e9gumes verts en utilisant des techniques d&#8217;agriculture bio-intensive (BIAT).<\/p>\n<figure id=\"attachment_14900\" aria-describedby=\"caption-attachment-14900\" style=\"width: 570px\" class=\"wp-caption aligncenter\"><img loading=\"lazy\" decoding=\"async\" class=\"size-medium wp-image-14900\" src=\"https:\/\/caritasrwanda.org\/fr\/wp-content\/uploads\/2023\/06\/162A3043-570x430.jpg\" alt=\"\" width=\"570\" height=\"430\" \/><figcaption id=\"caption-attachment-14900\" class=\"wp-caption-text\">Un propri\u00e9taire n&#8217;une ECD expliquant \u00e0 l&#8217;\u00e9quipe de visite conjointe comment ils cultivent des l\u00e9gumes en utilisant des techniques d&#8217;agriculture bio-intensive (BIAT).<\/figcaption><\/figure>\n<p>L\u2019une des ECDs du secteur Murambi appel\u00e9e \u201cAgaciro\u201d \u00e9t\u00e9 beaucoup appr\u00e9ci\u00e9e car les 33 enfants qui s\u2019y trouvent \u00e9tudient du lundi au vendredi chaque semaine. Ils sont nourris les lundis, mercredis et vendredis tandis qu&#8217;on leur donne de la bouillie les mardis et jeudis. Ils re\u00e7oivent une alimentation \u00e9quilibr\u00e9e qui contient parfois des champignons que la famille d&#8217;accueil a cultiv\u00e9s avec le soutien de l\u2019organisation Imbaraga farmers sous le financement de Plan International Rwanda.<\/p>\n<figure id=\"attachment_14901\" aria-describedby=\"caption-attachment-14901\" style=\"width: 570px\" class=\"wp-caption aligncenter\"><img loading=\"lazy\" decoding=\"async\" class=\"size-medium wp-image-14901\" src=\"https:\/\/caritasrwanda.org\/fr\/wp-content\/uploads\/2023\/06\/162A3385-570x430.jpg\" alt=\"\" width=\"570\" height=\"430\" \/><figcaption id=\"caption-attachment-14901\" class=\"wp-caption-text\">Les enfants de l&#8217;ECD Agaciro en train de recevoir de la nourriture.<\/figcaption><\/figure>\n<p>Apr\u00e8s avoir visit\u00e9 les ECDs, l&#8217;\u00e9quipe conjointe de visite a encourag\u00e9 Kayijuka Jean Pierre et Uwiringiyimana Epiphanie, propri\u00e9taires de l\u2019ECD Agaciro, \u00e0 former les parents \u00e0 la culture de champignons chez eux, afin que cela les aide \u00e0 avoir une alimentation saine dans leurs familles.<\/p>\n<figure id=\"attachment_14902\" aria-describedby=\"caption-attachment-14902\" style=\"width: 570px\" class=\"wp-caption aligncenter\"><img loading=\"lazy\" decoding=\"async\" class=\"size-medium wp-image-14902\" src=\"https:\/\/caritasrwanda.org\/fr\/wp-content\/uploads\/2023\/06\/162A3359-570x430.jpg\" alt=\"\" width=\"570\" height=\"430\" \/><figcaption id=\"caption-attachment-14902\" class=\"wp-caption-text\">Uwiringiyimana Epiphanie, la propri\u00e9taire d&#8217;Agaciro ECD, expliquant \u00e0 l&#8217;\u00e9quipe de visite conjointe comment elle cultive des champignons.<\/figcaption><\/figure>\n<p>Parmi les 4 \u00e9coles visit\u00e9es, les parents de 3 d&#8217;entre elles ont cr\u00e9\u00e9 des groupes communautaires d&#8217;\u00e9pargne et de cr\u00e9dit interne pour les aider \u00e0 se d\u00e9velopper.<\/p>\n<p>Le projet de d\u00e9veloppement de la petite enfance (ECD Project) est mis en \u0153uvre par Caritas Rwanda sous le financement de Plan International Rwanda. Le projet cible les enfants inscrits dans les ECDs ainsi que les parents en les formant \u00e0 l&#8217;\u00e9ducation de leurs enfants de la conception \u00e0 l&#8217;\u00e2ge de 6 ans, dans le but d&#8217;\u00e9veiller leur cerveau, de les pr\u00e9parer \u00e0 l&#8217;\u00e9cole, de leur donner une \u00e9ducation \u00e9quitable, de les prot\u00e9ger des maladies et de la malnutrition, ainsi que de toutes sortes de violences.<\/p>\n","protected":false},"excerpt":{"rendered":"<p>On the 3rd of June, the steering committee meeting of the Slovenia Government and Karitas Slovenija-funded Tube Aheza, Amazi Hafi Project was held at Home Saint-Jean. The meeting was graced by the Karongi district Vice Mayor in charge of Finance and Economic Development Mr NIRAGIRE Th\u00e9ophile, Mr NIYONSABA Cyriack, the Executive Secretary of the Rugabano sector and priests from the Gisovu, Nyange and Mukungu parishes located in the sectors<\/p>\n","protected":false},"author":1,"featured_media":14899,"comment_status":"open","ping_status":"open","sticky":false,"template":"","format":"standard","meta":{"footnotes":""},"categories":[30],"tags":[7,10],"class_list":["post-14898","post","type-post","status-publish","format-standard","has-post-thumbnail","hentry","category-news","tag-business","tag-travel"],"_links":{"self":[{"href":"https:\/\/caritasrwanda.org\/fr\/wp-json\/wp\/v2\/posts\/14898","targetHints":{"allow":["GET"]}}],"collection":[{"href":"https:\/\/caritasrwanda.org\/fr\/wp-json\/wp\/v2\/posts"}],"about":[{"href":"https:\/\/caritasrwanda.org\/fr\/wp-json\/wp\/v2\/types\/post"}],"author":[{"embeddable":true,"href":"https:\/\/caritasrwanda.org\/fr\/wp-json\/wp\/v2\/users\/1"}],"replies":[{"embeddable":true,"href":"https:\/\/caritasrwanda.org\/fr\/wp-json\/wp\/v2\/comments?post=14898"}],"version-history":[{"count":1,"href":"https:\/\/caritasrwanda.org\/fr\/wp-json\/wp\/v2\/posts\/14898\/revisions"}],"predecessor-version":[{"id":14903,"href":"https:\/\/caritasrwanda.org\/fr\/wp-json\/wp\/v2\/posts\/14898\/revisions\/14903"}],"wp:featuredmedia":[{"embeddable":true,"href":"https:\/\/caritasrwanda.org\/fr\/wp-json\/wp\/v2\/media\/14899"}],"wp:attachment":[{"href":"https:\/\/caritasrwanda.org\/fr\/wp-json\/wp\/v2\/media?parent=14898"}],"wp:term":[{"taxonomy":"category","embeddable":true,"href":"https:\/\/caritasrwanda.org\/fr\/wp-json\/wp\/v2\/categories?post=14898"},{"taxonomy":"post_tag","embeddable":true,"href":"https:\/\/caritasrwanda.org\/fr\/wp-json\/wp\/v2\/tags?post=14898"}],"curies":[{"name":"wp","href":"https:\/\/api.w.org\/{rel}","templated":true}]}}