{"id":14888,"date":"2023-06-12T20:28:00","date_gmt":"2023-06-12T20:28:00","guid":{"rendered":"https:\/\/caritasrwanda.org\/fr\/?p=14888"},"modified":"2023-06-12T20:28:00","modified_gmt":"2023-06-12T20:28:00","slug":"campagne-contre-la-violence-faite-aux-enfants-dans-la-paroisse-de-gakeri","status":"publish","type":"post","link":"https:\/\/caritasrwanda.org\/fr\/campagne-contre-la-violence-faite-aux-enfants-dans-la-paroisse-de-gakeri\/","title":{"rendered":"Campagne contre la violence faite aux enfants dans la Paroisse de Gakeri"},"content":{"rendered":"<p>En partenariat avec la Paroisse catholique Gakeri du Dioc\u00e8se de Nyundo, dans le District de Rutsiro, mardi le 20 juin 2023, Caritas Rwanda (\u00e0 travers son programme Igire-Gimbuka) a conduit une campagne contre la violence faite aux enfants. Cette campagne a co\u00efncid\u00e9 avec la cl\u00f4ture de la semaine catholique de l&#8217;\u00e9ducation dans cette paroisse.<\/p>\n<p>La semaine de l&#8217;\u00e9ducation avait pour th\u00e8me : &#8220;Elevons un enfant capable et poli.&#8221; Selon Abb\u00e9 Ndayisaba Donatien qui a c\u00e9l\u00e9br\u00e9 la messe inaugurant la campagne, les parents devraient suivre de pr\u00e8s l&#8217;\u00e9ducation de leurs enfants, savoir leurs camarades de compagnie et les ramener dans le bon chemin au cas o\u00f9 ils commencent \u00e0 prendre de mauvaises habitudes. Les enfants peuvent aussi prodiguer des conseils si c&#8217;est n\u00e9cessaire.<\/p>\n<p>Lors de la campagne contre la violence faite aux enfants dans la Paroisse de Gakeri, les enfants en provenance de six \u00e9coles ont pr\u00e9sent\u00e9 des danses traditionnelles et prononc\u00e9 des po\u00e8mes dont les messages appelaient les enfants \u00e0 avoir une bonne \u00e9ducation et combattre contre la violence qui leur est faite.<\/p>\n<figure id=\"attachment_14890\" aria-describedby=\"caption-attachment-14890\" style=\"width: 570px\" class=\"wp-caption aligncenter\"><img loading=\"lazy\" decoding=\"async\" class=\"size-medium wp-image-14890\" src=\"https:\/\/caritasrwanda.org\/fr\/wp-content\/uploads\/2023\/06\/162A2510-570x430.jpg\" alt=\"\" width=\"570\" height=\"430\" \/><figcaption id=\"caption-attachment-14890\" class=\"wp-caption-text\">Les enfants ont pr\u00e9sent\u00e9 quelques danses traditionnelles.<\/figcaption><\/figure>\n<p>Les discours des diff\u00e9rents invit\u00e9s sont revenus \u00e0 la bonne \u00e9ducation des enfants, appelant les parents et les enseignants \u00e0 bien s&#8217;occuper des enfants, tandis que les enfants qui doivent tenir compte du bon conseil qu&#8217;ils re\u00e7oivent. Musangirumutima Gaspard, Chef d&#8217;District Chief Investivation RIB) dans le district de Rutsiro a encourag\u00e9 les enfants qui ont particip\u00e9 \u00e0 \u00e9viter la mauvaise compagnie qui leur conduisent parfois \u00e0 prendre de la drogue, de suivre les conseils de leurs enseignants et des parents, afin qu&#8217;ils deviennent de futurs bons citoyens du Rwanda.<\/p>\n<figure id=\"attachment_14891\" aria-describedby=\"caption-attachment-14891\" style=\"width: 570px\" class=\"wp-caption aligncenter\"><img loading=\"lazy\" decoding=\"async\" class=\"size-medium wp-image-14891\" src=\"https:\/\/caritasrwanda.org\/fr\/wp-content\/uploads\/2023\/06\/162A2572-570x430.jpg\" alt=\"\" width=\"570\" height=\"430\" \/><figcaption id=\"caption-attachment-14891\" class=\"wp-caption-text\">L&#8217;officier de RIB dans le District de Rutsiro du district s&#8217;adressant aux enfants pendant campagne.<\/figcaption><\/figure>\n<p>Les messages du jour ont \u00e9galement encourag\u00e9 les gens \u00e0 combattre contre la violence faite aux enfants qui conduit parfois \u00e0 la grossesse chez les adolescentes et les hommes \u00e0 \u00e9viter d&#8217;abuser sexuellement les enfants. Tout le monde a \u00e9t\u00e9 invit\u00e9 de rapporter \u00e0 temps toute forme de violence.<\/p>\n<p>Les banderoles que le Programme Igire-Gimbuka avait affich\u00e9s pendant la ceremonie portaient les messages suivant:<\/p>\n<p>-Que votre voix rejoint la n\u00f4tre. Arr\u00eatons les violences bas\u00e9es sur le genre.<br \/>\nProt\u00e9ger et rapporter la violence sans tarder.<\/p>\n<p>&#8211; Hommes, votre r\u00f4le est important dans la lutte contre la maltraitance des enfants.<\/p>\n<p>-\u00c9vite de te laisser tromper par ceux qui veulent salir ton avenir.<\/p>\n<p>Pendant la c\u00e9r\u00e9monie, les enfants des \u00e9coles primaires du secondaire qui ont \u00e9t\u00e9 performants ont re\u00e7u du mat\u00e9riel scolaire comme r\u00e9compense.<\/p>\n","protected":false},"excerpt":{"rendered":"<p>On the 3rd of June, the steering committee meeting of the Slovenia Government and Karitas Slovenija-funded Tube Aheza, Amazi Hafi Project was held at Home Saint-Jean. The meeting was graced by the Karongi district Vice Mayor in charge of Finance and Economic Development Mr NIRAGIRE Th\u00e9ophile, Mr NIYONSABA Cyriack, the Executive Secretary of the Rugabano sector and priests from the Gisovu, Nyange and Mukungu parishes located in the sectors<\/p>\n","protected":false},"author":1,"featured_media":14889,"comment_status":"open","ping_status":"open","sticky":false,"template":"","format":"standard","meta":{"footnotes":""},"categories":[30],"tags":[7,10],"class_list":["post-14888","post","type-post","status-publish","format-standard","has-post-thumbnail","hentry","category-news","tag-business","tag-travel"],"_links":{"self":[{"href":"https:\/\/caritasrwanda.org\/fr\/wp-json\/wp\/v2\/posts\/14888","targetHints":{"allow":["GET"]}}],"collection":[{"href":"https:\/\/caritasrwanda.org\/fr\/wp-json\/wp\/v2\/posts"}],"about":[{"href":"https:\/\/caritasrwanda.org\/fr\/wp-json\/wp\/v2\/types\/post"}],"author":[{"embeddable":true,"href":"https:\/\/caritasrwanda.org\/fr\/wp-json\/wp\/v2\/users\/1"}],"replies":[{"embeddable":true,"href":"https:\/\/caritasrwanda.org\/fr\/wp-json\/wp\/v2\/comments?post=14888"}],"version-history":[{"count":1,"href":"https:\/\/caritasrwanda.org\/fr\/wp-json\/wp\/v2\/posts\/14888\/revisions"}],"predecessor-version":[{"id":14892,"href":"https:\/\/caritasrwanda.org\/fr\/wp-json\/wp\/v2\/posts\/14888\/revisions\/14892"}],"wp:featuredmedia":[{"embeddable":true,"href":"https:\/\/caritasrwanda.org\/fr\/wp-json\/wp\/v2\/media\/14889"}],"wp:attachment":[{"href":"https:\/\/caritasrwanda.org\/fr\/wp-json\/wp\/v2\/media?parent=14888"}],"wp:term":[{"taxonomy":"category","embeddable":true,"href":"https:\/\/caritasrwanda.org\/fr\/wp-json\/wp\/v2\/categories?post=14888"},{"taxonomy":"post_tag","embeddable":true,"href":"https:\/\/caritasrwanda.org\/fr\/wp-json\/wp\/v2\/tags?post=14888"}],"curies":[{"name":"wp","href":"https:\/\/api.w.org\/{rel}","templated":true}]}}